{"id":291224,"date":"2025-08-02T11:26:29","date_gmt":"2025-08-02T11:26:29","guid":{"rendered":"https:\/\/www.europesays.com\/fr\/291224\/"},"modified":"2025-08-02T11:26:29","modified_gmt":"2025-08-02T11:26:29","slug":"le-royaume-uni-se-dit-pret-a-envoyer-des-troupes-en-ukraine-si-la-paix-est-conclue","status":"publish","type":"post","link":"https:\/\/www.europesays.com\/fr\/291224\/","title":{"rendered":"Le Royaume-Uni\u00a0se dit pr\u00eat \u00e0 envoyer des troupes en Ukraine, si la\u00a0paix est conclue"},"content":{"rendered":"<p>C&rsquo;est, pour lui, une premi\u00e8re. Le Premier ministre britannique, Keir\u00a0Starmer, a d\u00e9clar\u00e9, dimanche 16\u00a0f\u00e9vrier au soir, qu&rsquo;il \u00e9tait dispos\u00e9 \u00e0 envoyer des soldats britanniques en <a class=\"Link\" href=\"https:\/\/www.lepoint.fr\/tags\/ukraine\" rel=\"nofollow noopener\" target=\"_blank\">Ukraine<\/a> dans le cadre d&rsquo;une \u00e9ventuelle force de maintien de la paix post-guerre, alors que doivent s&rsquo;ouvrir cette semaine des n\u00e9gociations destin\u00e9es \u00e0 mettre fin au conflit. Une position imit\u00e9e peu de temps apr\u00e8s par la cheffe de la diplomatie su\u00e9doise.<\/p>\n<p>Le dirigeant britannique a dit ne pas avoir pris \u00e0 la l\u00e9g\u00e8re la d\u00e9cision de mettre \u00ab\u00a0en danger\u00a0\u00bb des soldats britanniques, mais a soulign\u00e9 que garantir une paix durable en Ukraine \u00e9tait essentiel pour dissuader le pr\u00e9sident russe, Vladimir Poutine, de lancer une nouvelle offensive.<\/p>\n<p>\u00c0 LIRE AUSSI <strong class=\"strong\"><a href=\"https:\/\/www.lepoint.fr\/monde\/comment-donald-trump-a-tourne-le-dos-a-volodymyr-zelensky-sur-l-ukraine-14-02-2025-2582428_24.php\" title=\"Trump torpille Zelensky\" style=\"text-decoration: none; color: inherit;\" data-gtm=\"click:capsule\" data-capsule=\"\u00c0 lire aussi\" rel=\"nofollow noopener\" target=\"_blank\">Trump torpille Zelensky<\/a><\/strong>Une d\u00e9l\u00e9gation am\u00e9ricaine doit se rendre cette semaine en Arabie saoudite afin d&rsquo;y rencontrer des repr\u00e9sentants russes, apr\u00e8s que le pr\u00e9sident am\u00e9ricain Donald Trump est\u00a0convenu, <a class=\"Link\" href=\"https:\/\/www.lepoint.fr\/monde\/ce-que-donald-trump-et-vladimir-poutine-se-sont-dit-sur-la-guerre-en-ukraine-au-telephone-12-02-2025-2582317_24.php\" title=\"\" data-gtm=\"click:capsule\" data-capsule=\"Lien\" rel=\"nofollow noopener\" target=\"_blank\">lors d&rsquo;un entretien t\u00e9l\u00e9phonique avec Vladimir Poutine<\/a>, d&rsquo;ouvrir des n\u00e9gociations destin\u00e9es \u00e0 mettre fin \u00e0 la guerre entre Moscou et Kiev.<\/p>\n<p>La fin de la guerre, pas \u00ab\u00a0une pause temporaire\u00a0\u00bb<\/p>\n<p>Le secr\u00e9taire d&rsquo;\u00c9tat am\u00e9ricain\u00a0Marco Rubio\u00a0a d\u00e9clar\u00e9 dimanche que l&rsquo;Ukraine et l&rsquo;Europe seraient impliqu\u00e9es dans toute \u00ab\u00a0n\u00e9gociation concr\u00e8te\u00a0\u00bb, d\u00e9crivant les discussions pr\u00e9vues en Arabie saoudite comme une opportunit\u00e9 pour Washington d&rsquo;\u00e9valuer les intentions de Moscou.\u00a0Pour sa part, Keir\u00a0Starmer\u00a0fait partie d&rsquo;une dizaine de dirigeants europ\u00e9ens attendus lundi \u00e0 Paris pour une <a class=\"Link\" href=\"https:\/\/www.lepoint.fr\/monde\/face-a-poutine-et-trump-macron-reunit-son-mini-conseil-de-securite-europeen-16-02-2025-2582556_24.php\" title=\"\" data-gtm=\"click:capsule\" data-capsule=\"Lien\" rel=\"nofollow noopener\" target=\"_blank\">r\u00e9union informelle destin\u00e9e \u00e0 tenter d&rsquo;\u00e9laborer une ou des r\u00e9ponses face aux initiatives am\u00e9ricaines<\/a> sur le dossier ukrainien et la s\u00e9curit\u00e9 du continent.<\/p>\n<p>La fin de la guerre entre la Russie et l&rsquo;Ukraine, quand elle sera scell\u00e9e, ne peut \u00ab\u00a0pas devenir une pause temporaire avant que Poutine n&rsquo;attaque \u00e0 nouveau\u00a0\u00bb, a \u00e9crit le dirigeant britannique dans une <a class=\"Link\" href=\"https:\/\/www.telegraph.co.uk\/politics\/2025\/02\/16\/keir-starmer-ready-to-put-british-troops-in-ukraine\/\" target=\"_blank\" title=\"\" data-gtm=\"click:capsule\" data-capsule=\"Lien\" rel=\"nofollow noopener\">tribune<\/a> publi\u00e9e par le journal Daily Telegraph.<\/p>\n<p>\u00c0 LIRE AUSSI <strong class=\"strong\"><a href=\"https:\/\/www.lepoint.fr\/monde\/les-europeens-vont-tenter-de-gagner-leur-place-entre-trump-et-poutine-15-02-2025-2582500_24.php\" title=\"Les Europ\u00e9ens vont tenter de gagner leur place entre Trump et Poutine\" style=\"text-decoration: none; color: inherit;\" data-gtm=\"click:capsule\" data-capsule=\"\u00c0 lire aussi\" rel=\"nofollow noopener\" target=\"_blank\">Les Europ\u00e9ens vont tenter de gagner leur place entre Trump et Poutine<\/a><\/strong>C&rsquo;est la premi\u00e8re fois que Starmer d\u00e9clare explicitement qu&rsquo;il envisage de d\u00e9ployer des soldats britanniques de la paix en Ukraine. Il avait d\u00e9j\u00e0 d\u00e9clar\u00e9 auparavant que la Grande-Bretagne \u00e9tait pr\u00eate \u00e0 jouer un r\u00f4le dans tout accord de paix qui serait n\u00e9goci\u00e9.\u00a0Dans l&rsquo;article, Starmer a d\u00e9clar\u00e9 qu&rsquo;il \u00e9tait pr\u00eat \u00e0 contribuer aux garanties de s\u00e9curit\u00e9 de l&rsquo;Ukraine en \u00ab\u00a0d\u00e9ployant [leurs] propres troupes sur le terrain si n\u00e9cessaire\u00a0\u00bb.<\/p>\n<p>La Su\u00e8de se propose \u00e9galement<\/p>\n<p>\u00ab\u00a0Je ne dis pas cela \u00e0 la l\u00e9g\u00e8re, a-t-il \u00e9crit. Je ressens tr\u00e8s profond\u00e9ment la responsabilit\u00e9 qui accompagne le fait de mettre potentiellement en danger des militaires britanniques.\u00a0\u00bb<\/p>\n<p>Peu apr\u00e8s les d\u00e9clarations de Londres, la Su\u00e8de s&rsquo;est aussi prononc\u00e9e pour envoyer des troupes en Ukraine dans le m\u00eame contexte. \u00ab\u00a0Nous devons maintenant d&rsquo;abord n\u00e9gocier une paix juste et durable qui respecte le droit international, qui respecte l&rsquo;Ukraine et qui, avant tout, garantit que la Russie ne puisse pas simplement se retirer, construire de nouvelles forces et attaquer l&rsquo;Ukraine ou un autre pays dans quelques ann\u00e9es seulement\u00a0\u00bb, a d\u00e9clar\u00e9 la ministre des Affaires \u00e9trang\u00e8res Maria Malmer Stenergard dans une interview. \u00ab\u00a0Une fois que nous aurons \u00e9tabli une telle paix, nous devrons nous assurer qu&rsquo;elle pourra \u00eatre maintenue et que notre gouvernement n&rsquo;exclura rien\u00a0\u00bb, a-t-elle ajout\u00e9.<\/p>\n<p>Dans le sillage de ses voisins europ\u00e9ens, le porte-parole des affaires \u00e9trang\u00e8res du parti allemand CDU, J\u00fcrgen Hardt, a \u00e9galement appuy\u00e9 l&rsquo;id\u00e9e d&rsquo;envoi de soldats\u00a0: \u00ab\u00a0Nous ne voulons pas intervenir avec des troupes dans cette guerre, mais au cas o\u00f9 il serait n\u00e9cessaire de d\u00e9ployer une force de paix pour surveiller la paix n\u00e9goci\u00e9e entre la Russie et l&rsquo;Ukraine, l&rsquo;Allemagne ne restera pas en retrait et assumera ses responsabilit\u00e9s\u00a0\u00bb, a rapport\u00e9 le\u00a0Times.<\/p>\n<p>Pour la Norv\u00e8ge, le moment n&rsquo;est pas venu<\/p>\n<p>Il a soulign\u00e9 que cela ne pouvait pas \u00eatre une \u00ab\u00a0fausse paix\u00a0\u00bb et qu&rsquo;une force de maintien de la paix aurait besoin d&rsquo;une \u00ab\u00a0base claire en droit international\u00a0\u00bb. Ses propos ont cependant \u00e9t\u00e9 nuanc\u00e9s par la porte-parole du gouvernement\u00a0: \u00ab\u00a0Nous nous sommes exprim\u00e9s \u00e0 plusieurs reprises sur le fait que nous devions d&rsquo;abord attendre de voir si et comment la paix, comme nous l&rsquo;esp\u00e9rons, s&rsquo;instaure en Ukraine\u00a0\u00bb, a ainsi d\u00e9clar\u00e9 Christiane Hoffmann. \u00ab\u00a0Ensuite, nous pourrons discuter des conditions et de la mani\u00e8re dont cela peut \u00eatre organis\u00e9.\u00a0\u00bb<\/p>\n<p>En Norv\u00e8ge, le Premier ministre Jonas Gahr St\u00f8re a jug\u00e9 que \u00ab\u00a0le moment n'(\u00e9tait) pas venu\u00a0\u00bb pour discuter de l&rsquo;envoi de soldats norv\u00e9giens. \u00ab\u00a0Ce n&rsquo;est pas encore le moment de tirer des conclusions sur la mani\u00e8re dont une garantie de s\u00e9curit\u00e9 devrait \u00eatre formul\u00e9e et sur le type de contribution \u00e0 y apporter\u00a0\u00bb, a-t-il insist\u00e9 au micro de la radio NRK.<\/p>\n<p>La position est identique en Pologne. \u00ab\u00a0La\u00a0Pologne\u00a0soutiendra l&rsquo;Ukraine comme elle l&rsquo;a fait jusqu&rsquo;\u00e0 pr\u00e9sent\u00a0: sur le plan organisationnel, en fonction de nos possibilit\u00e9s financi\u00e8res, humanitaires et militaires. Nous n&rsquo;envisageons pas d&rsquo;envoyer des soldats polonais sur le territoire de l&rsquo;Ukraine\u00a0\u00bb, a d\u00e9clar\u00e9 le Premier ministre Donald Tusk.<\/p>\n<p>\u00ab\u00a0Une question existentielle pour l&rsquo;Europe\u00a0\u00bb<\/p>\n<p>La semaine derni\u00e8re, le pr\u00e9sident am\u00e9ricain Donald Trump a surpris ses alli\u00e9s europ\u00e9ens au sein de l&rsquo;Otan et en Ukraine lorsqu&rsquo;il a annonc\u00e9 qu&rsquo;il avait eu une conversation t\u00e9l\u00e9phonique avec Poutine <a class=\"Link\" href=\"https:\/\/www.lepoint.fr\/monde\/guerre-en-ukraine-les-etats-unis-excluent-l-europe-de-la-table-des-negociations-15-02-2025-2582503_24.php\" title=\"\" data-gtm=\"click:capsule\" data-capsule=\"Lien\" rel=\"nofollow noopener\" target=\"_blank\">sans les consulter<\/a> et qu&rsquo;il allait lancer un processus de paix. L&rsquo;envoy\u00e9 de Trump pour l&rsquo;Ukraine, Keith Kellogg, a ensuite laiss\u00e9 entendre que l&rsquo;Ukraine et les autres dirigeants europ\u00e9ens n&rsquo;auraient pas leur place dans les n\u00e9gociations de paix.<\/p>\n<p>\u00c0 LIRE AUSSI <strong class=\"strong\"><a href=\"https:\/\/www.lepoint.fr\/monde\/guerre-en-ukraine-emmanuel-macron-donne-des-gages-a-l-electrochoc-trump-et-appelle-au-reveil-de-l-europe-14-02-2025-2582392_24.php\" title=\"Guerre en Ukraine\u00a0: Macron r\u00e9pond \u00e0 Trump et appelle\u00a0au r\u00e9veil de l&#039;Europe\" style=\"text-decoration: none; color: inherit;\" data-gtm=\"click:capsule\" data-capsule=\"\u00c0 lire aussi\" rel=\"nofollow noopener\" target=\"_blank\">Guerre en Ukraine\u00a0: Macron r\u00e9pond \u00e0 Trump et appelle\u00a0au r\u00e9veil de l&rsquo;Europe<\/a><\/strong><br \/>\n\u00c0 D\u00e9couvrir<br \/>\n<strong class=\"discover-kangourou__line\"><br \/>\n<img decoding=\"async\" class=\"discover-kangourou__img\" src=\"https:\/\/static.lpnt.fr\/static\/img\/kangourou\/kangourou_filled.svg\"\/><br \/>\n<strong class=\"discover-kangourou__txt\"><br \/>\n<strong>Le Kangourou du jour<\/strong><br \/>\n<a href=\"https:\/\/kangourou.lepoint.fr\" title=\"kangourou\" data-gtm-cta=\"kangourou_article\" class=\"discover-kangourou__lnk\" rel=\"nofollow noopener\" target=\"_blank\"><br \/>\nR\u00e9pondre<br \/>\n<\/a><br \/>\n<\/strong><br \/>\n<\/strong><br \/>\nStarmer devrait se rendre prochainement \u00e0 Washington et il a sugg\u00e9r\u00e9 dimanche que la Grande-Bretagne pourrait jouer un \u00ab\u00a0r\u00f4le unique\u00a0\u00bb dans les n\u00e9gociations pour mettre fin \u00e0 la guerre, en servant de pont entre l&rsquo;Europe et les \u00c9tats-Unis pendant le processus de paix en Ukraine. \u00ab\u00a0L&rsquo;Europe et l&rsquo;Am\u00e9rique doivent continuer \u00e0 travailler en \u00e9troite collaboration \u2013 et je crois que le Royaume-Uni peut jouer un r\u00f4le unique pour contribuer \u00e0 y parvenir\u00a0\u00bb, a-t-il d\u00e9clar\u00e9.<\/p>\n<p>\u00ab\u00a0Nous sommes face \u00e0 un moment unique en son genre pour la s\u00e9curit\u00e9 collective de notre continent. Il ne s&rsquo;agit pas seulement d&rsquo;une question concernant l&rsquo;avenir de l&rsquo;Ukraine. Il s&rsquo;agit d&rsquo;une question existentielle pour l&rsquo;Europe dans son ensemble.\u00a0\u00bb<\/p>\n<p>Toute l\u2019actualit\u00e9 \u00e0 1\u20ac le premier mois<\/p>\n<p><a href=\"https:\/\/abo.lepoint.fr\/?provenance=21EDI020098\" class=\"btn\" title=\"S&#039;abonner\" data-gtm=\"click:abo|display:abo\" data-campaign=\"paywall_maison\" rel=\"nofollow noopener\" target=\"_blank\">S&rsquo;abonner<\/a><\/p>\n<p>ou<\/p>\n","protected":false},"excerpt":{"rendered":"C&rsquo;est, pour lui, une premi\u00e8re. Le Premier ministre britannique, Keir\u00a0Starmer, a d\u00e9clar\u00e9, dimanche 16\u00a0f\u00e9vrier au soir, qu&rsquo;il \u00e9tait&hellip;\n","protected":false},"author":2,"featured_media":291225,"comment_status":"","ping_status":"","sticky":false,"template":"","format":"standard","meta":{"footnotes":""},"categories":[1588],"tags":[11,1777,674,12,473,1853,1851,1850,1852],"class_list":{"0":"post-291224","1":"post","2":"type-post","3":"status-publish","4":"format-standard","5":"has-post-thumbnail","7":"category-royaume-uni","8":"tag-actualites","9":"tag-eu","10":"tag-europe","11":"tag-news","12":"tag-royaume-uni","13":"tag-royaume-uni-de-grande-bretagne-et-dirlande-du-nord","14":"tag-uk","15":"tag-united-kingdom","16":"tag-united-kingdom-of-great-britain-and-northern-ireland"},"share_on_mastodon":{"url":"https:\/\/pubeurope.com\/@fr\/114958931415297903","error":""},"_links":{"self":[{"href":"https:\/\/www.europesays.com\/fr\/wp-json\/wp\/v2\/posts\/291224","targetHints":{"allow":["GET"]}}],"collection":[{"href":"https:\/\/www.europesays.com\/fr\/wp-json\/wp\/v2\/posts"}],"about":[{"href":"https:\/\/www.europesays.com\/fr\/wp-json\/wp\/v2\/types\/post"}],"author":[{"embeddable":true,"href":"https:\/\/www.europesays.com\/fr\/wp-json\/wp\/v2\/users\/2"}],"replies":[{"embeddable":true,"href":"https:\/\/www.europesays.com\/fr\/wp-json\/wp\/v2\/comments?post=291224"}],"version-history":[{"count":0,"href":"https:\/\/www.europesays.com\/fr\/wp-json\/wp\/v2\/posts\/291224\/revisions"}],"wp:featuredmedia":[{"embeddable":true,"href":"https:\/\/www.europesays.com\/fr\/wp-json\/wp\/v2\/media\/291225"}],"wp:attachment":[{"href":"https:\/\/www.europesays.com\/fr\/wp-json\/wp\/v2\/media?parent=291224"}],"wp:term":[{"taxonomy":"category","embeddable":true,"href":"https:\/\/www.europesays.com\/fr\/wp-json\/wp\/v2\/categories?post=291224"},{"taxonomy":"post_tag","embeddable":true,"href":"https:\/\/www.europesays.com\/fr\/wp-json\/wp\/v2\/tags?post=291224"}],"curies":[{"name":"wp","href":"https:\/\/api.w.org\/{rel}","templated":true}]}}