{"id":291236,"date":"2025-08-02T11:32:11","date_gmt":"2025-08-02T11:32:11","guid":{"rendered":"https:\/\/www.europesays.com\/fr\/291236\/"},"modified":"2025-08-02T11:32:11","modified_gmt":"2025-08-02T11:32:11","slug":"lheure-de-la-grande-explication-a-sonne-vivez-la-8e-etape-en-direct","status":"publish","type":"post","link":"https:\/\/www.europesays.com\/fr\/291236\/","title":{"rendered":"l\u2019heure de la grande explication a sonn\u00e9 ! Vivez la 8e \u00e9tape en direct"},"content":{"rendered":"<p>Ce direct est assur\u00e9 par les journalistes de la r\u00e9daction des sports de La Nouvelle R\u00e9publique.<\/p>\n<p>Avant-course<\/p>\n<p><strong>13 h 30.<\/strong> D\u2019ailleurs, Matthieu Unvoas nous a donn\u00e9 son pronostic pour la victoire de l\u2019\u00e9tape du jour. Sans surprise, cela penche plut\u00f4t pour les favorites.<\/p>\n<p>\u00ab Cette fois, LA bataille aura lieu en haut du sommet culminant de cette quatri\u00e8me \u00e9dition du Tour. Malgr\u00e9 sa chute \u00e0 Angers, je pense que Demi Vollering frappera un grand coup ce samedi. Avec un collectif impressionnant (Chabbey, Labous et Muzic) et ses qualit\u00e9s de grimpeuse, la Hollandaise devrait s&rsquo;imposer. Ses principales adversaires ? Forc\u00e9ment, nous avons envie de citer Gigante, Rooijakkers et Niewiadoma. Quid de Van der Breggen et Ferrand-Pr\u00e9vot ? Plus de doutes sur Le Court, l\u00e2ch\u00e9e dans Le Granier. C\u00e9drine Kerbaol me semble aussi un cran en dessous de toutes ces leaders. \u00bb<\/p>\n<p><strong>13 h 28. <\/strong>On a tellement vibr\u00e9 ces deux derniers jours avec la Fran\u00e7aise Ma\u00ebva Squiban, qu\u2019on va l\u2019\u00e9couter de nouveau lors de la conf\u00e9rence de presse qu\u2019elle a donn\u00e9e ce vendredi soir. Un moment capt\u00e9 par notre envoy\u00e9 sp\u00e9cial sur le Tour, Matthieu Unvoas.<\/p>\n<\/p>\n<p><strong>13 h 27. <\/strong>Qui dit \u00e9tape reine, dit plusieurs ascensions tr\u00e8s difficiles. Il n\u2019y aura pas d\u2019\u00e9chauffement pour le peloton. 100 m de plat, puis ce sera l\u2019heure du premier col, class\u00e9 en 1ere cat\u00e9gorie : le Col de Plainpalais (13,2 km \u00e0 6,3%), dont le sommet est situ\u00e9 \u00e0 98 km de l\u2019arriv\u00e9e. Puis il y aura une tr\u00e8s longue transition de 80 km environ, pour arriver au pied du Col de la Madeleine. Le sprint interm\u00e9diaire, \u00e0 Ch\u00e2teauneuf, se trouve \u00e0 55 km de l\u2019arriv\u00e9e. \ufeff<\/p>\n<p>Une c\u00f4te de 2e cat\u00e9gorie sera situ\u00e9e \u00e0 38 km du but. C\u2019est la C\u00f4te de Saint-Georges-d\u2019Hurti\u00e8res, longue de 4,8 km pour 5,9% de moyenne. Enfin, le peloton terminera avec le Col de la Madeleine, une ascension de 18,6 km \u00e0 8,1 % class\u00e9e hors-cat\u00e9gorie. La mont\u00e9e est assez r\u00e9guli\u00e8re, avec des pourcentages le plus souvent situ\u00e9s entre 7% et 9% de moyenne. Il y a une rupture \u00e0 mi-pente, avec un passage \u00e0 13,5%, suivi d\u2019un \u201creplat\u201d \u00e0 5,7 % sur un kilom\u00e8tre.<strong\/><\/p>\n<p><strong>13\u00a0h\u00a025. <\/strong>Bonjour \u00e0 toutes et \u00e0 tous, et bienvenue sur ce direct de la 8e\u00a0\u00e9tape du Tour de France femmes\u00a0! Pour l\u2019avant-dernier jour de course, ce samedi 2\u00a0ao\u00fbt 2025, le peloton va prendre beaucoup de hauteur, car l\u2019arriv\u00e9e sera jug\u00e9e au sommet du Col de la Madeleine, situ\u00e9 \u00e0 2.000\u00a0m d\u2019altitude tout rond\u00a0! Apr\u00e8s une semaine de course faite principalement d\u2019\u00e9tapes escarp\u00e9es, et qui ont permis de faire un premier tri parmi les pr\u00e9tendantes au g\u00e9n\u00e9ral, les favorites se retrouvent aujourd\u2019hui au pied du juge de paix, m\u00eame s\u2019il y aura une deuxi\u00e8me chance ce dimanche.<\/p>\n","protected":false},"excerpt":{"rendered":"Ce direct est assur\u00e9 par les journalistes de la r\u00e9daction des sports de La Nouvelle R\u00e9publique. Avant-course 13&hellip;\n","protected":false},"author":2,"featured_media":291237,"comment_status":"","ping_status":"","sticky":false,"template":"","format":"standard","meta":{"footnotes":""},"categories":[4],"tags":[328,11,207,1011,27,74,12,25,60,210],"class_list":{"0":"post-291236","1":"post","2":"type-post","3":"status-publish","4":"format-standard","5":"has-post-thumbnail","7":"category-france","8":"tag-a-la-une","9":"tag-actualites","10":"tag-cyclisme","11":"tag-fr","12":"tag-france","13":"tag-monde","14":"tag-news","15":"tag-republique-francaise","16":"tag-sports","17":"tag-tour-de-france"},"share_on_mastodon":{"url":"https:\/\/pubeurope.com\/@fr\/114958954843895425","error":""},"_links":{"self":[{"href":"https:\/\/www.europesays.com\/fr\/wp-json\/wp\/v2\/posts\/291236","targetHints":{"allow":["GET"]}}],"collection":[{"href":"https:\/\/www.europesays.com\/fr\/wp-json\/wp\/v2\/posts"}],"about":[{"href":"https:\/\/www.europesays.com\/fr\/wp-json\/wp\/v2\/types\/post"}],"author":[{"embeddable":true,"href":"https:\/\/www.europesays.com\/fr\/wp-json\/wp\/v2\/users\/2"}],"replies":[{"embeddable":true,"href":"https:\/\/www.europesays.com\/fr\/wp-json\/wp\/v2\/comments?post=291236"}],"version-history":[{"count":0,"href":"https:\/\/www.europesays.com\/fr\/wp-json\/wp\/v2\/posts\/291236\/revisions"}],"wp:featuredmedia":[{"embeddable":true,"href":"https:\/\/www.europesays.com\/fr\/wp-json\/wp\/v2\/media\/291237"}],"wp:attachment":[{"href":"https:\/\/www.europesays.com\/fr\/wp-json\/wp\/v2\/media?parent=291236"}],"wp:term":[{"taxonomy":"category","embeddable":true,"href":"https:\/\/www.europesays.com\/fr\/wp-json\/wp\/v2\/categories?post=291236"},{"taxonomy":"post_tag","embeddable":true,"href":"https:\/\/www.europesays.com\/fr\/wp-json\/wp\/v2\/tags?post=291236"}],"curies":[{"name":"wp","href":"https:\/\/api.w.org\/{rel}","templated":true}]}}