{"id":291238,"date":"2025-08-02T11:34:09","date_gmt":"2025-08-02T11:34:09","guid":{"rendered":"https:\/\/www.europesays.com\/fr\/291238\/"},"modified":"2025-08-02T11:34:09","modified_gmt":"2025-08-02T11:34:09","slug":"video-genesio-se-met-au-beach-volley-une-victoire-pour-meunier-des-sourires-au-stage-du-losc","status":"publish","type":"post","link":"https:\/\/www.europesays.com\/fr\/291238\/","title":{"rendered":"Vid\u00e9o : Genesio se met au beach volley, une victoire pour Meunier, des sourires au stage du LOSC"},"content":{"rendered":"<p><strong>Du c\u00f4t\u00e9 d\u2019Iserlohn, le stage de pr\u00e9saison se poursuit,<br \/>\nles activit\u00e9s s\u2019enchainent et l\u2019ambiance continue d\u2019\u00eatre au beau<br \/>\nfixe. Immersion dans le vestiaire lillois au travers de ce deuxi\u00e8me<br \/>\n\u00e9pisode du LOSC Summer Camp.\u00a0<\/strong><\/p>\n<p>Apr\u00e8s deux journ\u00e9es de travail, place \u00e0 la d\u00e9contraction pour<br \/>\nles Dogues. Footvolley, barbecue et karting \u00e9taient au programme<br \/>\npour les hommes de Bruno Genesio, l\u2019occasion de renforcer les liens<br \/>\ndu groupe et d\u2019int\u00e9grer les nouvelles recrues. Jour 3 et 4, le LOSC<br \/>\ncontinue de nous d\u00e9voiler les coulisses de son stage de<br \/>\npr\u00e9saison.<\/p>\n<p><strong>Jour 3<\/strong><\/p>\n<p>Troisi\u00e8me jour en Allemagne, ambiance d\u00e9tendue pour les Dogues.<br \/>\nCe jeudi, place au footvolley sous le soleil, avec un Bruno Genesio<br \/>\nparticuli\u00e8rement investi. Tr\u00e8s en jambes lors d\u2019une opposition<br \/>\nentre membres du staff, le technicien de 58 ans laissait<br \/>\ntranspara\u00eetre sa comp\u00e9titivit\u00e9 : \u00a0\u00bb Regarde, elle touche<br \/>\nla ligne, regarde !\u00a0\u00bb , lan\u00e7ait-il\u00a0 sur un point<br \/>\ncontest\u00e9. Pendant ce temps-l\u00e0, les jeunes s\u2019affrontaient de leur<br \/>\nc\u00f4t\u00e9, dans une bonne humeur ponctu\u00e9e par quelques moqueries envers<br \/>\nMaxima Goffi, gentiment chahut\u00e9e par ses co\u00e9quipiers. Cette<br \/>\ntroisi\u00e8me journ\u00e9e s\u2019est conclue dans la convivialit\u00e9, marqu\u00e9e par<br \/>\nun discours d\u2019Andr\u00e9 Gomes \u00e0 l\u2019occasion de son 32e anniversaire,<br \/>\navant de se terminer autour d\u2019un barbecue o\u00f9 Matias Fernandez-Pardo<br \/>\na fait preuve de polyvalence, repositionn\u00e9 en serveur.<\/p>\n<p><strong>Jour 4<\/strong><\/p>\n<p>Pour cette quatri\u00e8me journ\u00e9e, les Dogues ont retrouv\u00e9 le chemin<br \/>\ndu travail avec une s\u00e9ance en salle, rythm\u00e9e par la playlist<br \/>\nd\u2019Alexsandro, avant de retrouver les terrains. Apr\u00e8s un<br \/>\napprentissage linguistique de F\u00e9lix Correia et une incompr\u00e9hension<br \/>\nautour du nombre de ballons, les hommes de Bruno Genesio se sont<br \/>\ndirig\u00e9s vers le circuit afin de se d\u00e9fier au cours d\u2019une session de<br \/>\nkarting. Moins d\u2019une semaine apr\u00e8s le Grand Prix de Formule 1 de<br \/>\nSpa-Francorchamps en Belgique, ce sont les ressortissants du plat<br \/>\npays qui se sont illustr\u00e9s avec Thomas Meunier et Vincent Burlet<br \/>\nparticuli\u00e8rement en vue.<\/p>\n<p>Stage d\u2019\u00e9t\u00e9 : \u00e9pisode 2<\/p>\n<p>Rappel : Le groupe retenu<\/p>\n<ul>\n<li><strong>Gardiens :<\/strong>\u00a0Bodart, Caillard, Chevalier,<br \/>\nSajous<\/li>\n<li><strong>D\u00e9fenseurs :<\/strong>\u00a0Meunier, Tour\u00e9, Santos,<br \/>\nDiakit\u00e9, Ngoy, Alexsandro, Mandi, Goffi, Burlet, Cossier<\/li>\n<li><strong>Milieux :<\/strong>\u00a0Andr\u00e9, Bentaleb, Bouaddi,<br \/>\nMukau, Andr\u00e9 Gomes, Baret, Raghouber<\/li>\n<li><strong>Attaquants :<\/strong>\u00a0Broholm, Haraldsson,<br \/>\nCorreia, Sahraoui, Fernandez-Pardo, Giroud, Lachaab, Diaoune<\/li>\n<\/ul>\n","protected":false},"excerpt":{"rendered":"Du c\u00f4t\u00e9 d\u2019Iserlohn, le stage de pr\u00e9saison se poursuit, les activit\u00e9s s\u2019enchainent et l\u2019ambiance continue d\u2019\u00eatre au beau&hellip;\n","protected":false},"author":2,"featured_media":291239,"comment_status":"","ping_status":"","sticky":false,"template":"","format":"standard","meta":{"footnotes":""},"categories":[1417],"tags":[1011,27,60,1470,1469],"class_list":{"0":"post-291238","1":"post","2":"type-post","3":"status-publish","4":"format-standard","5":"has-post-thumbnail","7":"category-volley","8":"tag-fr","9":"tag-france","10":"tag-sports","11":"tag-volley","12":"tag-volleyball"},"share_on_mastodon":{"url":"https:\/\/pubeurope.com\/@fr\/114958962805290364","error":""},"_links":{"self":[{"href":"https:\/\/www.europesays.com\/fr\/wp-json\/wp\/v2\/posts\/291238","targetHints":{"allow":["GET"]}}],"collection":[{"href":"https:\/\/www.europesays.com\/fr\/wp-json\/wp\/v2\/posts"}],"about":[{"href":"https:\/\/www.europesays.com\/fr\/wp-json\/wp\/v2\/types\/post"}],"author":[{"embeddable":true,"href":"https:\/\/www.europesays.com\/fr\/wp-json\/wp\/v2\/users\/2"}],"replies":[{"embeddable":true,"href":"https:\/\/www.europesays.com\/fr\/wp-json\/wp\/v2\/comments?post=291238"}],"version-history":[{"count":0,"href":"https:\/\/www.europesays.com\/fr\/wp-json\/wp\/v2\/posts\/291238\/revisions"}],"wp:featuredmedia":[{"embeddable":true,"href":"https:\/\/www.europesays.com\/fr\/wp-json\/wp\/v2\/media\/291239"}],"wp:attachment":[{"href":"https:\/\/www.europesays.com\/fr\/wp-json\/wp\/v2\/media?parent=291238"}],"wp:term":[{"taxonomy":"category","embeddable":true,"href":"https:\/\/www.europesays.com\/fr\/wp-json\/wp\/v2\/categories?post=291238"},{"taxonomy":"post_tag","embeddable":true,"href":"https:\/\/www.europesays.com\/fr\/wp-json\/wp\/v2\/tags?post=291238"}],"curies":[{"name":"wp","href":"https:\/\/api.w.org\/{rel}","templated":true}]}}