{"id":291242,"date":"2025-08-02T11:36:10","date_gmt":"2025-08-02T11:36:10","guid":{"rendered":"https:\/\/www.europesays.com\/fr\/291242\/"},"modified":"2025-08-02T11:36:10","modified_gmt":"2025-08-02T11:36:10","slug":"wta-iga-swiatek-au-sujet-de-la-couverture-mediatique-la-facon-dont-les-medias-mont-parfois-decrit-et-ont-traite-mon-equipe-et-moi-netait-pas-tres-agreable","status":"publish","type":"post","link":"https:\/\/www.europesays.com\/fr\/291242\/","title":{"rendered":"WTA > Iga Swiatek au sujet de la couverture m\u00e9diatique : \u00ab La fa\u00e7on dont les m\u00e9dias m&rsquo;ont parfois d\u00e9crit et ont trait\u00e9 mon \u00e9quipe et moi n&rsquo;\u00e9tait pas tr\u00e8s agr\u00e9able \u00bb"},"content":{"rendered":"<p>Pour toutes les grandes cham\u00adpionnes et les grands cham\u00adpions dans tous les sports, il est normal que la pres\u00adsion m\u00e9dia\u00adtique soit \u00e9lev\u00e9e, car tout le monde aime\u00adrait conna\u00eetre tous les secrets de ces joueuses et joueurs.<\/p>\n<p>Mais parfois, il est diffi\u00adcile de lire ce que les m\u00e9dias disent sur vous, et m\u00eame si Iga Swiatek affirme tr\u00e8s peu lire les infor\u00adma\u00adtions sur elle, elle a \u00e9t\u00e9 surprise de voir ce que les m\u00e9dias \u00e9cri\u00advaient, jugeant tout cela ridicule.<\/p>\n<p><strong>\u00ab\u202fEn g\u00e9n\u00e9ral, je ne lis pas. Je lisais seule\u00adment quand j\u2019avais deux mois sans tour\u00adnois, juste parce que je m\u2019en\u00adnuyais un peu, et il y avait plein de trucs bizarres qui n\u2019avaient aucun sens. Du coup, je voulais voir \u00e7a, parce que c\u2019\u00e9tait telle\u00adment ridi\u00adcule que je ne croyais pas les gens autour de moi qui disaient que c\u2019\u00e9tait ce que les m\u00e9dias \u00e9cri\u00advaient. En tant que person\u00adna\u00adlit\u00e9s publiques et athl\u00e8tes, nous ne pouvons pas r\u00e9agir \u00e0 tout ce qui se passe. Nous devons nous concen\u00adtrer sur nous\u2010m\u00eames. Parfois, c\u2019est plus facile, parfois plus diffi\u00adcile. Ces derniers mois, la fa\u00e7on dont les m\u00e9dias m\u2019ont parfois d\u00e9crit, et malheu\u00adreu\u00adse\u00adment les m\u00e9dias polo\u00adnais, ont trait\u00e9 mon \u00e9quipe et moi, n\u2019\u00e9tait pas tr\u00e8s agr\u00e9able. J\u2019esp\u00e8re qu\u2019ils me lais\u00adse\u00adront tran\u00adquille et me lais\u00adse\u00adront faire mon travail.\u202f\u00bb<\/strong><\/p>\n<p class=\"post-published-date\" style=\"color: silver; font-size: 75%; text-align: left;\">Publi\u00e9 le samedi 2 ao\u00fbt 2025 \u00e0 12:16<\/p>\n","protected":false},"excerpt":{"rendered":"Pour toutes les grandes cham\u00adpionnes et les grands cham\u00adpions dans tous les sports, il est normal que la&hellip;\n","protected":false},"author":2,"featured_media":291243,"comment_status":"","ping_status":"","sticky":false,"template":"","format":"standard","meta":{"footnotes":""},"categories":[1415],"tags":[1011,27,2200,60,11800,1467],"class_list":{"0":"post-291242","1":"post","2":"type-post","3":"status-publish","4":"format-standard","5":"has-post-thumbnail","7":"category-tennis","8":"tag-fr","9":"tag-france","10":"tag-iga-swiatek","11":"tag-sports","12":"tag-swiatek","13":"tag-tennis"},"share_on_mastodon":{"url":"https:\/\/pubeurope.com\/@fr\/114958970545079155","error":""},"_links":{"self":[{"href":"https:\/\/www.europesays.com\/fr\/wp-json\/wp\/v2\/posts\/291242","targetHints":{"allow":["GET"]}}],"collection":[{"href":"https:\/\/www.europesays.com\/fr\/wp-json\/wp\/v2\/posts"}],"about":[{"href":"https:\/\/www.europesays.com\/fr\/wp-json\/wp\/v2\/types\/post"}],"author":[{"embeddable":true,"href":"https:\/\/www.europesays.com\/fr\/wp-json\/wp\/v2\/users\/2"}],"replies":[{"embeddable":true,"href":"https:\/\/www.europesays.com\/fr\/wp-json\/wp\/v2\/comments?post=291242"}],"version-history":[{"count":0,"href":"https:\/\/www.europesays.com\/fr\/wp-json\/wp\/v2\/posts\/291242\/revisions"}],"wp:featuredmedia":[{"embeddable":true,"href":"https:\/\/www.europesays.com\/fr\/wp-json\/wp\/v2\/media\/291243"}],"wp:attachment":[{"href":"https:\/\/www.europesays.com\/fr\/wp-json\/wp\/v2\/media?parent=291242"}],"wp:term":[{"taxonomy":"category","embeddable":true,"href":"https:\/\/www.europesays.com\/fr\/wp-json\/wp\/v2\/categories?post=291242"},{"taxonomy":"post_tag","embeddable":true,"href":"https:\/\/www.europesays.com\/fr\/wp-json\/wp\/v2\/tags?post=291242"}],"curies":[{"name":"wp","href":"https:\/\/api.w.org\/{rel}","templated":true}]}}