{"id":291254,"date":"2025-08-02T11:43:17","date_gmt":"2025-08-02T11:43:17","guid":{"rendered":"https:\/\/www.europesays.com\/fr\/291254\/"},"modified":"2025-08-02T11:43:17","modified_gmt":"2025-08-02T11:43:17","slug":"le-chambon-sur-lignon-chantal-pons-rend-hommage-a-dame-nature-dans-ses-aquarelles","status":"publish","type":"post","link":"https:\/\/www.europesays.com\/fr\/291254\/","title":{"rendered":"Le Chambon-sur-Lignon : Chantal Pons rend hommage \u00e0 Dame Nature dans ses aquarelles"},"content":{"rendered":"<p>\t\t\t\t\t\t\t\t\t\t\t\t\t\t\t\t\t\t\t\t\t\t\t\t\t\t\t\t\t\t\t\t\t\t\t\t\t\t\t\t\t\t\t\t\t\t\t\t\t\t\t\t\t\t\t\t\t\t\t\t\t\t\t<a href=\"https:\/\/www.lacommere43.fr\/component\/banners\/click\/1802.html\" target=\"_blank\" title=\"Hugon Tourisme ao\u00fbt 2025\" rel=\"noopener\"><br \/>\n\t\t\t\t\t\t\t<img decoding=\"async\" loading=\"lazy\" src=\"https:\/\/www.europesays.com\/fr\/wp-content\/uploads\/2025\/08\/hugonaot.gif\" alt=\"Hugon Tourisme ao\u00fbt 2025\"\/><br \/>\n\t\t\t\t\t\t<\/a><\/p>\n<p>\t\t\t\t\t\t\t\t\t\t\t\t\t\t\t\t\t\t\t\t\t\t\t\t\t\t\t\t\t\t\t\t\t\t\t\t\t\t\t\t\t\t\t\t\t\t\t\t\t\t\t\t\t\t\t\t\t\t\t\t\t\t\t<a href=\"https:\/\/www.lacommere43.fr\/component\/banners\/click\/1805.html\" target=\"_blank\" title=\"Lozarts 2025 Lavaudieu\" rel=\"noopener\"><br \/>\n\t\t\t\t\t\t\t<img decoding=\"async\" loading=\"lazy\" src=\"https:\/\/www.europesays.com\/fr\/wp-content\/uploads\/2025\/08\/03_-_LAVAUDIEU_2-08_A3.jpg\" alt=\"Lozarts 2025 Lavaudieu\"\/><br \/>\n\t\t\t\t\t\t<\/a><\/p>\n<p><strong>Chantal Pons expose jusqu&rsquo;au 15 ao\u00fbt ses aquarelles \u00e0 l&rsquo;office de tourisme du Chambon-sur-Lignon.<\/strong><\/p>\n<p>Des arbres, des animaux. La qui\u00e9tude de la nature transpara\u00eet \u00e0 travers les 23 oeuvres de Chantal Pons qui expose au Chambon, un village o\u00f9 elle a \u00e9lu domicile depuis douze ans. Apr\u00e8s 2016 et 2022, elle montre une nouvelle facette de son travail \u00e0 l&rsquo;\u00e9tage de l&rsquo;office de tourisme, avec des inspirations nippones. \u00ab\u00a0J&rsquo;ai utilis\u00e9 le rose pour ma maman, d\u00e9c\u00e9d\u00e9e cette ann\u00e9e.\u00a0\u00bb<\/p>\n<p>Outre l&rsquo;aquarelle et l&rsquo;encre, l&rsquo;artiste utilise du papier yupo. \u00ab\u00a0Quand on dessine, cela demande une pr\u00e9cision dans le trait. Mais les couleurs ressortent plus vives avec ce papier.\u00a0\u00bb<\/p>\n<p>23 tableaux sont expos\u00e9s et en vente, de 50 \u00e0 250 \u20ac. L&rsquo;exposition est ouverte du lundi au samedi de 9 heures \u00e0 12 heures et de 14 h 30 \u00e0 18 h 30, le dimanche \u00e0 10 heures \u00e0 12 heures. L&rsquo;artiste pr\u00e9voit d&rsquo;\u00eatre pr\u00e9sente le mercredi et samedi, jours de march\u00e9, et quelques apr\u00e8s-midi.<\/p>\n","protected":false},"excerpt":{"rendered":"Chantal Pons expose jusqu&rsquo;au 15 ao\u00fbt ses aquarelles \u00e0 l&rsquo;office de tourisme du Chambon-sur-Lignon. Des arbres, des animaux.&hellip;\n","protected":false},"author":2,"featured_media":291255,"comment_status":"","ping_status":"","sticky":false,"template":"","format":"standard","meta":{"footnotes":""},"categories":[1358],"tags":[2281,1348,1384,1385,1386,58,59,2282,1011,27,2280,2284,2285,2283],"class_list":{"0":"post-291254","1":"post","2":"type-post","3":"status-publish","4":"format-standard","5":"has-post-thumbnail","7":"category-arts-et-design","8":"tag-actualite-43","9":"tag-arts","10":"tag-arts-and-design","11":"tag-arts-et-design","12":"tag-design","13":"tag-divertissement","14":"tag-entertainment","15":"tag-faits-divers-auvergne","16":"tag-fr","17":"tag-france","18":"tag-information-haute-loire","19":"tag-infos-43","20":"tag-journal-haute-loire","21":"tag-la-commere-43"},"share_on_mastodon":{"url":"https:\/\/pubeurope.com\/@fr\/114958998166034400","error":""},"_links":{"self":[{"href":"https:\/\/www.europesays.com\/fr\/wp-json\/wp\/v2\/posts\/291254","targetHints":{"allow":["GET"]}}],"collection":[{"href":"https:\/\/www.europesays.com\/fr\/wp-json\/wp\/v2\/posts"}],"about":[{"href":"https:\/\/www.europesays.com\/fr\/wp-json\/wp\/v2\/types\/post"}],"author":[{"embeddable":true,"href":"https:\/\/www.europesays.com\/fr\/wp-json\/wp\/v2\/users\/2"}],"replies":[{"embeddable":true,"href":"https:\/\/www.europesays.com\/fr\/wp-json\/wp\/v2\/comments?post=291254"}],"version-history":[{"count":0,"href":"https:\/\/www.europesays.com\/fr\/wp-json\/wp\/v2\/posts\/291254\/revisions"}],"wp:featuredmedia":[{"embeddable":true,"href":"https:\/\/www.europesays.com\/fr\/wp-json\/wp\/v2\/media\/291255"}],"wp:attachment":[{"href":"https:\/\/www.europesays.com\/fr\/wp-json\/wp\/v2\/media?parent=291254"}],"wp:term":[{"taxonomy":"category","embeddable":true,"href":"https:\/\/www.europesays.com\/fr\/wp-json\/wp\/v2\/categories?post=291254"},{"taxonomy":"post_tag","embeddable":true,"href":"https:\/\/www.europesays.com\/fr\/wp-json\/wp\/v2\/tags?post=291254"}],"curies":[{"name":"wp","href":"https:\/\/api.w.org\/{rel}","templated":true}]}}