{"id":291258,"date":"2025-08-02T11:45:27","date_gmt":"2025-08-02T11:45:27","guid":{"rendered":"https:\/\/www.europesays.com\/fr\/291258\/"},"modified":"2025-08-02T11:45:27","modified_gmt":"2025-08-02T11:45:27","slug":"audiences-20h35-nouvelle-gamelle-pour-un-nouveau-jour-sur-m6-qui-poursuit-sa-descente-aux-enfers-avec-620-000-telespectateurs-et-4-de-part-de-marche","status":"publish","type":"post","link":"https:\/\/www.europesays.com\/fr\/291258\/","title":{"rendered":"Audiences 20h35 : Nouvelle gamelle pour \u00ab\u00a0Un nouveau jour'\u00a0\u00bb sur M6 qui poursuit sa descente aux enfers avec 620.000 t\u00e9l\u00e9spectateurs et 4% de part de march\u00e9 !"},"content":{"rendered":"<p>Hier soir, \u00e0 20h35, M6 proposait sa s\u00e9rie quotidienne intitul\u00e9e \u00ab\u00a0Nouveau jour\u00a0\u00bb. Tourn\u00e9 depuis mi-avril dans la r\u00e9gion de Montpellier, ce m\u00e9lange haletant de soap-opera, thriller et com\u00e9die plonge dans les coulisses d&rsquo;un h\u00f4tel familial 4 \u00e9toiles.<\/p>\n<p>Depuis la disparition en mer de son propri\u00e9taire, le domaine Bartoli est dirig\u00e9 par sa fille Louise (Helena Noguerra), a\u00een\u00e9e d&rsquo;une fratrie d\u00e9chir\u00e9e par un lourd secret. Alors que Th\u00e9a (Marion Aym\u00e9), la ni\u00e8ce de Louise, revient en ville, d\u00e9cid\u00e9e \u00e0 se faire embaucher par sa tante, l&rsquo;h\u00f4tel devient la cible d&rsquo;un \u00e9trange corbeau&#8230;<\/p>\n<p>Bruno Solo figure \u00e9galement au casting, aux c\u00f4t\u00e9s entre autres de La\u00ebtitia Milot et Jean-Baptiste Maunier. La chanteuse Hoshi signe par ailleurs le g\u00e9n\u00e9rique de cette quotidienne, la premi\u00e8re hors formats courts (comme \u00ab\u00a0Cam\u00e9ra Caf\u00e9\u00a0\u00bb, co-cr\u00e9\u00e9 par Bruno Solo) pour la cha\u00eene priv\u00e9e.<\/p>\n<p><strong>Pour son lancement, 1.530.000 t\u00e9l\u00e9spectateurs \u00e9taient devant leur petit \u00e9cran sur M6. Depuis, le feuilleton de M6 peine \u00e0 trouver son public.\u00a0<\/strong><strong>Alors quelle audience a r\u00e9alis\u00e9 l&rsquo;\u00e9pisode diffus\u00e9 hier soir ? Voici les chiffres.<\/strong><\/p>\n<p>        L&rsquo;\u00e9t\u00e9 de 20h30<br \/>\n        19.8 % de PDA\n        <\/p>\n<p>        3 060 000<\/p>\n<p>        Un si grand soleil<br \/>\n        14.2 % de PDA\n        <\/p>\n<p>        2 160 000<\/p>\n<p>        Nouveau jour<br \/>\n        4 % de PDA\n        <\/p>\n<p>        619 000<\/p>\n<p>        Plus belle la vie, encore plus belle<br \/>\n        1.8 % de PDA\n        <\/p>\n<p>        278 000<\/p>\n<p>  Le Top des parts de march\u00e9<\/p>\n","protected":false},"excerpt":{"rendered":"Hier soir, \u00e0 20h35, M6 proposait sa s\u00e9rie quotidienne intitul\u00e9e \u00ab\u00a0Nouveau jour\u00a0\u00bb. Tourn\u00e9 depuis mi-avril dans la r\u00e9gion&hellip;\n","protected":false},"author":2,"featured_media":291259,"comment_status":"","ping_status":"","sticky":false,"template":"","format":"standard","meta":{"footnotes":""},"categories":[1356],"tags":[2367,58,59,1011,27,494,40430,252,1364],"class_list":{"0":"post-291258","1":"post","2":"type-post","3":"status-publish","4":"format-standard","5":"has-post-thumbnail","7":"category-television","8":"tag-audiences","9":"tag-divertissement","10":"tag-entertainment","11":"tag-fr","12":"tag-france","13":"tag-m6","14":"tag-nouveau-jour","15":"tag-television","16":"tag-tv"},"share_on_mastodon":{"url":"https:\/\/pubeurope.com\/@fr\/114959006050788791","error":""},"_links":{"self":[{"href":"https:\/\/www.europesays.com\/fr\/wp-json\/wp\/v2\/posts\/291258","targetHints":{"allow":["GET"]}}],"collection":[{"href":"https:\/\/www.europesays.com\/fr\/wp-json\/wp\/v2\/posts"}],"about":[{"href":"https:\/\/www.europesays.com\/fr\/wp-json\/wp\/v2\/types\/post"}],"author":[{"embeddable":true,"href":"https:\/\/www.europesays.com\/fr\/wp-json\/wp\/v2\/users\/2"}],"replies":[{"embeddable":true,"href":"https:\/\/www.europesays.com\/fr\/wp-json\/wp\/v2\/comments?post=291258"}],"version-history":[{"count":0,"href":"https:\/\/www.europesays.com\/fr\/wp-json\/wp\/v2\/posts\/291258\/revisions"}],"wp:featuredmedia":[{"embeddable":true,"href":"https:\/\/www.europesays.com\/fr\/wp-json\/wp\/v2\/media\/291259"}],"wp:attachment":[{"href":"https:\/\/www.europesays.com\/fr\/wp-json\/wp\/v2\/media?parent=291258"}],"wp:term":[{"taxonomy":"category","embeddable":true,"href":"https:\/\/www.europesays.com\/fr\/wp-json\/wp\/v2\/categories?post=291258"},{"taxonomy":"post_tag","embeddable":true,"href":"https:\/\/www.europesays.com\/fr\/wp-json\/wp\/v2\/tags?post=291258"}],"curies":[{"name":"wp","href":"https:\/\/api.w.org\/{rel}","templated":true}]}}