{"id":291278,"date":"2025-08-02T11:56:12","date_gmt":"2025-08-02T11:56:12","guid":{"rendered":"https:\/\/www.europesays.com\/fr\/291278\/"},"modified":"2025-08-02T11:56:12","modified_gmt":"2025-08-02T11:56:12","slug":"saint-etienne-ces-deux-soeurs-ouvrent-une-boutique-de-bijoux-fantaisie-dans-le-quartier-saint-jacques","status":"publish","type":"post","link":"https:\/\/www.europesays.com\/fr\/291278\/","title":{"rendered":"Saint-\u00c9tienne. Ces deux s\u0153urs ouvrent une boutique de bijoux fantaisie dans le quartier Saint-Jacques"},"content":{"rendered":"<p>\u00ab\u00a0\u00c7a faisait trois ou quatre ans qu\u2019on parlait envie d\u2019ouvrir une affaire ensemble, mais on ne savait pas trop quoi. On a pens\u00e9 aux cils, aux ongles, \u00e0 des v\u00eatements\u2026 Finalement, on est parties sur les bijoux fantaisie, parce que c\u2019est tr\u00e8s tendance. Nous-m\u00eames, on en ach\u00e8te r\u00e9guli\u00e8rement, et tout le monde autour de nous aussi.\u00a0\u00bb<\/p>\n<p>In\u00e8s et M\u00e9lissa Hani sont deux s\u0153urs n\u00e9es \u00e0 Saint-\u00c9tienne et habitantes de Saint-Jean-Bonnefonds. In\u00e8s, 21 ans, a pass\u00e9 un bac SMTG au lyc\u00e9e Simone-Weil de Saint-Priest-en-Jarez puis un bac pro proth\u00e8se dentaire au lyc\u00e9e Le Marais\/Sainte-Th\u00e9r\u00e8se. Elle est salari\u00e9e \u00e0 mi-temps dans un laboratoire \u00e0 Sorbiers.<\/p>\n<p>Dans l\u2019ancienne boutique Ma Petite Folie<\/p>\n<p>Sa s\u0153ur a\u00een\u00e9e, M\u00e9lissa, 24 ans, a travaill\u00e9 durant quatre ans comme conductrice de ligne dans une entreprise de la plaine du Forez, apr\u00e8s un bac pro commerce au lyc\u00e9e Beno\u00eet-Charvet.<\/p>\n<p>Les deux jeunes femmes, tr\u00e8s complices, se lancent aujourd\u2019hui dans une aventure commune avec l\u2019ouverture de leur boutique, Maison H, ce samedi 2\u00a0ao\u00fbt.<\/p>\n<p>Maison H est situ\u00e9e au c\u0153ur du quartier Saint-Jacques, au 31 rue des Martyrs-de-Vingr\u00e9, dans l\u2019ancienne boutique Ma Petite Folie (qui a ferm\u00e9 l\u2019hiver dernier apr\u00e8s vingt ans de pr\u00e9sence, et qui est partie s\u2019installer \u00e0 La Talaudi\u00e8re).<\/p>\n<p>  \u00ab\u00a0Chez nous, le bijou le plus cher est \u00e0 20\u00a0euros\u00a0\u00bb<\/p>\n<p>\u00ab\u00a0On a visit\u00e9 le local en f\u00e9vrier. \u00c0 la base, on pensait ouvrir fin mai, mais les d\u00e9marches administratives nous ont pris beaucoup plus de temps que ce qu\u2019on imaginait\u00a0\u00bb, racontent In\u00e8s et M\u00e9lissa Hani.<\/p>\n<p>Sans compter les travaux\u00a0: \u00ab\u00a0Il n\u2019y avait pas de gros travaux \u00e0 faire mais on a quand m\u00eame refait le parquet, repeint les murs, rafra\u00eechi la devanture\u2026\u00a0\u00bb Investissement pour les deux s\u0153urs\u00a0: environ 30\u00a0000\u00a0euros.<\/p>\n<p>Maison H est sp\u00e9cialis\u00e9e dans les bijoux en acier inoxydable (bracelets, bagues, boucles d\u2019oreilles\u2026), essentiellement pour femmes, \u00ab\u00a0m\u00eame si on a une petite collection pour hommes\u00a0\u00bb.<\/p>\n<p>\u00ab\u00a0Ce sont des bijoux qui ont l\u2019avantage d\u2019\u00eatre r\u00e9sistants \u00e0 l\u2019eau et d\u2019\u00eatre tr\u00e8s accessibles. Chez nous, le mod\u00e8le le plus cher est \u00e0 20\u00a0euros. Mais en moyenne, on est plut\u00f4t autour de 10\u00a0euros.\u00a0\u00bb<\/p>\n<p>  Stress\u00e9es mais plut\u00f4t confiantes<\/p>\n<p>\u00c0 c\u00f4t\u00e9 des bijoux, Maison H propose \u00e9galement tout un tas d\u2019accessoires f\u00e9minins\u00a0: sacs, ceintures, pochettes, porte-monnaie, accessoires pour les cheveux (pinces, \u00e9lastiques\u2026), lunettes de soleil, chaussettes, chaussures\u2026 \u00ab\u00a0On a aussi un petit rayon de robes de soir\u00e9e en location\u00a0\u00bb, pr\u00e9cise M\u00e9lissa Hani, qui avait lanc\u00e9 cette activit\u00e9 en tant qu\u2019auto-entrepreneuse.<\/p>\n<p>\u00c0 deux jours de l\u2019ouverture, les deux s\u0153urs se disaient un peu stress\u00e9es mais surtout impatientes d\u2019accueillir leurs premiers clients. Et elles se montraient plut\u00f4t confiantes quant au succ\u00e8s de leur boutique\u00a0: \u00ab\u00a0On sait qu\u2019il y a la client\u00e8le pour \u00e7a.\u00a0\u00bb<\/p>\n<p>Maison H est ouverte le lundi de 13 \u00e0 19 heures et du mardi au samedi de 10\u00a0h\u00a030 \u00e0 19 heures non-stop.<\/p>\n","protected":false},"excerpt":{"rendered":"\u00ab\u00a0\u00c7a faisait trois ou quatre ans qu\u2019on parlait envie d\u2019ouvrir une affaire ensemble, mais on ne savait pas&hellip;\n","protected":false},"author":2,"featured_media":291279,"comment_status":"","ping_status":"","sticky":false,"template":"","format":"standard","meta":{"footnotes":""},"categories":[9653],"tags":[1111,11,2430,4406,33,7539,1777,674,1011,27,12,25,4001,7538],"class_list":{"0":"post-291278","1":"post","2":"type-post","3":"status-publish","4":"format-standard","5":"has-post-thumbnail","7":"category-saint-etienne","8":"tag-actu","9":"tag-actualites","10":"tag-auvergne-rhone-alpes","11":"tag-commerce-et-services","12":"tag-economie","13":"tag-edition-loire-sud","14":"tag-eu","15":"tag-europe","16":"tag-fr","17":"tag-france","18":"tag-news","19":"tag-republique-francaise","20":"tag-saint-etienne","21":"tag-saint-etienne-ville"},"share_on_mastodon":{"url":"https:\/\/pubeurope.com\/@fr\/114959049313343507","error":""},"_links":{"self":[{"href":"https:\/\/www.europesays.com\/fr\/wp-json\/wp\/v2\/posts\/291278","targetHints":{"allow":["GET"]}}],"collection":[{"href":"https:\/\/www.europesays.com\/fr\/wp-json\/wp\/v2\/posts"}],"about":[{"href":"https:\/\/www.europesays.com\/fr\/wp-json\/wp\/v2\/types\/post"}],"author":[{"embeddable":true,"href":"https:\/\/www.europesays.com\/fr\/wp-json\/wp\/v2\/users\/2"}],"replies":[{"embeddable":true,"href":"https:\/\/www.europesays.com\/fr\/wp-json\/wp\/v2\/comments?post=291278"}],"version-history":[{"count":0,"href":"https:\/\/www.europesays.com\/fr\/wp-json\/wp\/v2\/posts\/291278\/revisions"}],"wp:featuredmedia":[{"embeddable":true,"href":"https:\/\/www.europesays.com\/fr\/wp-json\/wp\/v2\/media\/291279"}],"wp:attachment":[{"href":"https:\/\/www.europesays.com\/fr\/wp-json\/wp\/v2\/media?parent=291278"}],"wp:term":[{"taxonomy":"category","embeddable":true,"href":"https:\/\/www.europesays.com\/fr\/wp-json\/wp\/v2\/categories?post=291278"},{"taxonomy":"post_tag","embeddable":true,"href":"https:\/\/www.europesays.com\/fr\/wp-json\/wp\/v2\/tags?post=291278"}],"curies":[{"name":"wp","href":"https:\/\/api.w.org\/{rel}","templated":true}]}}