{"id":291294,"date":"2025-08-02T12:10:27","date_gmt":"2025-08-02T12:10:27","guid":{"rendered":"https:\/\/www.europesays.com\/fr\/291294\/"},"modified":"2025-08-02T12:10:27","modified_gmt":"2025-08-02T12:10:27","slug":"thorigne-fouillard-lespace-jeunes-ferme-pendant-deux-semaines","status":"publish","type":"post","link":"https:\/\/www.europesays.com\/fr\/291294\/","title":{"rendered":"Thorign\u00e9-Fouillard. L\u2019espace jeunes ferme pendant deux semaines"},"content":{"rendered":"<p>L\u2019accueil de loisirs 10-15 ans a connu une bonne fr\u00e9quentation en juillet, avec plusieurs demi-journ\u00e9es. Entre vingt-cinq et trente-cinq jeunes ont profit\u00e9 des diverses activit\u00e9s et sorties propos\u00e9es par l\u2019\u00e9quipe d\u2019animateurs\u00a0: projet court m\u00e9trage (film r\u00e9alis\u00e9 par une vingtaine de jeunes), activit\u00e9 char \u00e0 voile, sortie \u00e0 Cobac parc, \u00e0 l\u2019escape game, initiation golf, nombreux jeux collectifs et ateliers cr\u00e9atifs sur place.<\/p>\n<p>\u00a0Une soir\u00e9e tr\u00e8s appr\u00e9ci\u00e9e, jeudi 24\u00a0juillet, a r\u00e9uni vingt-quatre jeunes, au programme\u00a0: repas pizza et jeux des vampires\u00a0, commente Eric Lepage, de l\u2019espace jeunes.<\/p>\n<p>L\u2019espace jeunes ferme ses portes du samedi\u00a02 au dimanche 17\u00a0ao\u00fbt. La r\u00e9ouverture du lundi\u00a018 au vendredi 29\u00a0ao\u00fbt avec, \u00e0 nouveau, un riche programme pour les jeunes\u00a0: initiation au rugby, visite de l\u2019Exporama au couvent des Jacobins, accrobranche, initiation au Parkour, sortie \u00e0 l\u2019heure du jeu, initiation \u00e0 la slackline et l\u2019aviron. \u00a0Deux soir\u00e9es et d\u2019autres activit\u00e9s sur place seront propos\u00e9es\u00a0, poursuit Eric Lepage.<\/p>\n<p>Sous r\u00e9serve de places encore disponibles, les familles pourront venir inscrire leur enfant \u00e0 partir du lundi 18\u00a0ao\u00fbt.<\/p>\n<p>\u00a0<\/p>\n","protected":false},"excerpt":{"rendered":"L\u2019accueil de loisirs 10-15 ans a connu une bonne fr\u00e9quentation en juillet, avec plusieurs demi-journ\u00e9es. Entre vingt-cinq et&hellip;\n","protected":false},"author":2,"featured_media":291295,"comment_status":"","ping_status":"","sticky":false,"template":"","format":"standard","meta":{"footnotes":""},"categories":[2821],"tags":[1111,11,829,386,1777,674,9095,1011,27,4074,12,3086,584,25,20432,4182],"class_list":{"0":"post-291294","1":"post","2":"type-post","3":"status-publish","4":"format-standard","5":"has-post-thumbnail","7":"category-rennes","8":"tag-actu","9":"tag-actualites","10":"tag-bretagne","11":"tag-espace","12":"tag-eu","13":"tag-europe","14":"tag-ferme","15":"tag-fr","16":"tag-france","17":"tag-jeunes","18":"tag-news","19":"tag-redon","20":"tag-rennes","21":"tag-republique-francaise","22":"tag-semaines","23":"tag-thorigne-fouillard"},"share_on_mastodon":{"url":"https:\/\/pubeurope.com\/@fr\/114959104355827613","error":""},"_links":{"self":[{"href":"https:\/\/www.europesays.com\/fr\/wp-json\/wp\/v2\/posts\/291294","targetHints":{"allow":["GET"]}}],"collection":[{"href":"https:\/\/www.europesays.com\/fr\/wp-json\/wp\/v2\/posts"}],"about":[{"href":"https:\/\/www.europesays.com\/fr\/wp-json\/wp\/v2\/types\/post"}],"author":[{"embeddable":true,"href":"https:\/\/www.europesays.com\/fr\/wp-json\/wp\/v2\/users\/2"}],"replies":[{"embeddable":true,"href":"https:\/\/www.europesays.com\/fr\/wp-json\/wp\/v2\/comments?post=291294"}],"version-history":[{"count":0,"href":"https:\/\/www.europesays.com\/fr\/wp-json\/wp\/v2\/posts\/291294\/revisions"}],"wp:featuredmedia":[{"embeddable":true,"href":"https:\/\/www.europesays.com\/fr\/wp-json\/wp\/v2\/media\/291295"}],"wp:attachment":[{"href":"https:\/\/www.europesays.com\/fr\/wp-json\/wp\/v2\/media?parent=291294"}],"wp:term":[{"taxonomy":"category","embeddable":true,"href":"https:\/\/www.europesays.com\/fr\/wp-json\/wp\/v2\/categories?post=291294"},{"taxonomy":"post_tag","embeddable":true,"href":"https:\/\/www.europesays.com\/fr\/wp-json\/wp\/v2\/tags?post=291294"}],"curies":[{"name":"wp","href":"https:\/\/api.w.org\/{rel}","templated":true}]}}