{"id":291297,"date":"2025-08-02T12:12:17","date_gmt":"2025-08-02T12:12:17","guid":{"rendered":"https:\/\/www.europesays.com\/fr\/291297\/"},"modified":"2025-08-02T12:12:17","modified_gmt":"2025-08-02T12:12:17","slug":"une-fillette-de-10-ans-se-retrouve-seule-a-kehl-alors-quelle-devait-aller-a-metz","status":"publish","type":"post","link":"https:\/\/www.europesays.com\/fr\/291297\/","title":{"rendered":"une fillette de 10 ans se retrouve seule \u00e0 Kehl alors qu\u2019elle devait aller \u00e0 Metz"},"content":{"rendered":"<p>Une fillette de dix ans originaire de Paris a \u00e9t\u00e9 plac\u00e9e par erreur dans un train \u00e0 destination de Stuttgart par son p\u00e8re, ce jeudi. La police a pris en charge la fillette qui voyageait seule \u00e0 la gare de Kehl. En fait, la fillette de dix ans aurait d\u00fb \u00eatre dans le train en direction de Metz. Au lieu de cela, elle \u00e9tait dans le TGV parti de Paris en direction de Stuttgart, en Allemagne.<\/p>\n<p>Une h\u00f4tesse de train a attir\u00e9 l\u2019attention de la police sur la fillette. Les agents l\u2019ont prise en charge et ont contact\u00e9 son p\u00e8re. Quelques heures plus tard, son oncle est venu la chercher \u00e0 Strasbourg.<\/p>\n","protected":false},"excerpt":{"rendered":"Une fillette de dix ans originaire de Paris a \u00e9t\u00e9 plac\u00e9e par erreur dans un train \u00e0 destination&hellip;\n","protected":false},"author":2,"featured_media":291298,"comment_status":"","ping_status":"","sticky":false,"template":"","format":"standard","meta":{"footnotes":""},"categories":[2820],"tags":[1111,11,672,2389,1777,674,274,107,1011,27,775,1757,12,25,1806,640],"class_list":{"0":"post-291297","1":"post","2":"type-post","3":"status-publish","4":"format-standard","5":"has-post-thumbnail","7":"category-strasbourg","8":"tag-actu","9":"tag-actualites","10":"tag-allemagne","11":"tag-alsace","12":"tag-eu","13":"tag-europe","14":"tag-faits-divers-justice","15":"tag-fil-info","16":"tag-fr","17":"tag-france","18":"tag-grand-est","19":"tag-insolite","20":"tag-news","21":"tag-republique-francaise","22":"tag-rheinblick","23":"tag-strasbourg"},"share_on_mastodon":{"url":"https:\/\/pubeurope.com\/@fr\/114959112261281745","error":""},"_links":{"self":[{"href":"https:\/\/www.europesays.com\/fr\/wp-json\/wp\/v2\/posts\/291297","targetHints":{"allow":["GET"]}}],"collection":[{"href":"https:\/\/www.europesays.com\/fr\/wp-json\/wp\/v2\/posts"}],"about":[{"href":"https:\/\/www.europesays.com\/fr\/wp-json\/wp\/v2\/types\/post"}],"author":[{"embeddable":true,"href":"https:\/\/www.europesays.com\/fr\/wp-json\/wp\/v2\/users\/2"}],"replies":[{"embeddable":true,"href":"https:\/\/www.europesays.com\/fr\/wp-json\/wp\/v2\/comments?post=291297"}],"version-history":[{"count":0,"href":"https:\/\/www.europesays.com\/fr\/wp-json\/wp\/v2\/posts\/291297\/revisions"}],"wp:featuredmedia":[{"embeddable":true,"href":"https:\/\/www.europesays.com\/fr\/wp-json\/wp\/v2\/media\/291298"}],"wp:attachment":[{"href":"https:\/\/www.europesays.com\/fr\/wp-json\/wp\/v2\/media?parent=291297"}],"wp:term":[{"taxonomy":"category","embeddable":true,"href":"https:\/\/www.europesays.com\/fr\/wp-json\/wp\/v2\/categories?post=291297"},{"taxonomy":"post_tag","embeddable":true,"href":"https:\/\/www.europesays.com\/fr\/wp-json\/wp\/v2\/tags?post=291297"}],"curies":[{"name":"wp","href":"https:\/\/api.w.org\/{rel}","templated":true}]}}