{"id":291304,"date":"2025-08-02T12:16:09","date_gmt":"2025-08-02T12:16:09","guid":{"rendered":"https:\/\/www.europesays.com\/fr\/291304\/"},"modified":"2025-08-02T12:16:09","modified_gmt":"2025-08-02T12:16:09","slug":"lepicier-jette-un-tabouret-sur-les-voleurs-et-les-fait-fuir","status":"publish","type":"post","link":"https:\/\/www.europesays.com\/fr\/291304\/","title":{"rendered":"l&rsquo;\u00e9picier jette un tabouret sur les voleurs et les fait fuir"},"content":{"rendered":"<p>            Par<br \/>\n        <strong><br \/>\n            <a href=\"https:\/\/actu.fr\/auteur\/emma-derome\" title=\"Consulter tous les articles de Emma Derome\" rel=\"nofollow noopener\" target=\"_blank\">Emma Derome<\/a><br \/>\n        <\/strong><\/p>\n<p>        Publi\u00e9 le<\/p>\n<p>            2 ao\u00fbt 2025 \u00e0 13h32        <\/p>\n<p>C\u2019est une petite alimentation g\u00e9n\u00e9rale qui ne paye pas de mine. Pourtant, elle fait r\u00e9guli\u00e8rement <a href=\"https:\/\/actu.fr\/pays-de-la-loire\/maisdon-sur-sevre_44088\/loire-atlantique-cette-superette-encore-vandalisee-le-gerant-lasse_61505069.html\" rel=\"nofollow noopener\" target=\"_blank\">face \u00e0 des voleurs<\/a>\u2009: <strong>deux vols \u00e0 l\u2019\u00e9talage ont d\u00e9j\u00e0 \u00e9t\u00e9 constat\u00e9s dans la m\u00eame semaine<\/strong>, \u00e0 la mi-juillet. Alors, quand des braqueurs ont tent\u00e9 leur chance, dans la nuit du jeudi 31\u00a0juillet au vendredi 1er\u00a0ao\u00fbt, \u00e7a n\u2019est pas pass\u00e9 aupr\u00e8s de l\u2019\u00e9picier.<\/p>\n<p>Peur d\u2019un tabouret<\/p>\n<p class=\" wall-content\">Cette \u00e9picerie de quartier, situ\u00e9e au bout de la rue Bellamy, au nord des Hauts Pav\u00e9s, a en effet pour habitude de fermer tard, pour d\u00e9panner. Ce soir-l\u00e0, vers 22\u00a0heures, <strong>deux jeunes \u00e0 la t\u00eate couverte<\/strong> ont fait irruption dans le magasin, nous explique une source polici\u00e8re.<\/p>\n<p class=\" wall-content\">Ils \u00e9taient <strong>arm\u00e9s d\u2019un couteau de cuisine<\/strong>. Pr\u00e9sent ce soir-l\u00e0 pour faire la permanence, le fils de la g\u00e9rante est contre toute attente <strong>parvenu \u00e0 faire fuir les voleurs<\/strong>\u2026 En mena\u00e7ant de leur balancer un tabouret.<\/p>\n<p class=\" wall-content\">Ces derniers ont d\u00e9guerpi avant l\u2019arriv\u00e9e de la police. Une plainte pour <strong>tentative de vol \u00e0 main arm\u00e9e<\/strong> a \u00e9t\u00e9 d\u00e9pos\u00e9e ce vendredi. Depuis les faits, un mot a \u00e9t\u00e9 placard\u00e9 sur la devanture du magasin\u2009: \u00ab\u2009Avis aux deux voleurs qui viennent r\u00e9guli\u00e8rement voler. Une plainte est d\u00e9pos\u00e9e avec vos visages. Le magasin est sous vid\u00e9osurveillance.\u2009\u00bb<\/p>\n<p class=\" wall-content\"><strong>Les vols sont courants dans ce quartier<\/strong>, nous indiquent plusieurs commer\u00e7ants, dont l\u2019un s\u2019est fait cambrioler un jour plus t\u00f4t dans la nuit.<\/p>\n<p class=\" wall-content\">Suivez toute l\u2019actualit\u00e9 de vos villes et m\u00e9dias favoris en vous inscrivant \u00e0 <a href=\"https:\/\/moncompte.actu.fr\" title=\"D\u00e9couvez Mon Actu\" rel=\"nofollow noopener\" data-trk=\"{&quot;cta&quot;:{&quot;action&quot;:&quot;https:\\\/\\\/moncompte.actu.fr&quot;,&quot;category&quot;:&quot;mon compte&quot;,&quot;from&quot;:&quot;article footer&quot;,&quot;name&quot;:&quot;Mon actu&quot;,&quot;type&quot;:&quot;cta&quot;}}\" target=\"_blank\">Mon Actu<\/a>.<\/p>\n","protected":false},"excerpt":{"rendered":"Par Emma Derome Publi\u00e9 le 2 ao\u00fbt 2025 \u00e0 13h32 C\u2019est une petite alimentation g\u00e9n\u00e9rale qui ne paye&hellip;\n","protected":false},"author":2,"featured_media":291305,"comment_status":"","ping_status":"","sticky":false,"template":"","format":"standard","meta":{"footnotes":""},"categories":[2818],"tags":[1111,11,1174,1777,674,118,1011,27,766,12,2636,1072,25],"class_list":{"0":"post-291304","1":"post","2":"type-post","3":"status-publish","4":"format-standard","5":"has-post-thumbnail","7":"category-nantes","8":"tag-actu","9":"tag-actualites","10":"tag-cambriolage","11":"tag-eu","12":"tag-europe","13":"tag-faits-divers","14":"tag-fr","15":"tag-france","16":"tag-nantes","17":"tag-news","18":"tag-pays-de-la-loire","19":"tag-police","20":"tag-republique-francaise"},"share_on_mastodon":{"url":"https:\/\/pubeurope.com\/@fr\/114959127874081183","error":""},"_links":{"self":[{"href":"https:\/\/www.europesays.com\/fr\/wp-json\/wp\/v2\/posts\/291304","targetHints":{"allow":["GET"]}}],"collection":[{"href":"https:\/\/www.europesays.com\/fr\/wp-json\/wp\/v2\/posts"}],"about":[{"href":"https:\/\/www.europesays.com\/fr\/wp-json\/wp\/v2\/types\/post"}],"author":[{"embeddable":true,"href":"https:\/\/www.europesays.com\/fr\/wp-json\/wp\/v2\/users\/2"}],"replies":[{"embeddable":true,"href":"https:\/\/www.europesays.com\/fr\/wp-json\/wp\/v2\/comments?post=291304"}],"version-history":[{"count":0,"href":"https:\/\/www.europesays.com\/fr\/wp-json\/wp\/v2\/posts\/291304\/revisions"}],"wp:featuredmedia":[{"embeddable":true,"href":"https:\/\/www.europesays.com\/fr\/wp-json\/wp\/v2\/media\/291305"}],"wp:attachment":[{"href":"https:\/\/www.europesays.com\/fr\/wp-json\/wp\/v2\/media?parent=291304"}],"wp:term":[{"taxonomy":"category","embeddable":true,"href":"https:\/\/www.europesays.com\/fr\/wp-json\/wp\/v2\/categories?post=291304"},{"taxonomy":"post_tag","embeddable":true,"href":"https:\/\/www.europesays.com\/fr\/wp-json\/wp\/v2\/tags?post=291304"}],"curies":[{"name":"wp","href":"https:\/\/api.w.org\/{rel}","templated":true}]}}