{"id":291361,"date":"2025-08-02T12:50:14","date_gmt":"2025-08-02T12:50:14","guid":{"rendered":"https:\/\/www.europesays.com\/fr\/291361\/"},"modified":"2025-08-02T12:50:14","modified_gmt":"2025-08-02T12:50:14","slug":"lavenir-de-tsunoda-chez-red-bull-discute-lors-de-la-pause-estivale-selon-marko","status":"publish","type":"post","link":"https:\/\/www.europesays.com\/fr\/291361\/","title":{"rendered":"L&rsquo;avenir de Tsunoda chez Red Bull discut\u00e9 lors de la pause estivale, selon Marko"},"content":{"rendered":"<p>Apr\u00e8s avoir remplac\u00e9 Liam Lawson dans le deuxi\u00e8me baquet <a href=\"https:\/\/www.autohebdo.fr\/actualites\/ecurie\/red-bull-racing\" data-internallinksmanager029f6b8e52c=\"78\" title=\"Ecurie F1 Red Bull Racing\" target=\"_blank\" rel=\"noopener\">Red Bull<\/a> 2025 apr\u00e8s seulement deux Grands Prix, <a href=\"https:\/\/www.autohebdo.fr\/pilote\/f1\/yuki-tsunoda\" data-internallinksmanager029f6b8e52c=\"26\" title=\"Yuki Tsunoda\" target=\"_blank\" rel=\"noopener\">Yuki Tsunoda<\/a> est loin de conna\u00eetre une bonne saison. Le Japonais a pour le moment marqu\u00e9 sept points, et sa derni\u00e8re entr\u00e9e dans le top 10 en course remonte au Grand Prix d\u2019\u00c9milie-Romagne, \u00e0 Imola, en mai dernier. Engag\u00e9 dans une spirale n\u00e9gative depuis, le n\u00b022 a quelque peu relev\u00e9 la t\u00eate le week-end dernier, au Grand Prix de Belgique.<\/p>\n<p>S\u2019il est reparti de Spa-Francorchamps sans aucun point suppl\u00e9mentaire dans sa besace, Tsunoda a atteint la Q3, et s\u2019est qualifi\u00e9 en septi\u00e8me position, trois dixi\u00e8mes de seconde derri\u00e8re son \u00e9quipier <a href=\"https:\/\/www.autohebdo.fr\/pilote\/f1\/max-verstappen\" data-internallinksmanager029f6b8e52c=\"2\" title=\"Max Verstappen\" target=\"_blank\" rel=\"noopener\">Max Verstappen<\/a>, qui \u00e9tait lui en quatri\u00e8me place. Une mauvaise strat\u00e9gie au niveau du passage en pneus slicks lors du Grand Prix l\u2019a handicap\u00e9, et il a ralli\u00e9 l\u2019arriv\u00e9e au treizi\u00e8me rang.<\/p>\n<\/p>\n<p>Ce week-end en Hongrie, pour la derni\u00e8re manche avant la tr\u00eave estivale, Tsunoda esp\u00e8re continuer sur cette lanc\u00e9e. Une performance qui rev\u00eat un aspect n\u00e9cessaire, \u00e0 la lecture des propos de Helmut Marko <a href=\"https:\/\/f1-insider.com\/formel-1-exklusiv-marko-ueber-verstappen-68134\/\" target=\"_blank\" rel=\"noopener\">aupr\u00e8s du site internet F1-insider<\/a>, cette semaine. L\u2019Autrichien, conseiller du Red Bull Racing et en charge du programme de jeunes pilotes Red Bull, a confirm\u00e9 que l\u2019avenir du Japonais serait discut\u00e9 pendant la pause obligatoire, lors de laquelle les usines de <a href=\"https:\/\/www.autohebdo.fr\/actualites\/f1\" data-internallinksmanager029f6b8e52c=\"1\" title=\"F1\" target=\"_blank\" rel=\"noopener\">Formule 1<\/a> seront ferm\u00e9es durant deux semaines. Un avenir \u00e0 moyen terme, mais peut-\u00eatre aussi d\u00e8s le Grand Prix des Pays-Bas, \u00e0 Zandvoort\u2026<\/p>\n<p>\u00ab Notre \u00e9valuation des pilotes a traditionnellement lieu apr\u00e8s la pause estivale. Pour l\u2019instant, tout est ouvert. Nous regardons les performances, qu\u2019elles soient positives ou n\u00e9gatives. \u00bb<\/p>\n<p>Des pr\u00e9c\u00e9dents existent<\/p>\n<p>La marque de boissons \u00e9nergisantes a en effet d\u00e9j\u00e0 op\u00e9r\u00e9 des modifications \u00e0 ses duos de pilotes aux environs de cette pause estivale. Ce fut notamment le cas en 2019, o\u00f9 en arrivant au Grand Prix de Belgique, <a href=\"https:\/\/www.autohebdo.fr\/pilote\/f1\/pierre-gasly\" data-internallinksmanager029f6b8e52c=\"8\" title=\"Pierre Gasly\" target=\"_blank\" rel=\"noopener\">Pierre Gasly<\/a> avait \u00e9t\u00e9 r\u00e9trograd\u00e9 de l\u2019\u00e9curie Red Bull \u00e0 <a href=\"https:\/\/www.autohebdo.fr\/actualites\/ecurie\/scuderia-alphatauri-scuderia-toro-rosso\" data-internallinksmanager029f6b8e52c=\"75\" title=\"Ecurie F1 Racing Bulls\" target=\"_blank\" rel=\"noopener\">Toro Rosso<\/a>, <a href=\"https:\/\/www.autohebdo.fr\/pilote\/f1\/alexander-albon\" data-internallinksmanager029f6b8e52c=\"47\" title=\"Alexander Albon\" target=\"_blank\" rel=\"noopener\">Alexander Albon<\/a> effectuant le chemin inverse. En 2009, c\u2019est avant le GP de Hongrie que S\u00e9bastien <a href=\"https:\/\/www.autohebdo.fr\/actualites\/classic\/les-pilotes-francais-en-f1-sebastien-bourdais.html\" data-internallinksmanager029f6b8e52c=\"36\" title=\"Sebastien Bourdais\" target=\"_blank\" rel=\"noopener\">Bourdais<\/a> avait laiss\u00e9 sa place \u00e0 Jaime Alguersuari chez Toro Rosso.<\/p>\n<p>Si le remplacement de Lawson par Tsunoda est intervenu bien plus t\u00f4t dans l\u2019ann\u00e9e, le Japonais pourrait subir le m\u00eame sort dans les prochaines semaines. L\u2019arriv\u00e9e de Laurent Mekies, qui a pris la t\u00eate de l\u2019\u00e9quipe de Milton Keynes avant le Grand Prix de Belgique, pourrait toutefois offrir au jeune pilote japonais la confiance et le temps n\u00e9cessaires pour am\u00e9liorer ses performances. Marko a salu\u00e9 son impact sur Tsunoda \u00e0 Spa-Francorchamps.<\/p>\n<p>\u00ab Il est orient\u00e9 vers les faits, il a les pieds sur terre. Les discussions avec les pilotes sont \u00e9galement plus techniques. Yuki Tsunoda s\u2019est am\u00e9lior\u00e9 en qualifications. En course, sa strat\u00e9gie \u00e9tait malheureusement mauvaise. \u00bb<\/p>\n<p><strong>\u00c0 LIRE AUSSI &gt; <a href=\"https:\/\/www.autohebdo.fr\/actualites\/f1\/hongrie-el3-les-mclaren-en-demonstration.html\" target=\"_blank\" rel=\"noopener\">Hongrie \u2013 EL3 : Les McLaren en d\u00e9monstration<\/a><\/strong><\/p>\n","protected":false},"excerpt":{"rendered":"Apr\u00e8s avoir remplac\u00e9 Liam Lawson dans le deuxi\u00e8me baquet Red Bull 2025 apr\u00e8s seulement deux Grands Prix, Yuki&hellip;\n","protected":false},"author":2,"featured_media":291362,"comment_status":"","ping_status":"","sticky":false,"template":"","format":"standard","meta":{"footnotes":""},"categories":[1412],"tags":[1451,1452,1453,1454,1455,1011,27,10299,13449,60,2247],"class_list":{"0":"post-291361","1":"post","2":"type-post","3":"status-publish","4":"format-standard","5":"has-post-thumbnail","7":"category-f1","8":"tag-f1","9":"tag-formula-1","10":"tag-formula1","11":"tag-formule-1","12":"tag-formule1","13":"tag-fr","14":"tag-france","15":"tag-helmut-marko","16":"tag-red-bull-racing","17":"tag-sports","18":"tag-yuki-tsunoda"},"share_on_mastodon":{"url":"https:\/\/pubeurope.com\/@fr\/114959261576281976","error":""},"_links":{"self":[{"href":"https:\/\/www.europesays.com\/fr\/wp-json\/wp\/v2\/posts\/291361","targetHints":{"allow":["GET"]}}],"collection":[{"href":"https:\/\/www.europesays.com\/fr\/wp-json\/wp\/v2\/posts"}],"about":[{"href":"https:\/\/www.europesays.com\/fr\/wp-json\/wp\/v2\/types\/post"}],"author":[{"embeddable":true,"href":"https:\/\/www.europesays.com\/fr\/wp-json\/wp\/v2\/users\/2"}],"replies":[{"embeddable":true,"href":"https:\/\/www.europesays.com\/fr\/wp-json\/wp\/v2\/comments?post=291361"}],"version-history":[{"count":0,"href":"https:\/\/www.europesays.com\/fr\/wp-json\/wp\/v2\/posts\/291361\/revisions"}],"wp:featuredmedia":[{"embeddable":true,"href":"https:\/\/www.europesays.com\/fr\/wp-json\/wp\/v2\/media\/291362"}],"wp:attachment":[{"href":"https:\/\/www.europesays.com\/fr\/wp-json\/wp\/v2\/media?parent=291361"}],"wp:term":[{"taxonomy":"category","embeddable":true,"href":"https:\/\/www.europesays.com\/fr\/wp-json\/wp\/v2\/categories?post=291361"},{"taxonomy":"post_tag","embeddable":true,"href":"https:\/\/www.europesays.com\/fr\/wp-json\/wp\/v2\/tags?post=291361"}],"curies":[{"name":"wp","href":"https:\/\/api.w.org\/{rel}","templated":true}]}}