{"id":291388,"date":"2025-08-02T13:04:15","date_gmt":"2025-08-02T13:04:15","guid":{"rendered":"https:\/\/www.europesays.com\/fr\/291388\/"},"modified":"2025-08-02T13:04:15","modified_gmt":"2025-08-02T13:04:15","slug":"un-fremissement-diplomatique-se-dessine-face-a-israel-mediapart","status":"publish","type":"post","link":"https:\/\/www.europesays.com\/fr\/291388\/","title":{"rendered":"Un fr\u00e9missement diplomatique se dessine face \u00e0 Isra\u00ebl &#8211; Mediapart"},"content":{"rendered":"<ol>\n<li><a href=\"https:\/\/news.google.com\/rss\/articles\/CBMiqAFBVV95cUxONnpwbkdjMV9LNDZRM3hDYW9oSDV0dnJLbTNlTDJjS3Z1WXVWMkxqX1RhS2gtREx5RV9oSFIwTllVQzNoTUxBb1l3TEt5MFkzOWdSQjdJSHRsSFE0LXprcklHZnZ6U3ByVnI3S3luUzVMTHE0ZFJnVWJGdTRKNkpDTmJWWjVleHhLX1Z6RGZrR2JnZms0ZmZVVV95OGdjelBNVjc1bW1zOXc?oc=5\" target=\"_blank\" rel=\"noopener\">Un fr\u00e9missement diplomatique se dessine face \u00e0 Isra\u00ebl<\/a>&nbsp;&nbsp;Mediapart<\/li>\n<li><a href=\"https:\/\/news.google.com\/rss\/articles\/CBMigwJBVV95cUxPdlNlajBFNTNHVW1UNGJWYS11OEJqOW10WmtYN1ZSVGNmN0pLUlhiOVFONTljTDlpQnFjSUhOS041NGN2ZTBvazhtZnBLeFNRTFhQM0h2SEhta21ONUZ1WjhubmNsVTRtM01BXzhGYlMzM2Zydml2NWdHR05xcTdESDd6X1lQcTlyMlRrbzBmbkdIdEg5eVE4NjFNRjZDS2hOT3hkSExId0ZlX3M4blloZURiYWFZRWs2Q0FmUVlsekNWT214VkM1Wnh1MVZpNjZHS0V1RFByZTc3QmRTQkRVVnRJOUdaUzl6aER0LUZSTm5LaTV3N2c4NjBQSDFIVnJTSFBN?oc=5\" target=\"_blank\" rel=\"noopener\">Reconnaissance de l\u2019Etat de Palestine : un \u00e9lan diplomatique, une semaine apr\u00e8s l\u2019annonce de la France<\/a>&nbsp;&nbsp;Le Monde.fr<\/li>\n<li><a href=\"https:\/\/news.google.com\/rss\/articles\/CBMiugFBVV95cUxQN25BRzU0eHVEUGY3b19XN0F1dnlwSTd2R2VLMHhjWndMZ21aRkwxVG55RXotblVPVlJLUDk1NXVybUVDa3VJV0FDYWRkamdrbi1zbmhFSWdtTDl3UG0tR045QldtaXlTRFlybHZ1dUFZRnJXell1U21SaTFjSWluS2NqNk5oQVVBM3pUVWZBVWRsS3RGRk5DT3ZULUR3QnliTGlHSTZSamRtNmNlYWoyN2doT2RHRWlYVUE?oc=5\" target=\"_blank\" rel=\"noopener\">La guerre et la faim \u00e0 Gaza tournent au fiasco diplomatique pour Isra\u00ebl<\/a>&nbsp;&nbsp;Le Figaro<\/li>\n<li><a href=\"https:\/\/news.google.com\/rss\/articles\/CBMimAJBVV95cUxPcEZ4ZnJYR2xmSzJZTmRSM3VaVExqdGlndUVHckU5aVYtMS04cXdJbkJ6dTZJT0M5bHFReWlIdkZjdnlXck9HaVkybjlDRXZ3UE1nTE54ZTNEbkZjRUdkSlo3cGl3TUd3RlFZb1JZZDltdk9RMUpYOWFsZjJlWkktMDlGN0kzMnhHdl9Icnc1Y2VoOE1tTGQ4MjNOMVpiWWNxOW0xdXVqT2pyT2hhUjloS2UtTzdoRjNnY2dqaEZhX2FzYVdNSHJiTXY0RjBISXdiVlZ5TG53T0pmMTNnd1VJVUdsbjBEQXhmM2tiN3BhY2cxOVROYWVaV1FDYzRYU0o5WTFad3paYTM1dFV2LTF1V3J1UVFnd0Zq?oc=5\" target=\"_blank\" rel=\"noopener\">\u00ab Un tsunami diplomatique \u00bb : Isra\u00ebl sous la pression des promesses de reconnaissance d\u2019un \u00c9tat palestinien ?<\/a>&nbsp;&nbsp;Le Parisien<\/li>\n<li><a href=\"https:\/\/news.google.com\/rss\/articles\/CBMiigJBVV95cUxOWW84ODRIWWFCT2ctQ3JFcjhwblE0aHZOZEowYnduU2tIdXRXeDUzOEg0NlZCSUVERk5CWndhVU5mQnVsQVRyVllMd3NvMWxzRTJqSU5iUlQxLVk5VC1KQUtUY1JRMEZONXdpMFhaSkNNVXFPY2dCWUlXbFhpU1Y0Z0NzUWlzR01Ea1VFcHppbjZjMWxGRGtBTmNiSTJ4ZndCcGw1R3ZJZjF2eGljWGRzN19zMlJzckcxVUhmalExME9WVjE5N1JNLTlBbFdaR3VNanNwT0NsUEpXZl80eUdnTmpabkZGVjJyQVFaOHpMblItZ1F6cXFweXlmYXBJZTk2V3R2Nzk1V3UwQQ?oc=5\" target=\"_blank\" rel=\"noopener\">\u00ab\u00a0La France a bris\u00e9 un tabou\u00a0\u00bb : l&rsquo;avis tranch\u00e9 d&rsquo;un ex-diplomate sur la reconnaissance d&rsquo;un Etat palestinien<\/a>&nbsp;&nbsp;L&rsquo;Express<\/li>\n<\/ol>\n","protected":false},"excerpt":{"rendered":"Un fr\u00e9missement diplomatique se dessine face \u00e0 Isra\u00ebl&nbsp;&nbsp;Mediapart Reconnaissance de l\u2019Etat de Palestine : un \u00e9lan diplomatique, une&hellip;\n","protected":false},"author":2,"featured_media":291389,"comment_status":"","ping_status":"","sticky":false,"template":"","format":"standard","meta":{"footnotes":""},"categories":[5],"tags":[11,1011,27,665,5106,14,664,12,31,3260,364,28],"class_list":{"0":"post-291388","1":"post","2":"type-post","3":"status-publish","4":"format-standard","5":"has-post-thumbnail","7":"category-international","8":"tag-actualites","9":"tag-fr","10":"tag-france","11":"tag-gaza","12":"tag-guerre-au-proche-orient","13":"tag-international","14":"tag-israel","15":"tag-news","16":"tag-proche-et-moyen-orient","17":"tag-territoires-palestiniens","18":"tag-union-europeenne","19":"tag-world"},"share_on_mastodon":{"url":"https:\/\/pubeurope.com\/@fr\/114959316704497327","error":""},"_links":{"self":[{"href":"https:\/\/www.europesays.com\/fr\/wp-json\/wp\/v2\/posts\/291388","targetHints":{"allow":["GET"]}}],"collection":[{"href":"https:\/\/www.europesays.com\/fr\/wp-json\/wp\/v2\/posts"}],"about":[{"href":"https:\/\/www.europesays.com\/fr\/wp-json\/wp\/v2\/types\/post"}],"author":[{"embeddable":true,"href":"https:\/\/www.europesays.com\/fr\/wp-json\/wp\/v2\/users\/2"}],"replies":[{"embeddable":true,"href":"https:\/\/www.europesays.com\/fr\/wp-json\/wp\/v2\/comments?post=291388"}],"version-history":[{"count":0,"href":"https:\/\/www.europesays.com\/fr\/wp-json\/wp\/v2\/posts\/291388\/revisions"}],"wp:featuredmedia":[{"embeddable":true,"href":"https:\/\/www.europesays.com\/fr\/wp-json\/wp\/v2\/media\/291389"}],"wp:attachment":[{"href":"https:\/\/www.europesays.com\/fr\/wp-json\/wp\/v2\/media?parent=291388"}],"wp:term":[{"taxonomy":"category","embeddable":true,"href":"https:\/\/www.europesays.com\/fr\/wp-json\/wp\/v2\/categories?post=291388"},{"taxonomy":"post_tag","embeddable":true,"href":"https:\/\/www.europesays.com\/fr\/wp-json\/wp\/v2\/tags?post=291388"}],"curies":[{"name":"wp","href":"https:\/\/api.w.org\/{rel}","templated":true}]}}