{"id":291411,"date":"2025-08-02T13:20:13","date_gmt":"2025-08-02T13:20:13","guid":{"rendered":"https:\/\/www.europesays.com\/fr\/291411\/"},"modified":"2025-08-02T13:20:13","modified_gmt":"2025-08-02T13:20:13","slug":"officiel-mercato-grenoble-prete-jabbari-aux-etats-unis","status":"publish","type":"post","link":"https:\/\/www.europesays.com\/fr\/291411\/","title":{"rendered":"Officiel &#8211; Mercato : Grenoble pr\u00eate Jabbari aux \u00c9tats-Unis"},"content":{"rendered":"<p>La silhouette \u00e9lanc\u00e9e d\u2019<strong>Ayoub Jabbari<\/strong> ne devrait plus appara\u00eetre au Stade des Alpes, en tout cas pas jusqu\u2019\u00e0 fin 2025. Le club de <strong>Grenoble<\/strong> a officialis\u00e9 ce samedi le pr\u00eat avec option d\u2019achat de l\u2019attaquant en direction du FC Cincinnati, actuel 2e de la conf\u00e9rence Est. L\u2019attaquant participera \u00e0 la deuxi\u00e8me partie de saison et \u00e9ventuellement aux playoffs, auxquels le club de l\u2019Ohio est d\u00e9j\u00e0 pratiquement assur\u00e9 de participer. Lanc\u00e9 en Ligue 2 au Paris FC, Jabbari avait d\u00e9barqu\u00e9 \u00e0 Grenoble en ao\u00fbt 2024 (26 apparitions pour 3 buts la saison pass\u00e9e).<\/p>\n<p>\u00c0 lire aussi &gt;&gt;\u00a0<a href=\"https:\/\/maligue2.fr\/2025\/08\/01\/officiel-mercato-pau-soffre-un-jeune-attaquant-guingampais\/\" target=\"_blank\" rel=\"noopener\">Officiel \u2013 Mercato : Pau s\u2019offre un jeune attaquant guingampais<\/a><\/p>\n<p>\u00a0<\/p>\n<blockquote class=\"twitter-tweet\">\n<p dir=\"ltr\" lang=\"fr\">Arriv\u00e9 dans la capitale des Alpes l\u2019\u00e9t\u00e9 dernier, l\u2019attaquant marocain, est pr\u00eat\u00e9 avec option d\u2019achat du c\u00f4t\u00e9 de la MLS o\u00f9 il disputera la fin de saison du championnat am\u00e9ricain avec le FC Cincinnati.<\/p>\n<p>Ayoub, le GF38 te remercie et te souhaite une excellente saison ! \ud83d\udc99 <a href=\"https:\/\/t.co\/lch6bT3kD8\">pic.twitter.com\/lch6bT3kD8<\/a><\/p>\n<p>\u2014 Grenoble Foot 38 (@GF38_Officiel) <a href=\"https:\/\/twitter.com\/GF38_Officiel\/status\/1951613957279477789?ref_src=twsrc%5Etfw\" target=\"_blank\" rel=\"noopener\">August 2, 2025<\/a><\/p>\n<\/blockquote>\n<p>\t\t<script async src=\"https:\/\/platform.twitter.com\/widgets.js\" charset=\"utf-8\"><\/script><\/p>\n","protected":false},"excerpt":{"rendered":"La silhouette \u00e9lanc\u00e9e d\u2019Ayoub Jabbari ne devrait plus appara\u00eetre au Stade des Alpes, en tout cas pas jusqu\u2019\u00e0&hellip;\n","protected":false},"author":2,"featured_media":291412,"comment_status":"","ping_status":"","sticky":false,"template":"","format":"standard","meta":{"footnotes":""},"categories":[9566],"tags":[30280,7562,1111,11,2430,43077,1777,674,1011,27,2731,12,25],"class_list":{"0":"post-291411","1":"post","2":"type-post","3":"status-publish","4":"format-standard","5":"has-post-thumbnail","7":"category-grenoble","8":"tag-alaune3","9":"tag-mettreenavant","10":"tag-actu","11":"tag-actualites","12":"tag-auvergne-rhone-alpes","13":"tag-ayoub-jabbari","14":"tag-eu","15":"tag-europe","16":"tag-fr","17":"tag-france","18":"tag-grenoble","19":"tag-news","20":"tag-republique-francaise"},"share_on_mastodon":{"url":"https:\/\/pubeurope.com\/@fr\/114959379670241459","error":""},"_links":{"self":[{"href":"https:\/\/www.europesays.com\/fr\/wp-json\/wp\/v2\/posts\/291411","targetHints":{"allow":["GET"]}}],"collection":[{"href":"https:\/\/www.europesays.com\/fr\/wp-json\/wp\/v2\/posts"}],"about":[{"href":"https:\/\/www.europesays.com\/fr\/wp-json\/wp\/v2\/types\/post"}],"author":[{"embeddable":true,"href":"https:\/\/www.europesays.com\/fr\/wp-json\/wp\/v2\/users\/2"}],"replies":[{"embeddable":true,"href":"https:\/\/www.europesays.com\/fr\/wp-json\/wp\/v2\/comments?post=291411"}],"version-history":[{"count":0,"href":"https:\/\/www.europesays.com\/fr\/wp-json\/wp\/v2\/posts\/291411\/revisions"}],"wp:featuredmedia":[{"embeddable":true,"href":"https:\/\/www.europesays.com\/fr\/wp-json\/wp\/v2\/media\/291412"}],"wp:attachment":[{"href":"https:\/\/www.europesays.com\/fr\/wp-json\/wp\/v2\/media?parent=291411"}],"wp:term":[{"taxonomy":"category","embeddable":true,"href":"https:\/\/www.europesays.com\/fr\/wp-json\/wp\/v2\/categories?post=291411"},{"taxonomy":"post_tag","embeddable":true,"href":"https:\/\/www.europesays.com\/fr\/wp-json\/wp\/v2\/tags?post=291411"}],"curies":[{"name":"wp","href":"https:\/\/api.w.org\/{rel}","templated":true}]}}