{"id":291413,"date":"2025-08-02T13:21:11","date_gmt":"2025-08-02T13:21:11","guid":{"rendered":"https:\/\/www.europesays.com\/fr\/291413\/"},"modified":"2025-08-02T13:21:11","modified_gmt":"2025-08-02T13:21:11","slug":"garde-denfants-le-stage-dete-une-solution-a-prix-varies-2","status":"publish","type":"post","link":"https:\/\/www.europesays.com\/fr\/291413\/","title":{"rendered":"Garde d\u2019enfants\u00a0: le stage d\u2019\u00e9t\u00e9, une solution \u00e0 prix vari\u00e9s"},"content":{"rendered":"<p>Trop press\u00e9 de partir en cong\u00e9s, vous avez oubli\u00e9 de r\u00e9server le centre de loisirs pour la fin du mois d\u2019ao\u00fbt. Trop tard, il n\u2019y a plus de place au centre a\u00e9r\u00e9 et <a href=\"https:\/\/rennes.maville.com\/actu\/actudet_-garde-d-enfants-quand-les-grands-parents-disent-non-_53511-6910748_actu.Htm\" target=\"_self\" rel=\"noopener\">les grands-parents ne sont pas disponibles<\/a>. Heureusement, les activit\u00e9s pour occuper les enfants en p\u00e9riode de vacances sont d\u00e9sormais nombreuses. Aussi parce qu\u2019un autre constat s\u2019est impos\u00e9\u00a0: 40\u00a0% des Fran\u00e7ais ne partent pas en vacances, rappelle l\u2019Observatoire des in\u00e9galit\u00e9s.<\/p>\n<p>Pour ses licenci\u00e9s, mais pas uniquement, le club rennais du Cercle Paul Bert de Rennes <a href=\"https:\/\/cerclepaulbert.asso.fr\/activites\/stages-sportifs\/\" target=\"_self\" rel=\"noopener\">propose des stages multisports \u00e0 chaque p\u00e9riode de vacances scolaires depuis longtemps<\/a> pour les 8\u00a0\u2013 15\u00a0ans. <strong>\u00ab\u00a0Les enfants participent \u00e0 diverses activit\u00e9s sportives telles que le football, le basket, la gymnastique, les jeux d\u2019\u00e9quipe, et bien plus encore.\u00a0\u00bb<\/strong> Une sortie est aussi programm\u00e9e chaque vendredi pour un co\u00fbt hebdomadaire compris entre 60 et 85\u00a0\u20ac, repas et go\u00fbter inclus.<\/p>\n<p>Dans la capitale bretonne, des ateliers cirque ou dessin sont aussi propos\u00e9s. \u00c0 Saint-Brieuc, pour ceux qui ne quittent pas la pr\u00e9fecture des C\u00f4tes-d\u2019Armor, <a href=\"https:\/\/saint-brieuc.maville.com\/actu\/actudet_-a-saint-brieuc-des-ateliers-creatifs-pour-occuper-les-vacances-des-enfants-de-robien-_52683-6919269_actu.Htm\" target=\"_self\" rel=\"noopener\">des ateliers de cr\u00e9ation artistique et des moments de lecture sont organis\u00e9s pour les enfants<\/a>. Dans le Finist\u00e8re, \u00e0 Quimper, les adolescents peuvent <a href=\"https:\/\/quimper.maville.com\/actu\/actudet_-reportage.-envie-d-apprendre-la-broderie-bretonne-des-ateliers-tout-l-ete-dans-cette-ecole-a-quimper-_6-6919976_actu.Htm\" target=\"_self\" rel=\"noopener\">s\u2019exercer \u00e0 la broderie glazig, sous l\u2019\u0153il expert de Pascal Jaouen<\/a>.<\/p>\n<p><strong>Lire aussi :<\/strong>\u00a0<a href=\"https:\/\/rennes.maville.com\/actu\/actudet_-reportage.-la-sncf-fait-voyager-les-enfants-comme-des-grands-pendant-l-ete-_54135-6922172_actu.Htm\" target=\"_self\" rel=\"noopener\">REPORTAGE. La SNCF fait voyager les enfants \u00ab comme des grands \u00bb pendant l\u2019\u00e9t\u00e9<\/a><\/p>\n<p>Des activit\u00e9s \u00e0 la pelle, des budgets vari\u00e9s<\/p>\n<p>Mais les occupations estivales sont aussi un march\u00e9 qui a d\u00e9pass\u00e9 le club de plage ou les colonies de vacances. En 1960, ils \u00e9taient 4\u00a0millions d\u2019enfants \u00e0 partir chaque ann\u00e9e <a href=\"https:\/\/injep.fr\/publication\/frequentation-des-accueils-collectifs-de-mineurs-accueils-de-loisirs-colonies-de-vacances-scoutisme-en-2023-2024\/\" target=\"_self\" rel=\"noopener\">selon l\u2019Institut national de la jeunesse et de l\u2019\u00e9ducation populaire (Injep)<\/a>. Ils sont autour de 500\u00a0000\u00a0actuellement.<\/p>\n<p>Que font-ils\u00a0?\u00a0<a href=\"https:\/\/rennes.maville.com\/sport\/detail_-entretien.-la-ministre-du-tourisme-veut-simplifier-la-declaration-d-embauche-des-saisonniers-_54135-6912380_actu.Htm\" target=\"_self\" rel=\"noopener\">Comme la ministre du Tourisme qui souhaite d\u00e9velopper les activit\u00e9s sportives et patrimoniales<\/a> pour garder les touristes sur le territoire, l\u2019offre pour les enfants est dense. Rien que sur la p\u00e9riode de l\u2019\u00e9t\u00e9 2025, <a href=\"https:\/\/www.kidsvacances.fr\/\" target=\"_self\" rel=\"noopener\">le site Internet Kids Vacances<\/a> met en avant plus de 600\u00a0stages, accessibles de 4 \u00e0 18\u00a0ans. L\u2019utilisateur peut choisir du bricolage comme un s\u00e9jour linguistique \u00e0 l\u2019\u00e9tranger, si vous avez les moyens.<\/p>\n<p><strong>\u00ab\u00a0Tu aimes bricoler, inventer, comprendre le monde autour de toi\u00a0? <\/strong>questionne l\u2019organisateur un stage organis\u00e9 dans les \u00e9coles d\u2019ing\u00e9nieurs de plusieurs villes de France pour moins de 300\u00a0\u20ac la semaine. <strong>Viens vivre une semaine unique avec Les Apprentis Curieux\u00a0!\u00a0\u00bb<\/strong> Sans surprise, la semaine (six\u00a0nuits) en Angleterre co\u00fbte, elle, 1\u00a0299\u00a0\u20ac et si vous souhaitez perfectionner votre niveau de langue il faudra d\u00e9bourser pr\u00e8s de 2\u00a0000\u00a0\u20ac pour s\u00e9journer sur un campus.<\/p>\n<p>\u00a0<\/p>\n","protected":false},"excerpt":{"rendered":"Trop press\u00e9 de partir en cong\u00e9s, vous avez oubli\u00e9 de r\u00e9server le centre de loisirs pour la fin&hellip;\n","protected":false},"author":2,"featured_media":291062,"comment_status":"","ping_status":"","sticky":false,"template":"","format":"standard","meta":{"footnotes":""},"categories":[2821],"tags":[1111,11,829,1719,2883,1777,674,1011,27,8712,12,2141,584,25,9451,3866,43026],"class_list":{"0":"post-291413","1":"post","2":"type-post","3":"status-publish","4":"format-standard","5":"has-post-thumbnail","7":"category-rennes","8":"tag-actu","9":"tag-actualites","10":"tag-bretagne","11":"tag-enfants","12":"tag-ete","13":"tag-eu","14":"tag-europe","15":"tag-fr","16":"tag-france","17":"tag-garde","18":"tag-news","19":"tag-prix","20":"tag-rennes","21":"tag-republique-francaise","22":"tag-solution","23":"tag-stage","24":"tag-varies"},"share_on_mastodon":{"url":"https:\/\/pubeurope.com\/@fr\/114959383574865733","error":""},"_links":{"self":[{"href":"https:\/\/www.europesays.com\/fr\/wp-json\/wp\/v2\/posts\/291413","targetHints":{"allow":["GET"]}}],"collection":[{"href":"https:\/\/www.europesays.com\/fr\/wp-json\/wp\/v2\/posts"}],"about":[{"href":"https:\/\/www.europesays.com\/fr\/wp-json\/wp\/v2\/types\/post"}],"author":[{"embeddable":true,"href":"https:\/\/www.europesays.com\/fr\/wp-json\/wp\/v2\/users\/2"}],"replies":[{"embeddable":true,"href":"https:\/\/www.europesays.com\/fr\/wp-json\/wp\/v2\/comments?post=291413"}],"version-history":[{"count":0,"href":"https:\/\/www.europesays.com\/fr\/wp-json\/wp\/v2\/posts\/291413\/revisions"}],"wp:featuredmedia":[{"embeddable":true,"href":"https:\/\/www.europesays.com\/fr\/wp-json\/wp\/v2\/media\/291062"}],"wp:attachment":[{"href":"https:\/\/www.europesays.com\/fr\/wp-json\/wp\/v2\/media?parent=291413"}],"wp:term":[{"taxonomy":"category","embeddable":true,"href":"https:\/\/www.europesays.com\/fr\/wp-json\/wp\/v2\/categories?post=291413"},{"taxonomy":"post_tag","embeddable":true,"href":"https:\/\/www.europesays.com\/fr\/wp-json\/wp\/v2\/tags?post=291413"}],"curies":[{"name":"wp","href":"https:\/\/api.w.org\/{rel}","templated":true}]}}