{"id":291421,"date":"2025-08-02T13:27:32","date_gmt":"2025-08-02T13:27:32","guid":{"rendered":"https:\/\/www.europesays.com\/fr\/291421\/"},"modified":"2025-08-02T13:27:32","modified_gmt":"2025-08-02T13:27:32","slug":"a-nantes-les-enfants-de-deux-quartiers-ont-decouvert-la-break-dance","status":"publish","type":"post","link":"https:\/\/www.europesays.com\/fr\/291421\/","title":{"rendered":"\u00c0 Nantes, les enfants de deux quartiers ont d\u00e9couvert la break dance"},"content":{"rendered":"<p>Les centres socioculturels de l\u2019Accoord, \u00e0 <a href=\"https:\/\/nantes.maville.com\/info\/info-locale\/\" target=\"_blank\" rel=\"noopener\">Nantes<\/a>, accueillent les enfants de 3 \u00e0 12\u00a0ans pendant les vacances d\u2019\u00e9t\u00e9. <strong>\u00ab\u00a0Une initiative commune des centres voisins des Dervalli\u00e8res et du Breil nous a conduits \u00e0 proposer aux plus grands, \u00e0 partir de 7\u00a0ans, de d\u00e9couvrir la pratique de la\u00a0break dance\u00a0\u00bb, <\/strong>explique Caroline Aubin, responsable du centre des Dervalli\u00e8res. Un choix retenu par les \u00e9ducateurs parce que <strong>\u00ab\u00a0ce mode d\u2019expression artistique fait la promotion de la non-violence. Et les danseurs cherchent \u00e0 cr\u00e9er un environnement o\u00f9 chacun se sent en s\u00e9curit\u00e9 et respect\u00e9, o\u00f9 les diff\u00e9rences sont accept\u00e9es et c\u00e9l\u00e9br\u00e9es\u00a0\u00bb.<\/strong><\/p>\n<p>\u00ab\u00a0Certains gestes sont compliqu\u00e9s\u00a0\u00bb<\/p>\n<p>Le projet a \u00e9t\u00e9 pr\u00e9sent\u00e9 dans les deux centres de loisirs. Les enfants ont b\u00e9n\u00e9fici\u00e9 d\u2019une journ\u00e9e de d\u00e9couverte assur\u00e9e par Brice Fo\u00e9 Ekora et No\u00e9 Labb\u00e9, membres de l\u2019association On off crew, s\u00e9lectionn\u00e9e pour encadrer l\u2019activit\u00e9. Vingt-six gar\u00e7ons et filles ont confirm\u00e9 leur choix et suivi un stage intense, au Breil, au cours duquel ils ont appris <strong>\u00ab\u00a0des chor\u00e9graphies aux allures d\u2019acrobaties\u00a0\u00bb.<\/strong><\/p>\n<p>Les artistes ont ensuite assur\u00e9 deux repr\u00e9sentations devant leurs parents et leurs amis. <strong>\u00ab\u00a0Fiers\u00a0\u00bb <\/strong>de leur r\u00e9ussite, <strong>\u00ab\u00a0alors que \u00e7a n\u2019a pas \u00e9t\u00e9 facile au d\u00e9but\u00a0\u00bb,<\/strong> confient les jeunes des Dervalli\u00e8res. <strong>\u00ab\u00a0Certains gestes sont compliqu\u00e9s, surtout les mouvements de jambe\u00a0\u00bb, <\/strong>que reproduit Hanan, 9\u00a0ans. <strong>\u00ab\u00a0Les s\u00e9ances ont dur\u00e9 presque deux heures, assez longues pour apprendre \u00e0 r\u00e9ussir des prouesses\u00a0\u00bb,<\/strong> ajoute l\u2019intarissable Jinen, 9\u00a0ans aussi. Maxence, m\u00eame \u00e2ge, s\u2019est senti <strong>\u00ab\u00a0stress\u00e9\u00a0\u00bb<\/strong> \u00e0 l\u2019id\u00e9e d\u2019\u00e9voluer devant ses parents\u00a0:<strong> \u00ab\u00a0Je suis un peu timide. J\u2019ai d\u00e9cid\u00e9 de faire comme s\u2019ils ne viendraient pas.\u00a0\u00bb <\/strong>Tous affirment avoir pris <strong>\u00ab\u00a0\u00e9norm\u00e9ment de plaisir\u00a0: on a eu de belles vacances\u00a0\u00bb.<\/strong><\/p>\n<p>\u00a0<\/p>\n","protected":false},"excerpt":{"rendered":"Les centres socioculturels de l\u2019Accoord, \u00e0 Nantes, accueillent les enfants de 3 \u00e0 12\u00a0ans pendant les vacances d\u2019\u00e9t\u00e9.&hellip;\n","protected":false},"author":2,"featured_media":291422,"comment_status":"","ping_status":"","sticky":false,"template":"","format":"standard","meta":{"footnotes":""},"categories":[2818],"tags":[1111,11,17773,35851,13916,1719,1777,674,1011,27,766,12,2636,5116,25],"class_list":{"0":"post-291421","1":"post","2":"type-post","3":"status-publish","4":"format-standard","5":"has-post-thumbnail","7":"category-nantes","8":"tag-actu","9":"tag-actualites","10":"tag-break","11":"tag-dance","12":"tag-decouvert","13":"tag-enfants","14":"tag-eu","15":"tag-europe","16":"tag-fr","17":"tag-france","18":"tag-nantes","19":"tag-news","20":"tag-pays-de-la-loire","21":"tag-quartiers","22":"tag-republique-francaise"},"share_on_mastodon":{"url":"https:\/\/pubeurope.com\/@fr\/114959407115946249","error":""},"_links":{"self":[{"href":"https:\/\/www.europesays.com\/fr\/wp-json\/wp\/v2\/posts\/291421","targetHints":{"allow":["GET"]}}],"collection":[{"href":"https:\/\/www.europesays.com\/fr\/wp-json\/wp\/v2\/posts"}],"about":[{"href":"https:\/\/www.europesays.com\/fr\/wp-json\/wp\/v2\/types\/post"}],"author":[{"embeddable":true,"href":"https:\/\/www.europesays.com\/fr\/wp-json\/wp\/v2\/users\/2"}],"replies":[{"embeddable":true,"href":"https:\/\/www.europesays.com\/fr\/wp-json\/wp\/v2\/comments?post=291421"}],"version-history":[{"count":0,"href":"https:\/\/www.europesays.com\/fr\/wp-json\/wp\/v2\/posts\/291421\/revisions"}],"wp:featuredmedia":[{"embeddable":true,"href":"https:\/\/www.europesays.com\/fr\/wp-json\/wp\/v2\/media\/291422"}],"wp:attachment":[{"href":"https:\/\/www.europesays.com\/fr\/wp-json\/wp\/v2\/media?parent=291421"}],"wp:term":[{"taxonomy":"category","embeddable":true,"href":"https:\/\/www.europesays.com\/fr\/wp-json\/wp\/v2\/categories?post=291421"},{"taxonomy":"post_tag","embeddable":true,"href":"https:\/\/www.europesays.com\/fr\/wp-json\/wp\/v2\/tags?post=291421"}],"curies":[{"name":"wp","href":"https:\/\/api.w.org\/{rel}","templated":true}]}}