{"id":291423,"date":"2025-08-02T13:28:21","date_gmt":"2025-08-02T13:28:21","guid":{"rendered":"https:\/\/www.europesays.com\/fr\/291423\/"},"modified":"2025-08-02T13:28:21","modified_gmt":"2025-08-02T13:28:21","slug":"juillettiste-ou-aoutien-quel-est-le-touriste-ideal","status":"publish","type":"post","link":"https:\/\/www.europesays.com\/fr\/291423\/","title":{"rendered":"Juillettiste ou ao\u00fbtien\u00a0: quel est le touriste id\u00e9al\u00a0?"},"content":{"rendered":"<p>Au-del\u00e0 d\u2019\u00eatre un week-end laborieux sur les routes, le grand chass\u00e9-crois\u00e9 de l\u2019\u00e9t\u00e9, entre les mois d\u2019ao\u00fbt et juillet, r\u00e9v\u00e8le la s\u00e9paration entre deux camps\u00a0: les juillettistes et les ao\u00fbtiens. Ceux adeptes d\u2019un \u00e9t\u00e9 plus calme avant la temp\u00eate du mois d\u2019ao\u00fbt, et ceux partisans de vacances bien m\u00e9rit\u00e9es au bout du bout de l\u2019\u00e9t\u00e9. Mais parle-t-on d\u2019un ph\u00e9nom\u00e8ne existentiel ou d\u2019une simple l\u00e9gende urbaine comparable \u00e0 une guerre de clocher\u00a0?<\/p>\n<p><a href=\"https:\/\/nantes.maville.com\/actu\/actudet_-fermeture-du-pont-de-chevire-quatre-heures-d-attente-pour-prendre-le-bac-_52716-6919738_actu.Htm\" target=\"_blank\" rel=\"noopener\"> <strong>Lire aussi\u00a0: fermeture du pont de Chevir\u00e9\u00a0: \u00ab\u00a0Quatre heures d\u2019attente pour prendre le bac\u00a0\u00bb<\/strong> <\/a><\/p>\n<p>Isabelle Ragueneau est directrice d\u2019accueil de l\u2019office du tourisme du Voyage \u00e0 Nantes, rue des \u00c9tats, depuis trente-cinq ans. Les vacanciers de la cit\u00e9 des ducs, elle conna\u00eet, elle les voit passer toute la journ\u00e9e. Et elle l\u2019affirme, ce changement marquant de l\u2019\u00e9t\u00e9 existe bel et bien toujours. Pour Bertrand Le Merle, en charge de la communication de l\u2019organisme, \u00a0c\u2019est comme les mangeurs de poisson et de viande\u00a0: il y en aura toujours\u00a0\u00bb.Le mois d\u2019ao\u00fbt serait donc plus sportif, d\u2019apr\u00e8s Isabelle Ragueneau. \u00a0On va commencer \u00e0 entrer dans le dur avec les ao\u00fbtiens, les deux premi\u00e8res semaines sont bien remplies\u00a0, affirme-t-elle, d\u2019exp\u00e9rience.<\/p>\n<p>Qui est le plus agr\u00e9able\u00a0?<\/p>\n<p>Mais pour quelles raisons\u00a0? Si l\u2019on grossit le trait, le juillettiste s\u2019apparenterait \u00e0 un touriste \u00e9tranger, notamment nos voisins allemands, espagnols et italiens, \u00e0 en croire les observations de la directrice d\u2019accueil. Les Fran\u00e7ais, eux, d\u00e9barqueraient en plus grand nombre au mois d\u2019ao\u00fbt, quand de nombreuses entreprises ferment. Et Isabelle Ragueneau le reconna\u00eet, \u00a0on dit souvent que les juillettistes sont plus agr\u00e9ables que les ao\u00fbtiens\u00a0. Le Fran\u00e7ais serait donc plus compliqu\u00e9 que les autres\u00a0? \u00a0En tout cas, quand on a des remarques n\u00e9gatives, c\u2019est bien souvent de nos Fran\u00e7ais\u00a0, s\u2019amuse-t-elle.<\/p>\n<p>En fait, l\u2019arr\u00eat du tourisme durant la crise Covid-19 a cr\u00e9\u00e9 un tournant chez les touristes. Du moins, c\u2019est le sentiment qu\u2019elle \u00e9prouve depuis son bureau. \u00a0Cette fracture a rendu les personnes moins patientes\u00a0, observe-t-elle. Mais rien d\u2019affolant, relativise Isabelle Ragueneau. \u00a0Dans l\u2019ensemble, les \u00e9changes se passent tr\u00e8s bien. On fait de belles rencontres.\u00a0 Et pas que des Europ\u00e9ens, raconte celle qui a notamment pu accueillir des \u00c9tasuniens, des Canadiens et m\u00eame des Australiens.<\/p>\n<p>\u00a0<\/p>\n","protected":false},"excerpt":{"rendered":"Au-del\u00e0 d\u2019\u00eatre un week-end laborieux sur les routes, le grand chass\u00e9-crois\u00e9 de l\u2019\u00e9t\u00e9, entre les mois d\u2019ao\u00fbt et&hellip;\n","protected":false},"author":2,"featured_media":291424,"comment_status":"","ping_status":"","sticky":false,"template":"","format":"standard","meta":{"footnotes":""},"categories":[2818],"tags":[1111,11,43079,1777,674,1011,27,43080,43078,766,12,2636,25,17549],"class_list":{"0":"post-291423","1":"post","2":"type-post","3":"status-publish","4":"format-standard","5":"has-post-thumbnail","7":"category-nantes","8":"tag-actu","9":"tag-actualites","10":"tag-aoutien","11":"tag-eu","12":"tag-europe","13":"tag-fr","14":"tag-france","15":"tag-ideal","16":"tag-juillettiste","17":"tag-nantes","18":"tag-news","19":"tag-pays-de-la-loire","20":"tag-republique-francaise","21":"tag-touriste"},"share_on_mastodon":{"url":"https:\/\/pubeurope.com\/@fr\/114959411096886229","error":""},"_links":{"self":[{"href":"https:\/\/www.europesays.com\/fr\/wp-json\/wp\/v2\/posts\/291423","targetHints":{"allow":["GET"]}}],"collection":[{"href":"https:\/\/www.europesays.com\/fr\/wp-json\/wp\/v2\/posts"}],"about":[{"href":"https:\/\/www.europesays.com\/fr\/wp-json\/wp\/v2\/types\/post"}],"author":[{"embeddable":true,"href":"https:\/\/www.europesays.com\/fr\/wp-json\/wp\/v2\/users\/2"}],"replies":[{"embeddable":true,"href":"https:\/\/www.europesays.com\/fr\/wp-json\/wp\/v2\/comments?post=291423"}],"version-history":[{"count":0,"href":"https:\/\/www.europesays.com\/fr\/wp-json\/wp\/v2\/posts\/291423\/revisions"}],"wp:featuredmedia":[{"embeddable":true,"href":"https:\/\/www.europesays.com\/fr\/wp-json\/wp\/v2\/media\/291424"}],"wp:attachment":[{"href":"https:\/\/www.europesays.com\/fr\/wp-json\/wp\/v2\/media?parent=291423"}],"wp:term":[{"taxonomy":"category","embeddable":true,"href":"https:\/\/www.europesays.com\/fr\/wp-json\/wp\/v2\/categories?post=291423"},{"taxonomy":"post_tag","embeddable":true,"href":"https:\/\/www.europesays.com\/fr\/wp-json\/wp\/v2\/tags?post=291423"}],"curies":[{"name":"wp","href":"https:\/\/api.w.org\/{rel}","templated":true}]}}