{"id":291425,"date":"2025-08-02T13:29:14","date_gmt":"2025-08-02T13:29:14","guid":{"rendered":"https:\/\/www.europesays.com\/fr\/291425\/"},"modified":"2025-08-02T13:29:14","modified_gmt":"2025-08-02T13:29:14","slug":"a-bordeaux-le-combat-dune-commercante-pour-faire-vivre-sa-boutique","status":"publish","type":"post","link":"https:\/\/www.europesays.com\/fr\/291425\/","title":{"rendered":"\u00e0 Bordeaux, le combat d\u2019une commer\u00e7ante pour faire vivre sa boutique"},"content":{"rendered":"<p>            Par<br \/>\n        <strong><br \/>\n            <a href=\"https:\/\/actu.fr\/auteur\/charlotte-lesprit\" title=\"Consulter tous les articles de Charlotte Lesprit\" rel=\"nofollow noopener\" target=\"_blank\">Charlotte Lesprit<\/a><br \/>\n        <\/strong><\/p>\n<p>        Publi\u00e9 le<\/p>\n<p>            2 ao\u00fbt 2025 \u00e0 6h32        <\/p>\n<p>\u00c0 Bordeaux, comme dans de nombreuses villes, les commer\u00e7ants ind\u00e9pendants vivent un vrai d\u00e9fi pour pr\u00e9server leur place face <strong>aux \u00e9volutions des habitudes de consommation<\/strong>. A cela s\u2019ajoutent\u2009: inflation et hausse des co\u00fbts \u00e9nerg\u00e9tiques. \u00ab\u2009Si je suis dans le coin, je culpabilise de ne pas ouvrir ma boutique. Rester tranquille, pos\u00e9e \u00e0 la maison, \u00e7a n\u2019existe plus.\u00a0\u00bb\u2009 Sandy H\u00e9bert, commer\u00e7ante bordelaise, <strong>ne compte plus ses heures<\/strong>. Elle a cr\u00e9\u00e9 Le Psych\u00e9 d\u2019Holly, magasin de pr\u00eat-\u00e0-porter nich\u00e9 au 14, rue Saint-James voil\u00e0 plus de onze ans. Elle s\u2019inscrit ainsi parmi les <strong>38\u2009% des \u00e9tablissements install\u00e9s depuis plus de dix ans<\/strong> \u00e0 Bordeaux selon une \u00e9tude de la CCI. Ses prochains jours de repos\u2009? Quatre en septembre, utilis\u00e9s pour se rendre \u00e0 un salon professionnel \u00e0 Paris. T\u00e9moignage du quotidien intense d\u2019une commer\u00e7ante ind\u00e9pendante.<\/p>\n<p class=\" wall-content\">Co-pr\u00e9sidente de <a href=\"https:\/\/www.bordeauxmoncommerce.fr\/\" rel=\"nofollow noopener\" target=\"_blank\">Bordeaux mon commerce<\/a> et pr\u00e9sidente du Quartier des cr\u00e9ateurs \u2014 association qui regroupe artisans, commer\u00e7ants et artistes du secteur Saint-Paul \u2014 Sandy H\u00e9bert, pour faire vivre sa boutique, doit sans cesse se r\u00e9inventer et <strong>multiplier les efforts<\/strong>. Entre \u00e9v\u00e9nements de quartier, r\u00e9seaux sociaux et digitalisation, le m\u00e9tier d\u00e9passe largement la simple vente en magasin.<\/p>\n<p class=\" wall-content\">Et bien que son magasin soit officiellement ouvert du mardi au samedi, il n\u2019est pas rare de pouvoir franchir son seuil<strong> les dimanches et lundis<\/strong>. \u00ab\u2009Je suis l\u00e0 pour donner un conseil, vendre une exp\u00e9rience, un moment\u2009\u00bb, explique-t-elle tout en rappelant qu\u2019elle choisit chacun de ses produits.<\/p>\n<p class=\" wall-content\"><a href=\"https:\/\/www.instagram.com\/p\/DAvYHuRqY-i\/embed\" title=\"Ouvrir le lien sur Instagram\" rel=\"nofollow noopener\" target=\"_blank\">Visualiser le contenu sur Instagram<\/a><\/p>\n<blockquote class=\"ac-article-quote wall-content\">\n<p>\u00ab\u2009Ce magasin, c&rsquo;est mes tripes. C\u2019est un engagement de tous les jours. Si je ferme le lundi, cela repr\u00e9sente 52\u00a0jours dans l\u2019ann\u00e9e et \u00e7a fait vite un trou dans la caisse \u00bb<\/p>\n<p>    <strong>Sandy H\u00e9bert<\/strong><br \/>\n        commer\u00e7ante bordelaise dans le quartier de la Grosse Cloche    <\/p><\/blockquote>\n<p>\u00ab\u2009Je veux pouvoir me regarder le soir dans le miroir\u2009\u00bb<\/p>\n<p class=\" wall-content\">\u00ab\u2009Je suis l\u00e0 pour accompagner le client et \u00e9ventuellement<strong> le faire sortir de sa zone de confort<\/strong>\u2009\u00bb, ajoute Sandy H\u00e9bert. Et de compl\u00e9ter\u2009: \u00ab\u2009Lorsque je vends un article, je veux pouvoir me regarder le soir dans le miroir. Je joue sur l\u2019originalit\u00e9 des pi\u00e8ces, certes, mais aussi sur le prix et la dur\u00e9e de vie en choisissant au maximum <strong>des fabrications europ\u00e9ennes<\/strong>.\u2009\u00bb<\/p>\n<p>Ce qu&rsquo;il faut savoirMis \u00e0 jour le 31\/07\/2025<\/p>\n<p>Dans son \u00e9tude sur les chiffres cl\u00e9s du commerce en 2024, la CCI Bordeaux Gironde rappelle qu\u2019\u00e0 l\u2019\u00e9chelle nationale, les achats en ligne repr\u00e9sentent un montant de 175,3 milliards d\u2019euros, soulignant l\u2019importance croissante du e-commerce . Parmi ces achats, 56 % concernent des articles li\u00e9s \u00e0 la mode et \u00e0 l\u2019habillement, et 41 % des chaussures.<\/p>\n<p>Commerces et services (coiffure, nettoyage, r\u00e9paration, conseil, sant\u00e9, etc.) \u00e0 Bordeaux :<br \/>\n800 cr\u00e9ations en 2024 (-18% par rapport \u00e0 2023).<br \/>\n629 cessations en 2024 (-29% par rapport \u00e0 2023).<br \/>\n49,5% de taux de survie \u00e0 6 ans contre 49,3% entre 2013 et 2019. <\/p>\n<p>Concernant les commerces et CHR (caf\u00e9s-h\u00f4tels-restaurants) \u00e0 Bordeaux :<br \/>\n321 ouvertures de proc\u00e9dures collectives en 2024 (+60% en un an) dont 153 liquidations judiciaires (+54,5% par rapport \u00e0 2023). L&rsquo;objectif d&rsquo;une proc\u00e9dure collective est d\u2019aider une entreprise \u00e0 surmonter ses difficult\u00e9s \u00e9conomiques ou financi\u00e8res.<\/p>\n<p>Voir toutCr\u00e9er de nouvelles initiatives<\/p>\n<p class=\" wall-content\">Si Sandy H\u00e9bert est sur tous les fronts, c\u2019est aussi parce qu\u2019elle sait que c\u2019est un \u00e9quilibre fragile\u2009: \u00ab\u2009Gilets jaunes, Covid\u2026 L\u00e0 tout va bien mais on ne peut pas se reposer sur nos lauriers car <strong>le commerce est en dents de scie<\/strong>\u2009\u00bb. Chiffres \u00e0 l\u2019appui, celui des soldes\u2009: \u00ab\u2009Moins 19\u2009% par rapport \u00e0 l\u2019ann\u00e9e derni\u00e8re mais je ne panique pas car <a href=\"https:\/\/actu.fr\/nouvelle-aquitaine\/bordeaux_33063\/figure-du-commerce-a-bordeaux-tania-labadie-songe-a-fermer-sa-boutique-de-chaussures-on-est-taxes-a-mort_62143550.html\" rel=\"nofollow noopener\" target=\"_blank\">nous sommes tous concern\u00e9s<\/a>.\u2009\u00bb<\/p>\n<p class=\" wall-content\">Dans ce contexte, les<strong> initiatives collectives<\/strong> apparaissent comme des bou\u00e9es de sauvetage pour d\u00e9fendre et dynamiser le commerce de proximit\u00e9. \u00c0 titre d\u2019exemple, l\u2019association Bordeaux mon commerce pr\u00e9pare la deuxi\u00e8me \u00e9dition de son <strong>Festival des commer\u00e7ants\u2009<\/strong>qui se tiendra les<strong> 25, 26 et 27\u00a0septembre dans toute la ville<\/strong>. L\u2019id\u00e9e\u2009: qu\u2019artistes et commer\u00e7ants animent les quartiers de Bordeaux entre performances et d\u00e9balles de produits durant trois jours de festivit\u00e9s.<\/p>\n<p class=\" wall-content\">Suivez toute l\u2019actualit\u00e9 de vos villes et m\u00e9dias favoris en vous inscrivant \u00e0 <a href=\"https:\/\/moncompte.actu.fr\" title=\"D\u00e9couvez Mon Actu\" rel=\"nofollow noopener\" data-trk=\"{&quot;cta&quot;:{&quot;action&quot;:&quot;https:\\\/\\\/moncompte.actu.fr&quot;,&quot;category&quot;:&quot;mon compte&quot;,&quot;from&quot;:&quot;article footer&quot;,&quot;name&quot;:&quot;Mon actu&quot;,&quot;type&quot;:&quot;cta&quot;}}\" target=\"_blank\">Mon Actu<\/a>.<\/p>\n<p>                    <script async src=\"\/\/www.instagram.com\/embed.js\"><\/script><\/p>\n","protected":false},"excerpt":{"rendered":"Par Charlotte Lesprit Publi\u00e9 le 2 ao\u00fbt 2025 \u00e0 6h32 \u00c0 Bordeaux, comme dans de nombreuses villes, les&hellip;\n","protected":false},"author":2,"featured_media":291426,"comment_status":"","ping_status":"","sticky":false,"template":"","format":"standard","meta":{"footnotes":""},"categories":[2817],"tags":[1111,11,1997,215,33,1777,674,1011,27,12,2219,25,216],"class_list":{"0":"post-291425","1":"post","2":"type-post","3":"status-publish","4":"format-standard","5":"has-post-thumbnail","7":"category-bordeaux","8":"tag-actu","9":"tag-actualites","10":"tag-bordeaux","11":"tag-commerce","12":"tag-economie","13":"tag-eu","14":"tag-europe","15":"tag-fr","16":"tag-france","17":"tag-news","18":"tag-nouvelle-aquitaine","19":"tag-republique-francaise","20":"tag-vie-des-entreprises"},"share_on_mastodon":{"url":"https:\/\/pubeurope.com\/@fr\/114959415031174664","error":""},"_links":{"self":[{"href":"https:\/\/www.europesays.com\/fr\/wp-json\/wp\/v2\/posts\/291425","targetHints":{"allow":["GET"]}}],"collection":[{"href":"https:\/\/www.europesays.com\/fr\/wp-json\/wp\/v2\/posts"}],"about":[{"href":"https:\/\/www.europesays.com\/fr\/wp-json\/wp\/v2\/types\/post"}],"author":[{"embeddable":true,"href":"https:\/\/www.europesays.com\/fr\/wp-json\/wp\/v2\/users\/2"}],"replies":[{"embeddable":true,"href":"https:\/\/www.europesays.com\/fr\/wp-json\/wp\/v2\/comments?post=291425"}],"version-history":[{"count":0,"href":"https:\/\/www.europesays.com\/fr\/wp-json\/wp\/v2\/posts\/291425\/revisions"}],"wp:featuredmedia":[{"embeddable":true,"href":"https:\/\/www.europesays.com\/fr\/wp-json\/wp\/v2\/media\/291426"}],"wp:attachment":[{"href":"https:\/\/www.europesays.com\/fr\/wp-json\/wp\/v2\/media?parent=291425"}],"wp:term":[{"taxonomy":"category","embeddable":true,"href":"https:\/\/www.europesays.com\/fr\/wp-json\/wp\/v2\/categories?post=291425"},{"taxonomy":"post_tag","embeddable":true,"href":"https:\/\/www.europesays.com\/fr\/wp-json\/wp\/v2\/tags?post=291425"}],"curies":[{"name":"wp","href":"https:\/\/api.w.org\/{rel}","templated":true}]}}