{"id":291429,"date":"2025-08-02T13:31:23","date_gmt":"2025-08-02T13:31:23","guid":{"rendered":"https:\/\/www.europesays.com\/fr\/291429\/"},"modified":"2025-08-02T13:31:23","modified_gmt":"2025-08-02T13:31:23","slug":"on-file-a-oslo-pour-un-city-break-rafraichissant","status":"publish","type":"post","link":"https:\/\/www.europesays.com\/fr\/291429\/","title":{"rendered":"on file \u00e0 Oslo pour un city break&#8230; rafra\u00eechissant\u00a0!"},"content":{"rendered":"<p>            Par<br \/>\n        <strong><br \/>\n            <a href=\"https:\/\/actu.fr\/auteur\/redaction-toulouse\" title=\"Consulter tous les articles de R\u00e9daction de Toulouse\" target=\"_blank\" rel=\"noopener\">R\u00e9daction de Toulouse<\/a><br \/>\n        <\/strong><\/p>\n<p>        Publi\u00e9 le<\/p>\n<p>            2 ao\u00fbt 2025 \u00e0 15h12        <\/p>\n<p>Il y a mille et une bonnes raisons d\u2019aller passer <strong>quelques jours \u00e0 Oslo<\/strong>. Il r\u00e8gne une douceur de vivre en mode no stress. Les Scandinaves prennent le temps de fl\u00e2ner, de profiter du soleil et des longues journ\u00e9es d\u2019\u00e9t\u00e9. \u00c0 pied, \u00e0 v\u00e9lo, en tram ou en trottinette \u00e9lectrique, on se d\u00e9place facilement dans Oslo. Elle ambitionne de devenir en 2030 l\u2019une des premi\u00e8res grandes villes europ\u00e9ennes sans voitures et sans \u00e9mission de CO2.\u00a0<\/p>\n<p>Direction le Palais Royal\u00a0<br \/>\n    <img   decoding=\"async\" loading=\"lazy\" src=\"https:\/\/www.europesays.com\/fr\/wp-content\/uploads\/2025\/08\/oslo-palais-royal-credit-dp-960x640.jpeg\" alt=\"Le Palais Royal d'Oslo. \" width=\"960\" height=\"640\"\/><br \/>\n    Le Palais Royal d\u2019Oslo. (\u00a9Dorisse Pradal \/ actu Toulouse)<\/p>\n<p class=\" wall-content\">Votre d\u00e9couverte de la ville pourrait commencer par le <strong>Palais Royal<\/strong> \u00e0 l\u2019architecture n\u00e9oclassique, c\u2019est la r\u00e9sidence officielle du Roi de Norv\u00e8ge, Harald\u202fV\u00a0et de la Reine Sonja. La rel\u00e8ve de la garde a lieu tous les jours \u00e0 13h30. Le parc est ouvert en permanence m\u00eame lors des visites officielles, \u00ab\u00a0ici, on aime cette sensation de libert\u00e9, tout est bas\u00e9 sur la confiance\u00a0\u00bb, vous dira Astrid Vetter, guide touristique.<\/p>\n<p class=\" wall-content\">Envie d\u2019espaces verts\u00a0? Oslo est la ville d\u2019Europe la plus chanceuse avec pr\u00e8s de 80 % de sa superficie en parcs et for\u00eats. Le plus grand parc public d\u2019Oslo, le <strong>Frognerparken<\/strong>, abrite\u00a0les 200 statues de Gustav Vigeland.<\/p>\n<p class=\" wall-content\">Le\u00a0chemin longeant la rivi\u00e8re <strong>Akerselva\u00a0<\/strong>cache une Oslo alternative entre usines r\u00e9habilit\u00e9es, street art, bars et <strong>Mathallen<\/strong>, un food court incontournable pour son offre gourmande.<\/p>\n<p>Une richesse culturelle incroyable\u2026<br \/>\n    <img   decoding=\"async\" loading=\"lazy\" src=\"https:\/\/www.europesays.com\/fr\/wp-content\/uploads\/2025\/08\/oslo-musee-munch-le-cri-credit-dp-960x640.jpeg\" alt=\"Le mus\u00e9e Munch, un incontournable \u00e0 Oslo. \" width=\"960\" height=\"640\"\/><br \/>\n    Le mus\u00e9e Munch, un incontournable \u00e0 Oslo. (\u00a9Dorisse Pradal \/ actu Toulouse)<\/p>\n<p class=\" wall-content\"><strong>L\u2019op\u00e9ra d\u2019Oslo<\/strong> annonce la couleur, v\u00eatu de marbre blanc de Carrare import\u00e9 d\u2019Italie. Il est le symbole de l\u2019Oslo nouvelle vague, son architecture ressemble \u00e0 un iceberg. Son toit est une promenade, il offre une superbe vue sur le fjord.<\/p>\n<p class=\" wall-content\">Dans la foul\u00e9e, on ira d\u00e9couvrir le<strong> Mus\u00e9e Munch<\/strong>, plus d\u2019un millier de peintures du c\u00e9l\u00e8bre peintre norv\u00e9gien y sont expos\u00e9es dont l\u2019immanquable Le Cri (Skrik en norv\u00e9gien). Impossible de la manquer, une autre version de ce tableau traduisant cette sensation de mal-\u00eatre est expos\u00e9e au Mus\u00e9e national d\u2019Oslo. Faites un tour dans Bj\u00f8rvika, quartier en plein d\u00e9veloppement et plongez dans les piscines de S\u00f8renga.<\/p>\n<p class=\" wall-content\">D\u2019autres mus\u00e9es valent vraiment le d\u00e9tour, face \u00e0 l\u2019embl\u00e9matique <strong>H\u00f4tel de ville<\/strong> construit dans les ann\u00e9es 40 et typique de l\u2019architecture scandinave, allez visiter le Nobel Peace Center, un mus\u00e9e interactif pour d\u00e9couvrir l\u2019histoire du Prix Nobel de la Paix. Suivez la promenade jusqu\u2019au mus\u00e9e d\u2019art moderne Astrup Fearnley, on y va pour ses collections mais aussi pour son architecture \u00e9voquant un voilier. La plage est \u00e0 deux pas, au milieu de la ville.<\/p>\n<p>Bygd\u00f8y, une destination \u00e0 part enti\u00e8re<br \/>\n    <img   decoding=\"async\" loading=\"lazy\" src=\"https:\/\/www.europesays.com\/fr\/wp-content\/uploads\/2025\/08\/oslo-musee-fram-credit-dp-960x640.jpeg\" alt=\"Le mus\u00e9e Fram. \" width=\"960\" height=\"640\"\/><br \/>\n    Le mus\u00e9e Fram. (\u00a9Dorisse Pradal \/ actu Toulouse)<\/p>\n<p class=\" wall-content\">Bygd\u00f8y, c\u2019est l\u2019\u00eele aux mus\u00e9es, on peut rejoindre la presqu\u2019\u00eele en ferry ou en bus, le 30 vous y conduit depuis le centre-ville.<\/p>\n<p class=\" wall-content\">Impossible de manquer le <strong>mus\u00e9e Fram<\/strong> du nom de la go\u00e9lette construite en 1892\u00a0pour l\u2019explorateur norv\u00e9gien\u00a0Fridtjof Nansen. Il a voulu se faire pi\u00e9ger dans la banquise arctique et d\u00e9river vers le p\u00f4le Nord. Montez \u00e0 bord de Fram et de Gj\u00f8a de l\u2019aventurier Roald Amundsen, les navires polaires les plus c\u00e9l\u00e8bres au monde.<\/p>\n<p class=\" wall-content\">On reste dans l\u2019univers des grands explorateurs avec<strong> le mus\u00e9e Kon-Tiki<\/strong>, le radeau de l\u2019explorateur norv\u00e9gien<strong> Thor Heyerdahl<\/strong> raconte sa formidable exp\u00e9dition entre le P\u00e9rou et les \u00eeles Tuamotu. Pour rester dans le th\u00e8me, \u00e0 voir le mus\u00e9e maritime et le mus\u00e9e du folklore norv\u00e9gien. Le mus\u00e9e des Vikings se refait une beaut\u00e9, on attend sa r\u00e9ouverture en 2027.<\/p>\n<p class=\" wall-content\">On terminera notre balade par une baignade (naturiste ou non) sur la plage de Huk et un d\u00e9jeuner au Lille Herbern, charmant restaurant nich\u00e9 au milieu du fjord. Seul un bateau vous y am\u00e8ne.<\/p>\n<p class=\" wall-content\">La belle nordique n\u2019attend que vous. Oslo ne vous laissera pas de glace\u00a0!<\/p>\n<p>Coup de c\u0153ur : Oslo et les pouvoirs de l\u2019eau<br \/>\n    <img   decoding=\"async\" loading=\"lazy\" src=\"https:\/\/www.europesays.com\/fr\/wp-content\/uploads\/2025\/08\/oslo-sauna-flottant-credit-dp-960x640.jpeg\" alt=\"Un sauna flottant \u00e0 d\u00e9couvrir \u00e0 Oslo ! \" width=\"960\" height=\"640\"\/><br \/>\n    Un sauna flottant \u00e0 d\u00e9couvrir \u00e0 Oslo ! (\u00a9Dorisse Pradal \/ Actu Toulouse)<\/p>\n<p class=\" wall-content\">Contrairement aux spectaculaires fjords de l\u2019ouest norv\u00e9gien, celui d\u2019Oslo dessine les contours de la baie autour de villages c\u00f4tiers et de plages. Peu profond, il s\u2019\u00e9tire sur une centaine de kilom\u00e8tres.<\/p>\n<p class=\" wall-content\">La ville s\u2019est ouverte sur son fjord ces derni\u00e8res ann\u00e9es, les Norv\u00e9giens adorent prendre le ferry (transport public) pour se rendre dans les \u00eeles toutes proches, <strong>Hoved\u00f8ya<\/strong>, Gressholmen, Lind\u00f8ya, id\u00e9ales pour la baignade ou le pique-nique.<\/p>\n<p class=\" wall-content\">Oslo aime l\u2019eau et \u00e7a se voit. La ville a transform\u00e9 d\u2019anciens sites industriels en quartiers durables, jouant avec l\u2019eau, l\u2019architecture et la lumi\u00e8re. Les immeubles sont construits <strong>au bord des canaux et des kayaks<\/strong> attendent sagement devant les portes.<\/p>\n<p class=\" wall-content\">Un rayon de soleil et \u00e0 l\u2019eau\u00a0! Les Norv\u00e9giens adorent se baigner mais ce qu\u2019ils pr\u00e9f\u00e8rent c\u2019est sauter dans le port d\u2019Oslo depuis <strong>les saunas flottants<\/strong>, une exp\u00e9rience \u00e0 vivre intens\u00e9ment, m\u00eame si l\u2019eau d\u00e9passe rarement les 20 degr\u00e9s en \u00e9t\u00e9 !<\/p>\n<p class=\" wall-content\">Plus d\u2019infos<a href=\"https:\/\/koknorge.no\" target=\"_blank\" rel=\"noopener\"> sur ce site<\/a>.\u00a0<\/p>\n<p>Oslo, comment y aller ?<\/p>\n<ul class=\" wall-content\">\n<li>Y aller : vols directs deux fois par semaine (dimanche et jeudi) depuis Toulouse avec la compagnie <a href=\"https:\/\/www.norwegian.com\" target=\"_blank\" rel=\"noopener\">Norwegian<\/a><\/li>\n<li>Pr\u00e9parer son voyage sur <a href=\"http:\/\/www.visitoslo.com\" target=\"_blank\" rel=\"noopener\">Visit Oslo<\/a> :<\/li>\n<li>Le bon plan\u00a0: achetez le Oslo Pass. Mus\u00e9es, train depuis l\u2019a\u00e9roport, transports urbains et bateaux sont gratuits.<\/li>\n<\/ul>\n<p>O\u00f9 manger ?<br \/>\n    <img   decoding=\"async\" loading=\"lazy\" src=\"https:\/\/www.europesays.com\/fr\/wp-content\/uploads\/2025\/08\/oslo-eirik-restaurant-fenaknoken-credit-dp-960x640.jpeg\" alt=\" Eirik, du restaurant Fenaknoken. \" width=\"960\" height=\"640\"\/><br \/>\n    Eirik, du restaurant Fenaknoken. (\u00a9DP \/ Actu Toulouse)<\/p>\n<p class=\" wall-content\">Au resto, les prix sont en moyenne <strong>20 % plus \u00e9lev\u00e9s qu\u2019en France<\/strong>.<\/p>\n<ul class=\" wall-content\">\n<li>On s\u2019en sort bien dans les food court\u00a0: <a href=\"https:\/\/www.vippa.no\" target=\"_blank\" rel=\"noopener\">Vippa<\/a><\/li>\n<li>Mathallen https:\/\/mathallenoslo.no <a href=\"https:\/\/viavillage.no\" target=\"_blank\" rel=\"noopener\">Via village<\/a><\/li>\n<li><a href=\"https:\/\/www.fenaknoken.no\" target=\"_blank\" rel=\"noopener\">Fenaknoken<\/a>, une adresse exquise pour manger des crevettes et du saumon ultra-frais, un accueil hyper chaleureux, merci Eirik !<\/li>\n<li><a href=\"https:\/\/www.vintagekitchen.no\" target=\"_blank\" rel=\"noopener\">Vintage kitchen<\/a> pour ses tartines, les sm\u00f8rbr\u00f8d.<\/li>\n<li><a href=\"https:\/\/www.hospeder.no\" target=\"_blank\" rel=\"noopener\">Hospeder<\/a> pour sa carte originale \u00e0 Gr\u00fcnerl\u00f8kka.<\/li>\n<li>Le rooftoop du<a href=\"http:\/\/www.nasjonalmuseet.no\" target=\"_blank\" rel=\"noopener\"> Mus\u00e9e national<\/a> et Bryggha Bar sur le port pour boire un verre.\u00a0<\/li>\n<li><a href=\"https:\/\/www.sentralen.no\" target=\"_blank\" rel=\"noopener\">Sentralen<\/a> dans une ancienne banque pour danser et grignoter.<\/li>\n<\/ul>\n<p>O\u00f9 dormir ?\u00a0<br \/>\n    <img   decoding=\"async\" loading=\"lazy\" src=\"https:\/\/www.europesays.com\/fr\/wp-content\/uploads\/2025\/08\/oslo-nouvel-hotel-red-radisson-oslo-city-center-credit-dp-960x640.jpeg\" alt=\"l hotel Red Radisson Oslo City Center \" width=\"960\" height=\"640\"\/><br \/>\n    l hotel Red Radisson Oslo City Center (\u00a9DP \/ Actu Toulouse)<\/p>\n<ul class=\" wall-content\">\n<li>Nouveau <a href=\"https:\/\/www.radissonhotels.com\" target=\"_blank\" rel=\"noopener\">Radisson Red Oslo City Center<\/a>, \u00e0 deux pas de la rue principale Karl Johans gate menant au Palais Royal. \u00c0 100 m\u00e8tres du tramway et \u00e0 400 m\u00e8tres du port. Mention sp\u00e9ciale pour le petit d\u00e9jeuner.\u00a0<\/li>\n<li><a href=\"https:\/\/www.scandichotels.com\" target=\"_blank\" rel=\"noopener\">Scandic Vulkan<\/a> \u00e0 c\u00f4t\u00e9 de Mathallen, premier h\u00f4tel neutre en \u00e9nergie \u00e0 Oslo.\u00a0<\/li>\n<\/ul>\n<p>\u00c0 faire absolument : en ville \u00e0 v\u00e9lo avec Viking Biking<br \/>\n    <img   decoding=\"async\" loading=\"lazy\" src=\"https:\/\/www.europesays.com\/fr\/wp-content\/uploads\/2025\/08\/oslo-balade-velo-viking-biking-credit-dp-960x640.jpeg\" alt=\"Viking Biking. \" width=\"960\" height=\"640\"\/><br \/>\n    Viking Biking. (\u00a9Dorisse Pradal \/ Actu Toulouse)<\/p>\n<p class=\" wall-content\">Le tour<a href=\"https:\/\/vikingbikingoslo.com\" target=\"_blank\" rel=\"noopener\"> Oslo highlights<\/a> vous permet de voir les lieux et monuments embl\u00e9matiques, \u00e0 votre rythme. Pour une promenade dans les \u00eeles, choisissez island hopping. Superbe d\u00e9couverte !\u00a0<\/p>\n<p class=\" wall-content\">Une guide fran\u00e7aise\u00a0? Astrid vous accompagne \u00e0 v\u00e9lo avec Viking Biking et propose \u00e9galement des visites guid\u00e9es priv\u00e9es. Contactez-la de notre part.<\/p>\n<p><a href=\"https:\/\/actu.fr\/cdn-cgi\/l\/email-protection\" class=\"__cf_email__\" data-cfemail=\"2a4b595e58434e045c4f5e5e4f586a5a58455e454404474f\" target=\"_blank\" rel=\"noopener\">[email\u00a0protected]<\/a> \/ 00 47 998 99 074Croisi\u00e8re dans le fjord d\u2019Oslo \u00e0 bord du Vision of the Fjord<br \/>\n    <img   decoding=\"async\" loading=\"lazy\" src=\"https:\/\/www.europesays.com\/fr\/wp-content\/uploads\/2025\/08\/oslo-bateau-vision-of-the-fjord-credit-dp-960x640.jpeg\" alt=\"bateau Vision of the Fjord\" width=\"960\" height=\"640\"\/><br \/>\n    bateau Vision of the Fjord (\u00a9Dorisse Pradal \/ Actu Toulouse)<\/p>\n<p class=\" wall-content\">On d\u00e9marre face \u00e0 l\u2019op\u00e9ra, depuis la mer, on d\u00e9couvre la forteresse d\u2019Akershus, l\u2019h\u00f4tel de ville d\u2019Oslo, Aker Brygge, le mus\u00e9e Astrup Fearnley et l\u2019\u00eelot pittoresque de Dyna sous un autre angle \u00e0 bord d\u2019un bateau \u00e9lectrique hyper confortable. <a href=\"https:\/\/www.norwaysbest.com\/fr\/oslo\/activites\/croisiere-dans-le-oslofjord\" target=\"_blank\" rel=\"noopener\">Un must<\/a>\u00a0!<\/p>\n<p class=\" wall-content\"><strong>Dorisse PRADAL\u00a0<\/strong><\/p>\n<p class=\" wall-content\">Suivez toute l\u2019actualit\u00e9 de vos villes et m\u00e9dias favoris en vous inscrivant \u00e0 <a href=\"https:\/\/moncompte.actu.fr\" title=\"D\u00e9couvez Mon Actu\" rel=\"nofollow noopener\" data-trk=\"{&quot;cta&quot;:{&quot;action&quot;:&quot;https:\\\/\\\/moncompte.actu.fr&quot;,&quot;category&quot;:&quot;mon compte&quot;,&quot;from&quot;:&quot;article footer&quot;,&quot;name&quot;:&quot;Mon actu&quot;,&quot;type&quot;:&quot;cta&quot;}}\" target=\"_blank\">Mon Actu<\/a>.<\/p>\n","protected":false},"excerpt":{"rendered":"Par R\u00e9daction de Toulouse Publi\u00e9 le 2 ao\u00fbt 2025 \u00e0 15h12 Il y a mille et une bonnes&hellip;\n","protected":false},"author":2,"featured_media":291430,"comment_status":"","ping_status":"","sticky":false,"template":"","format":"standard","meta":{"footnotes":""},"categories":[2816],"tags":[1111,11,103,1777,674,1011,27,12,2680,25,104,2312,602,586],"class_list":{"0":"post-291429","1":"post","2":"type-post","3":"status-publish","4":"format-standard","5":"has-post-thumbnail","7":"category-toulouse","8":"tag-actu","9":"tag-actualites","10":"tag-aeroport-toulouse-blagnac","11":"tag-eu","12":"tag-europe","13":"tag-fr","14":"tag-france","15":"tag-news","16":"tag-occitanie","17":"tag-republique-francaise","18":"tag-societe","19":"tag-toulouse","20":"tag-tourisme","21":"tag-voyage"},"share_on_mastodon":{"url":"https:\/\/pubeurope.com\/@fr\/114959423211904434","error":""},"_links":{"self":[{"href":"https:\/\/www.europesays.com\/fr\/wp-json\/wp\/v2\/posts\/291429","targetHints":{"allow":["GET"]}}],"collection":[{"href":"https:\/\/www.europesays.com\/fr\/wp-json\/wp\/v2\/posts"}],"about":[{"href":"https:\/\/www.europesays.com\/fr\/wp-json\/wp\/v2\/types\/post"}],"author":[{"embeddable":true,"href":"https:\/\/www.europesays.com\/fr\/wp-json\/wp\/v2\/users\/2"}],"replies":[{"embeddable":true,"href":"https:\/\/www.europesays.com\/fr\/wp-json\/wp\/v2\/comments?post=291429"}],"version-history":[{"count":0,"href":"https:\/\/www.europesays.com\/fr\/wp-json\/wp\/v2\/posts\/291429\/revisions"}],"wp:featuredmedia":[{"embeddable":true,"href":"https:\/\/www.europesays.com\/fr\/wp-json\/wp\/v2\/media\/291430"}],"wp:attachment":[{"href":"https:\/\/www.europesays.com\/fr\/wp-json\/wp\/v2\/media?parent=291429"}],"wp:term":[{"taxonomy":"category","embeddable":true,"href":"https:\/\/www.europesays.com\/fr\/wp-json\/wp\/v2\/categories?post=291429"},{"taxonomy":"post_tag","embeddable":true,"href":"https:\/\/www.europesays.com\/fr\/wp-json\/wp\/v2\/tags?post=291429"}],"curies":[{"name":"wp","href":"https:\/\/api.w.org\/{rel}","templated":true}]}}