{"id":291431,"date":"2025-08-02T13:32:10","date_gmt":"2025-08-02T13:32:10","guid":{"rendered":"https:\/\/www.europesays.com\/fr\/291431\/"},"modified":"2025-08-02T13:32:10","modified_gmt":"2025-08-02T13:32:10","slug":"18-nouvelles-cours-decoles-transformees-en-espaces-de-fraicheur","status":"publish","type":"post","link":"https:\/\/www.europesays.com\/fr\/291431\/","title":{"rendered":"18 nouvelles cours d&rsquo;\u00e9coles transform\u00e9es en espaces de fra\u00eecheur"},"content":{"rendered":"<p>\nLa Ville de  Toulouse transforme 18 cours d\u2019\u00e9cole en \u201coasis\u201d fra\u00eeches et v\u00e9g\u00e9talis\u00e9es pour mieux affronter les chaleurs estivales.<\/p>\n<p>\n\u00a9 Photo d\u2019illustration. Toulouse transforme 18 cours d\u2019\u00e9cole en \u201coasis\u201d..<\/p>\n<p>Cet \u00e9t\u00e9 2025, la Mairie de <a href=\"https:\/\/infoccitanie.fr\/tag\/toulouse\/\" rel=\"nofollow noopener\" target=\"_blank\">Toulouse<\/a> a transform\u00e9\u00a018 cours d\u2019\u00e9cole\u00a0en v\u00e9ritables espaces de fra\u00eecheur, dans le cadre de son programme \u201ccours Oasis\u201d. Parmi ces am\u00e9nagements, on compte :<\/p>\n<ul class=\"wp-block-list\">\n<li><strong>11 \u00e9coles maternelles\u00a0<\/strong>: Lakanal, Fleurance, Soupetard Acacias, Soupetard Ariane, Sylvain Dauriac, Paul Bert, Victor Hugo, Didier Daurat, Ada Lovelace, Montaudran, Marie Marvingt.<\/li>\n<li><strong>7 \u00e9coles \u00e9l\u00e9mentaires<\/strong>\u00a0: Daniel\u202fFaucher, Jean\u202fChaubet, Sylvain Dauriac, Lespinasse, Lapujade, Bernard\u202fB\u00e9n\u00e9zet, Marie Marvingt<\/li>\n<\/ul>\n<p>Sur l\u2019ann\u00e9e 2025, ce sont 25\u202fcours Oasis qui vont \u00eatre am\u00e9nag\u00e9es, et plus de\u00a0120 \u00e9coles en b\u00e9n\u00e9ficieront d\u2019ici fin\u202f2026. Au total, ce sont plus de\u00a030\u202f000\u202fm\u00b2 d\u2019e surface d\u2019espaces qui ont \u00e9t\u00e9 d\u00e9simperm\u00e9abilis\u00e9s, avec plus de 400 arbres plant\u00e9s et des milliers d\u2019arbustes introduits dans les cours d\u2019\u00e9cole, refl\u00e9tant l\u2019effort environnemental municipal. Pour en savoir plus <a href=\"https:\/\/metropole.toulouse.fr\/espace-presse\/18-nouvelles-cours-oasis-creees-pendant-lete\" target=\"_blank\" rel=\"nofollow noopener\">cliquez ici.<\/a><\/p>\n","protected":false},"excerpt":{"rendered":"La Ville de Toulouse transforme 18 cours d\u2019\u00e9cole en \u201coasis\u201d fra\u00eeches et v\u00e9g\u00e9talis\u00e9es pour mieux affronter les chaleurs&hellip;\n","protected":false},"author":2,"featured_media":291432,"comment_status":"","ping_status":"","sticky":false,"template":"","format":"standard","meta":{"footnotes":""},"categories":[2816],"tags":[1111,11,1122,1777,674,1011,27,12,2680,25,2312],"class_list":{"0":"post-291431","1":"post","2":"type-post","3":"status-publish","4":"format-standard","5":"has-post-thumbnail","7":"category-toulouse","8":"tag-actu","9":"tag-actualites","10":"tag-ecole","11":"tag-eu","12":"tag-europe","13":"tag-fr","14":"tag-france","15":"tag-news","16":"tag-occitanie","17":"tag-republique-francaise","18":"tag-toulouse"},"share_on_mastodon":{"url":"https:\/\/pubeurope.com\/@fr\/114959426726614633","error":""},"_links":{"self":[{"href":"https:\/\/www.europesays.com\/fr\/wp-json\/wp\/v2\/posts\/291431","targetHints":{"allow":["GET"]}}],"collection":[{"href":"https:\/\/www.europesays.com\/fr\/wp-json\/wp\/v2\/posts"}],"about":[{"href":"https:\/\/www.europesays.com\/fr\/wp-json\/wp\/v2\/types\/post"}],"author":[{"embeddable":true,"href":"https:\/\/www.europesays.com\/fr\/wp-json\/wp\/v2\/users\/2"}],"replies":[{"embeddable":true,"href":"https:\/\/www.europesays.com\/fr\/wp-json\/wp\/v2\/comments?post=291431"}],"version-history":[{"count":0,"href":"https:\/\/www.europesays.com\/fr\/wp-json\/wp\/v2\/posts\/291431\/revisions"}],"wp:featuredmedia":[{"embeddable":true,"href":"https:\/\/www.europesays.com\/fr\/wp-json\/wp\/v2\/media\/291432"}],"wp:attachment":[{"href":"https:\/\/www.europesays.com\/fr\/wp-json\/wp\/v2\/media?parent=291431"}],"wp:term":[{"taxonomy":"category","embeddable":true,"href":"https:\/\/www.europesays.com\/fr\/wp-json\/wp\/v2\/categories?post=291431"},{"taxonomy":"post_tag","embeddable":true,"href":"https:\/\/www.europesays.com\/fr\/wp-json\/wp\/v2\/tags?post=291431"}],"curies":[{"name":"wp","href":"https:\/\/api.w.org\/{rel}","templated":true}]}}