{"id":291444,"date":"2025-08-02T13:41:33","date_gmt":"2025-08-02T13:41:33","guid":{"rendered":"https:\/\/www.europesays.com\/fr\/291444\/"},"modified":"2025-08-02T13:41:33","modified_gmt":"2025-08-02T13:41:33","slug":"des-podcasts-a-reecouter-et-des-conseils","status":"publish","type":"post","link":"https:\/\/www.europesays.com\/fr\/291444\/","title":{"rendered":"des podcasts \u00e0 r\u00e9\u00e9couter et des conseils&#8230;"},"content":{"rendered":"<p>En ce 1er\u00a0ao\u00fbt, AEF info vous propose de r\u00e9\u00e9couter les dix \u00e9pisodes dela 3e saison de son podcast\u00a0consacr\u00e9 aux strat\u00e9gies des \u00e9tablissements d\u2019enseignement sup\u00e9rieur de gestion, coproduit avec la Fnege (Fondation nationale pour l\u2019enseignement de la gestion des entreprises). Au programme, des entretiens avec les dirigeants de Dauphine, HEC, l\u2019Essec, Audencia, Grenoble EM, Omnes Education, les IAE de Rennes et de Paris-Est, mais aussi avec l\u2019ancienne ministre Fr\u00e9d\u00e9rique Vidal et le nouveau pr\u00e9sident de la CEFDG, J\u00e9r\u00f4me M\u00e9ric. Retrouvez \u00e9galement une synth\u00e8se de leurs conseils de lecture.\u00a0 \t\t\t\t\t<\/p>\n<p><b>Cette d\u00e9p\u00eache est r\u00e9serv\u00e9e aux abonn\u00e9s<\/b><\/p>\n<p>Il vous reste 98 % de cette d\u00e9p\u00eache \u00e0 d\u00e9couvrir.<\/p>\n<p><\/p>\n<ul>\n<li>Retrouver l\u2019int\u00e9gralit\u00e9 de cette d\u00e9p\u00eache et tous les contenus de la m\u00eame th\u00e9matique<\/li>\n<li>Toute l\u2019actualit\u00e9 strat\u00e9gique d\u00e9crypt\u00e9e par nos journalistes experts<\/li>\n<li>Information fiable, neutre et r\u00e9active<\/li>\n<li>R\u00e9ception par email personnalisable<\/li>\n<\/ul>\n<p>\n\t\t\t\t\t\t\t\t\tTESTER GRATUITEMENT PENDANT 1 MOIS\n\t\t\t\t\t\t\t\t<\/p>\n<p>\t\t\t\t\t\t\t\tTest gratuit et sans engagement<\/p>\n<p>\n\t\t\t\t\t\t\t\t\tD\u00e9j\u00e0 abonn\u00e9(e) ? Je me connecte\n\t\t\t\t\t\t\t\t<\/p>\n","protected":false},"excerpt":{"rendered":"En ce 1er\u00a0ao\u00fbt, AEF info vous propose de r\u00e9\u00e9couter les dix \u00e9pisodes dela 3e saison de son podcast\u00a0consacr\u00e9&hellip;\n","protected":false},"author":2,"featured_media":291445,"comment_status":"","ping_status":"","sticky":false,"template":"","format":"standard","meta":{"footnotes":""},"categories":[1888],"tags":[1111,1928,11,1927,1777,674,1011,27,12,1926,626,1925,25],"class_list":{"0":"post-291444","1":"post","2":"type-post","3":"status-publish","4":"format-standard","5":"has-post-thumbnail","7":"category-paris","8":"tag-actu","9":"tag-actu-paris","10":"tag-actualites","11":"tag-actualites-paris","12":"tag-eu","13":"tag-europe","14":"tag-fr","15":"tag-france","16":"tag-news","17":"tag-news-paris","18":"tag-paris","19":"tag-paris-news","20":"tag-republique-francaise"},"share_on_mastodon":{"url":"https:\/\/pubeurope.com\/@fr\/114959462232527895","error":""},"_links":{"self":[{"href":"https:\/\/www.europesays.com\/fr\/wp-json\/wp\/v2\/posts\/291444","targetHints":{"allow":["GET"]}}],"collection":[{"href":"https:\/\/www.europesays.com\/fr\/wp-json\/wp\/v2\/posts"}],"about":[{"href":"https:\/\/www.europesays.com\/fr\/wp-json\/wp\/v2\/types\/post"}],"author":[{"embeddable":true,"href":"https:\/\/www.europesays.com\/fr\/wp-json\/wp\/v2\/users\/2"}],"replies":[{"embeddable":true,"href":"https:\/\/www.europesays.com\/fr\/wp-json\/wp\/v2\/comments?post=291444"}],"version-history":[{"count":0,"href":"https:\/\/www.europesays.com\/fr\/wp-json\/wp\/v2\/posts\/291444\/revisions"}],"wp:featuredmedia":[{"embeddable":true,"href":"https:\/\/www.europesays.com\/fr\/wp-json\/wp\/v2\/media\/291445"}],"wp:attachment":[{"href":"https:\/\/www.europesays.com\/fr\/wp-json\/wp\/v2\/media?parent=291444"}],"wp:term":[{"taxonomy":"category","embeddable":true,"href":"https:\/\/www.europesays.com\/fr\/wp-json\/wp\/v2\/categories?post=291444"},{"taxonomy":"post_tag","embeddable":true,"href":"https:\/\/www.europesays.com\/fr\/wp-json\/wp\/v2\/tags?post=291444"}],"curies":[{"name":"wp","href":"https:\/\/api.w.org\/{rel}","templated":true}]}}