{"id":291451,"date":"2025-08-02T13:45:14","date_gmt":"2025-08-02T13:45:14","guid":{"rendered":"https:\/\/www.europesays.com\/fr\/291451\/"},"modified":"2025-08-02T13:45:14","modified_gmt":"2025-08-02T13:45:14","slug":"frappes-ukrainiennes-sur-des-installations-militaires-a-penza-500-km-a-linterieur-du-territoire-de-la-russie","status":"publish","type":"post","link":"https:\/\/www.europesays.com\/fr\/291451\/","title":{"rendered":"Frappes ukrainiennes sur des installations militaires \u00e0 Penza, 500 km \u00e0 l&rsquo;int\u00e9rieur du territoire de la Russie"},"content":{"rendered":"<p>          <img decoding=\"async\" class=\"c-ad__placeholder__logo\" src=\"https:\/\/static.euronews.com\/website\/images\/logos\/logo-euronews-stacked-outlined-72x72-grey-9.svg\" width=\"72\" height=\"72\" alt=\"\" loading=\"lazy\"\/><br \/>\n          PUBLICIT\u00c9<\/p>\n<p>Le service de s\u00e9curit\u00e9 ukrainien (SSU) a indiqu\u00e9 samedi que ses drones avaient frapp\u00e9 la base a\u00e9rienne de stockage de Shahed \u00e0 Primorsko-Akhtarsk et l&rsquo;usine militaire Elektropribor \u00e0 Penza en Russie, alors que deux personnes ont \u00e9t\u00e9 tu\u00e9es par des frappes russes sur Kherson.<\/p>\n<p>L&rsquo;attaque de drones ukrainiens contre la Russie aurait touch\u00e9 l&rsquo;usine Elektropribor de Penza, qui, selon Kiev, travaille pour l&rsquo;industrie de la d\u00e9fense russe.<\/p>\n<p>Selon les services sp\u00e9ciaux ukrainiens, l&rsquo;usine produit des \u00e9quipements pour les r\u00e9seaux num\u00e9riques des syst\u00e8mes de commandement militaire, des dispositifs pour l&rsquo;aviation, des v\u00e9hicules blind\u00e9s, des navires et des engins spatiaux.<\/p>\n<p>L&rsquo;Ukraine a affirm\u00e9 que sa premi\u00e8re attaque de drone sur la base a\u00e9rienne militaire de Primorsko-Akhtarsk, dans le kra\u00ef de Krasnodar, avait provoqu\u00e9 un incendie. Les sites de stockage et de lancement des drones d&rsquo;attaque Shahed ont \u00e9galement \u00e9t\u00e9 vis\u00e9s, selon le SSU.<\/p>\n<p>Des vid\u00e9os d&rsquo;un <strong>gigantesque incendie qui se serait d\u00e9clar\u00e9 dans les locaux de l&rsquo;usine p\u00e9troli\u00e8re de Novokuibyshevsk, dans l&rsquo;oblast de Samara<\/strong>, ont \u00e9t\u00e9 diffus\u00e9es sur les m\u00e9dias sociaux.<\/p>\n<p>Les images diffus\u00e9es sur Telegram, largement utilis\u00e9 pour diffuser des informations sur la guerre men\u00e9e par la Russie en Ukraine, montrent une activit\u00e9 semblable \u00e0 celle d&rsquo;un drone et la r\u00e9action des syst\u00e8mes de d\u00e9fense a\u00e9rienne.<\/p>\n<p>Le gouverneur de la r\u00e9gion, Vyacheslav Fedorishchev, a confirm\u00e9 l&rsquo;attaque de drone sur Novokuibyshevsk. \u00ab\u00a0Des drones ennemis ont attaqu\u00e9 l&rsquo;une des installations industrielles de Novokuibyshevsk ce matin. Les services d&rsquo;urgence travaillent sur les lieux\u00a0\u00bb, a-t-il \u00e9crit sur Telegram.<\/p>\n<p>Le service Internet a ensuite \u00e9t\u00e9 restreint dans toute la r\u00e9gion et les op\u00e9rations \u00e0 l&rsquo;a\u00e9roport de Samara ont \u00e9t\u00e9 suspendues, a indiqu\u00e9 M. Fedorishchev.<\/p>\n<p>Deux personnes tu\u00e9s dans des bombardements sur Kherson<\/p>\n<p>Dans le m\u00eame temps, deux personnes ont \u00e9t\u00e9 tu\u00e9es dans la nuit \u00e0 Kherson par des tirs d&rsquo;obus russes, selon l&rsquo;administration militaire de l&rsquo;oblast de Kherson.<\/p>\n<p>Les morts de Kherson sont les derni\u00e8res d&rsquo;une s\u00e9rie d&rsquo;attaques de drones et de missiles russes sur la capitale ukrainienne, dont celle de Kiev, t\u00f4t vendredi, qui a tu\u00e9 31 personnes, dont cinq enfants. Environ 150 personnes ont \u00e9t\u00e9 bless\u00e9es.<\/p>\n<p>Deux personnes ont \u00e9t\u00e9 tu\u00e9es samedi matin \u00e0 Kherson par une attaque russe, selon l&rsquo;administration militaire de l&rsquo;oblast de Kherson.<\/p>\n<p>Une frappe a\u00e9rienne russe sur le quartier Korabelnyi de Kherson a caus\u00e9 la mort d&rsquo;une femme de 68 ans et bless\u00e9 deux autres personnes : un homme de 79 ans qui a subi un traumatisme d\u00fb \u00e0 l&rsquo;explosion et un homme de 41 ans qui a subi diverses blessures aux membres et au torse, selon les m\u00e9dias locaux.<\/p>\n<p>Une personne aurait \u00e9t\u00e9 tu\u00e9e dans la r\u00e9gion vendredi et neuf autres bless\u00e9es.<\/p>\n<p>Le corps d&rsquo;un homme a \u00e9t\u00e9 retrouv\u00e9 sous les d\u00e9bris d&rsquo;une structure r\u00e9sidentielle dans la zone de Dniprovskyi bombard\u00e9e par la Russie, ont indiqu\u00e9 des responsables locaux.<\/p>\n<p>L&rsquo;Ukraine affirme tenir t\u00eate \u00e0 la Russie, mais l&rsquo;offensive estivale de Moscou s&rsquo;av\u00e8re \u00eatre la plus meurtri\u00e8re pour Kiev.<\/p>\n<p>L&rsquo;offensive estivale de Moscou la plus meurtri\u00e8re pour l&rsquo;Ukraine<\/p>\n<p>Samedi, l&rsquo;arm\u00e9e de l&rsquo;air ukrainienne a d\u00e9clar\u00e9 avoir d\u00e9jou\u00e9 ou supprim\u00e9 45 des 53 drones russes lanc\u00e9s contre l&rsquo;Ukraine au cours de la nuit.<\/p>\n<p>Dans le cadre de sa d\u00e9fense, l&rsquo;Ukraine a coul\u00e9 plusieurs navires de guerre russes en mer Noire, paralysant les capacit\u00e9s navales de Moscou et l&rsquo;obligeant \u00e0 red\u00e9ployer sa flotte de la Crim\u00e9e occup\u00e9e par les Russes vers Novorossiysk lors d&rsquo;une s\u00e9rie de frappes au d\u00e9but de la guerre, qui en est maintenant \u00e0 sa quatri\u00e8me ann\u00e9e.<\/p>\n<p>L&rsquo;Ukraine a utilis\u00e9 des drones pour frapper plusieurs sites a\u00e9riens russes abritant des bombardiers \u00e0 long rayon d&rsquo;action dans toute la Russie, de la p\u00e9ninsule arctique de Kola \u00e0 la Sib\u00e9rie, lors d&rsquo;une audacieuse offensive lanc\u00e9e le 1er juin sous le nom de code \u00ab\u00a0Spiderweb\u00a0\u00bb (toile d&rsquo;araign\u00e9e).<\/p>\n<p>Les drones ont \u00e9t\u00e9 lanc\u00e9s \u00e0 partir de camions plac\u00e9s secr\u00e8tement \u00e0 proximit\u00e9 des bases, prenant l&rsquo;arm\u00e9e russe par surprise et portant un coup humiliant au Kremlin.<\/p>\n<p>Le raid a d\u00e9truit ou endommag\u00e9 de nombreux bombardiers utilis\u00e9s par Moscou pour lancer des attaques a\u00e9riennes sur l&rsquo;Ukraine, ce qui a permis de remonter le moral de Kiev \u00e0 un moment o\u00f9 les forces arm\u00e9es de Kiev, en sous-effectif et insuffisamment arm\u00e9es, sont confront\u00e9es aux attaques russes le long de la ligne de front de 1 000 kilom\u00e8tres.<\/p>\n","protected":false},"excerpt":{"rendered":"PUBLICIT\u00c9 Le service de s\u00e9curit\u00e9 ukrainien (SSU) a indiqu\u00e9 samedi que ses drones avaient frapp\u00e9 la base a\u00e9rienne&hellip;\n","protected":false},"author":2,"featured_media":291452,"comment_status":"","ping_status":"","sticky":false,"template":"","format":"standard","meta":{"footnotes":""},"categories":[1591],"tags":[11,1887,131,3482,12,1885,1886,132,135],"class_list":{"0":"post-291451","1":"post","2":"type-post","3":"status-publish","4":"format-standard","5":"has-post-thumbnail","7":"category-russie","8":"tag-actualites","9":"tag-federation-de-russie","10":"tag-guerre-en-ukraine","11":"tag-guerre-russie-ukraine","12":"tag-news","13":"tag-russia","14":"tag-russian-federation","15":"tag-russie","16":"tag-vladimir-poutine"},"share_on_mastodon":{"url":"","error":""},"_links":{"self":[{"href":"https:\/\/www.europesays.com\/fr\/wp-json\/wp\/v2\/posts\/291451","targetHints":{"allow":["GET"]}}],"collection":[{"href":"https:\/\/www.europesays.com\/fr\/wp-json\/wp\/v2\/posts"}],"about":[{"href":"https:\/\/www.europesays.com\/fr\/wp-json\/wp\/v2\/types\/post"}],"author":[{"embeddable":true,"href":"https:\/\/www.europesays.com\/fr\/wp-json\/wp\/v2\/users\/2"}],"replies":[{"embeddable":true,"href":"https:\/\/www.europesays.com\/fr\/wp-json\/wp\/v2\/comments?post=291451"}],"version-history":[{"count":0,"href":"https:\/\/www.europesays.com\/fr\/wp-json\/wp\/v2\/posts\/291451\/revisions"}],"wp:featuredmedia":[{"embeddable":true,"href":"https:\/\/www.europesays.com\/fr\/wp-json\/wp\/v2\/media\/291452"}],"wp:attachment":[{"href":"https:\/\/www.europesays.com\/fr\/wp-json\/wp\/v2\/media?parent=291451"}],"wp:term":[{"taxonomy":"category","embeddable":true,"href":"https:\/\/www.europesays.com\/fr\/wp-json\/wp\/v2\/categories?post=291451"},{"taxonomy":"post_tag","embeddable":true,"href":"https:\/\/www.europesays.com\/fr\/wp-json\/wp\/v2\/tags?post=291451"}],"curies":[{"name":"wp","href":"https:\/\/api.w.org\/{rel}","templated":true}]}}