{"id":291455,"date":"2025-08-02T13:47:18","date_gmt":"2025-08-02T13:47:18","guid":{"rendered":"https:\/\/www.europesays.com\/fr\/291455\/"},"modified":"2025-08-02T13:47:18","modified_gmt":"2025-08-02T13:47:18","slug":"le-kosovo-lun-des-pays-les-plus-proamericains-au-monde-supprime-les-droits-de-douane-sur-les-produits-americains","status":"publish","type":"post","link":"https:\/\/www.europesays.com\/fr\/291455\/","title":{"rendered":"Le Kosovo, l\u2019un des pays les plus proam\u00e9ricains au monde, supprime les droits de douane sur les produits am\u00e9ricains"},"content":{"rendered":"<p>                          <img loading=\"lazy\" decoding=\"async\" src=\"https:\/\/www.europesays.com\/fr\/wp-content\/uploads\/2025\/08\/875c04c_ftp-import-images-1-owtfzll7ofvb-5549979-01-06.jpg\" alt=\"Le premier ministre du Kosovo, Albin Kurti, participe \u00e0 une c\u00e9r\u00e9monie marquant le 27\u1d49\u00a0anniversaire de l\u2019assassinat d\u2019Adem Jashari, membre fondateur et commandant de l\u2019Arm\u00e9e de lib\u00e9ration du Kosovo (UCK), \u00e0 Pristina, le 5\u00a0mars 2025. \"   width=\"664\" height=\"443\"\/>    Le premier ministre du Kosovo, Albin Kurti, participe \u00e0 une c\u00e9r\u00e9monie marquant le 27\u1d49\u00a0anniversaire de l\u2019assassinat d\u2019Adem Jashari, membre fondateur et commandant de l\u2019Arm\u00e9e de lib\u00e9ration du Kosovo (UCK), \u00e0 Pristina, le 5\u00a0mars 2025.  ARMEND NIMANI \/ AFP                   <\/p>\n<p class=\"article__paragraph  \">Ce territoire enclav\u00e9 d\u2019environ 1,6\u00a0million d\u2019habitants est consid\u00e9r\u00e9 comme l\u2019un des pays les plus proam\u00e9ricains au monde. Le gouvernement kosovar a supprim\u00e9, vendredi 1er\u00a0ao\u00fbt, les droits de douane sur tous les produits en provenance des Etats-Unis, une d\u00e9cision qui intervient apr\u00e8s l\u2019annonce par le pr\u00e9sident am\u00e9ricain, Donald Trump, de <a href=\"https:\/\/www.lemonde.fr\/international\/article\/2025\/08\/01\/droits-de-douane-l-entree-en-vigueur-des-surtaxes-americaines-fixee-au-7-aout-apres-la-signature-du-decret-par-donald-trump_6625765_3211.html\" rel=\"nofollow noopener\" target=\"_blank\">nouveaux taux de droits de douane pour pr\u00e8s de 70\u00a0pays<\/a>, excluant le Kosovo.<\/p>\n<p>                                     Lire aussi |  Article r\u00e9serv\u00e9 \u00e0 nos abonn\u00e9s  <a href=\"https:\/\/www.lemonde.fr\/economie\/article\/2025\/08\/01\/donald-trump-inflige-de-nouveaux-droits-de-douane-mais-a-partir-du-7-aout_6625902_3234.html\" class=\"js-article-read-also catcher--favoris__link\" data-premium=\"1\" id=\"article-title-3433406\" rel=\"nofollow noopener\" target=\"_blank\">Droits de douane\u00a0: les pays frapp\u00e9s de plein fouet et ceux que Donald Trump choisit de m\u00e9nager<\/a>    <\/p>\n<p>   Lire plus tard  <\/p>\n<p class=\"article__paragraph  \">\u00ab\u00a0A partir de maintenant, tous les produits en provenance des Etats-Unis b\u00e9n\u00e9ficieront d\u2019un droit de douane de 0\u00a0% lorsqu\u2019ils entreront au Kosovo\u00a0\u00bb, a d\u00e9clar\u00e9 le premier ministre par int\u00e9rim du Kosovo, Albin Kurti, lors d\u2019une r\u00e9union avec son gouvernement. \u00ab\u00a0Nous sommes convaincus que cela aura un impact positif sur la croissance des \u00e9changes commerciaux et l\u2019augmentation des investissements\u00a0\u00bb, a affirm\u00e9 \u00e0 ses ministres le responsable politique, dont le pays est fortement secou\u00e9 par un blocage parlementaire qui dure depuis des mois.<\/p>\n<p class=\"article__paragraph  \">Donald Trump a sign\u00e9, jeudi soir, le d\u00e9cret fixant le montant des nouvelles surtaxes douani\u00e8res qui toucheront les produits de dizaines de pays entrant aux Etats-Unis, bousculant l\u2019ordre \u00e9conomique mondial avec ces droits de douane particuli\u00e8rement prohibitifs pour le Canada et la Suisse.<\/p>\n<p>             Crise politique             <\/p>\n<p class=\"article__paragraph  \">Jusqu\u2019alors, Pristina payait un tarif de 10\u00a0% sur ses exportations de marchandises \u00e0 destination des Etats-Unis tandis que les droits de douane sur les produits am\u00e9ricains import\u00e9s \u00e9taient \u00e9galement de 10\u00a0%.<\/p>\n<p class=\"article__paragraph  \">Dans ce pays, le sentiment proam\u00e9ricain s\u2019est consid\u00e9rablement renforc\u00e9 apr\u00e8s la campagne de bombardements de l\u2019OTAN men\u00e9e par les Etats-Unis, en\u00a01999, qui a permis \u00e0 l\u2019ancienne province serbe d\u2019acc\u00e9der \u00e0 l\u2019ind\u00e9pendance en\u00a02008.<\/p>\n<p class=\"article__paragraph  \">Le Kosovo est aujourd\u2019hui plong\u00e9 dans la plus grave crise politique de son histoire. Celle-ci a commenc\u00e9 en f\u00e9vrier avec les \u00e9lections remport\u00e9es par le parti au pouvoir Vet\u00ebvendosje\u00a0! (\u00ab\u00a0Autod\u00e9termination\u00a0!\u00a0\u00bb, VV, gauche souverainiste). La formation du premier ministre sortant Albin Kurti, avec 48\u00a0si\u00e8ges sur 120, n\u2019a pas obtenu de majorit\u00e9 absolue et ne parvient pas \u00e0 trouver de partenaire de coalition.<\/p>\n<p>                                Lire aussi |  Article r\u00e9serv\u00e9 \u00e0 nos abonn\u00e9s  <a href=\"https:\/\/www.lemonde.fr\/idees\/article\/2025\/05\/26\/les-soutiens-de-donald-trump-en-europe-centrale-et-dans-les-balkans-restent-sur-leur-faim_6608612_3232.html\" class=\"js-article-read-also catcher--favoris__link\" data-premium=\"1\" id=\"article-title-3422836\" rel=\"nofollow noopener\" target=\"_blank\">\u00ab\u00a0Les soutiens de Donald Trump en Europe centrale et dans les Balkans restent sur leur faim\u00a0\u00bb<\/a>    <\/p>\n<p>   Lire plus tard  <\/p>\n<p class=\"author__detail\">  Le Monde avec AFP  <\/p>\n","protected":false},"excerpt":{"rendered":"Le premier ministre du Kosovo, Albin Kurti, participe \u00e0 une c\u00e9r\u00e9monie marquant le 27\u1d49\u00a0anniversaire de l\u2019assassinat d\u2019Adem Jashari,&hellip;\n","protected":false},"author":2,"featured_media":291456,"comment_status":"","ping_status":"","sticky":false,"template":"","format":"standard","meta":{"footnotes":""},"categories":[1589],"tags":[11,73,1866,12,1864,1865,1863,308],"class_list":{"0":"post-291455","1":"post","2":"type-post","3":"status-publish","4":"format-standard","5":"has-post-thumbnail","7":"category-etats-unis","8":"tag-actualites","9":"tag-etats-unis","10":"tag-etats-unis-damerique","11":"tag-news","12":"tag-united-states","13":"tag-united-states-of-america","14":"tag-us","15":"tag-usa"},"share_on_mastodon":{"url":"https:\/\/pubeurope.com\/@fr\/114959485865365412","error":""},"_links":{"self":[{"href":"https:\/\/www.europesays.com\/fr\/wp-json\/wp\/v2\/posts\/291455","targetHints":{"allow":["GET"]}}],"collection":[{"href":"https:\/\/www.europesays.com\/fr\/wp-json\/wp\/v2\/posts"}],"about":[{"href":"https:\/\/www.europesays.com\/fr\/wp-json\/wp\/v2\/types\/post"}],"author":[{"embeddable":true,"href":"https:\/\/www.europesays.com\/fr\/wp-json\/wp\/v2\/users\/2"}],"replies":[{"embeddable":true,"href":"https:\/\/www.europesays.com\/fr\/wp-json\/wp\/v2\/comments?post=291455"}],"version-history":[{"count":0,"href":"https:\/\/www.europesays.com\/fr\/wp-json\/wp\/v2\/posts\/291455\/revisions"}],"wp:featuredmedia":[{"embeddable":true,"href":"https:\/\/www.europesays.com\/fr\/wp-json\/wp\/v2\/media\/291456"}],"wp:attachment":[{"href":"https:\/\/www.europesays.com\/fr\/wp-json\/wp\/v2\/media?parent=291455"}],"wp:term":[{"taxonomy":"category","embeddable":true,"href":"https:\/\/www.europesays.com\/fr\/wp-json\/wp\/v2\/categories?post=291455"},{"taxonomy":"post_tag","embeddable":true,"href":"https:\/\/www.europesays.com\/fr\/wp-json\/wp\/v2\/tags?post=291455"}],"curies":[{"name":"wp","href":"https:\/\/api.w.org\/{rel}","templated":true}]}}