{"id":291463,"date":"2025-08-02T13:51:21","date_gmt":"2025-08-02T13:51:21","guid":{"rendered":"https:\/\/www.europesays.com\/fr\/291463\/"},"modified":"2025-08-02T13:51:21","modified_gmt":"2025-08-02T13:51:21","slug":"lue-lance-une-procedure-contre-la-plateforme-en-ligne-chinoise-temu","status":"publish","type":"post","link":"https:\/\/www.europesays.com\/fr\/291463\/","title":{"rendered":"L&rsquo;UE lance une proc\u00e9dure contre la plateforme en ligne chinoise Temu"},"content":{"rendered":"<p>La liste des plateformes de vente en ligne soup\u00e7onn\u00e9es d&rsquo;enfreindre les r\u00e8gles de l&rsquo;Union europ\u00e9enne ne cesse de s&rsquo;allonger. Le dernier ajout en date : Temu. La Commission europ\u00e9enne estime que le site chinois n&rsquo;\u00e9value pas correctement les risques li\u00e9s aux produits ill\u00e9gaux qu&rsquo;il vend sur son site, notamment des jouets pour b\u00e9b\u00e9s et des petits produits \u00e9lectroniques. Pour cela, elle compte utiliser la loi sur les services num\u00e9riques.<\/p>\n<p>\u00ab\u00a0La Commission a adopt\u00e9 une d\u00e9cision pr\u00e9liminaire en vertu de la loi sur les services num\u00e9riques en ce qui concerne Temu. Nous avons annonc\u00e9 \u00e0 cette place de march\u00e9 en ligne que, selon nous, elle ne respectait pas la loi sur les services num\u00e9riques en ce qui concerne les risques li\u00e9s \u00e0 la vente et \u00e0 la diffusion de produits ill\u00e9gaux sur la place de march\u00e9 \u00a0\u00bb affirme Thomas Regnier, porte-parole de la Commission.<\/p>\n<p>\u00ab\u00a0Le DSA est l&rsquo;un de nos outils pour prot\u00e9ger les consommateurs \u00e0 travers l&rsquo;Europe. Pour les prot\u00e9ger de quoi, lorsqu&rsquo;il s&rsquo;agit de places de march\u00e9 en ligne ? Des produits ill\u00e9gaux vendus en ligne. Des contenus algorithmiques qui vous sont envoy\u00e9s et dont vous ne d\u00e9terminez m\u00eame pas si vous voulez les voir ou non. Lorsqu&rsquo;il s&rsquo;agit, par exemple, de publicit\u00e9 ou de gamification de certains syst\u00e8mes sur ces plateformes en ligne. Ce sont des risques que nous devons att\u00e9nuer. Pour prot\u00e9ger nos consommateurs en ligne\u00a0\u00bb, ajoute-t-il.<\/p>\n<p><b class=\"c-widget-related__title__text\">Related<\/b><\/p>\n<p><strong>Pas seulement Temu<\/strong><\/p>\n<p>L&rsquo;enqu\u00eate s&rsquo;inscrit dans un contexte plus large de pr\u00e9occupations li\u00e9es au fait que certains site en ligne permettent la vente de biens qui ne r\u00e9pondraient pas aux normes de s\u00e9curit\u00e9 ou de r\u00e9glementation de l&rsquo;UE s&rsquo;ils \u00e9taient vendus dans des magasins physiques. Jusqu&rsquo;\u00e0 pr\u00e9sent, la Commission a ouvert 14 proc\u00e9dures \u00e0 l&rsquo;encontre de 10 plateformes en ligne, dont Temu. Chaque proc\u00e9dure porte sur diff\u00e9rents aspects de la conformit\u00e9, allant de la s\u00e9curit\u00e9 des produits \u00e0 la mod\u00e9ration des contenus et \u00e0 la protection des mineurs.<\/p>\n<p>Les proc\u00e9dures en cours concernent notamment X, qui a fait l&rsquo;objet de <a href=\"https:\/\/eur03.safelinks.protection.outlook.com\/?url=https%3A%2F%2Fdigital-strategy.ec.europa.eu%2Fen%2Fnews%2Fcommission-sends-preliminary-findings-x-breach-digital-services-act&amp;data=05%7C02%7Cana.lazaro%40euronews.com%7C7758a9e8e27b4cd41d6b08ddd042f2ef%7Ce59fa28a32ed49aca5a09c46118cfecf%7C0%7C0%7C638895708147254905%7CUnknown%7CTWFpbGZsb3d8eyJFbXB0eU1hcGkiOnRydWUsIlYiOiIwLjAuMDAwMCIsIlAiOiJXaW4zMiIsIkFOIjoiTWFpbCIsIldUIjoyfQ%3D%3D%7C0%7C%7C%7C&amp;sdata=XJFGB47EqenNQ5YRjOATe3QG5mOh4hzXA4vbO%2B%2Fc11I%3D&amp;reserved=0\" rel=\"nofollow noopener\" target=\"_blank\" data-ylk=\"slk:conclusions pr\u00e9liminaires;elm:context_link;itc:0;sec:content-canvas\" class=\"link \">conclusions pr\u00e9liminaires<\/a> concernant son respect des obligations relatives \u00e0 la \u00ab\u00a0diffusion et \u00e0 l&rsquo;amplification de contenus illicites\u00a0\u00bb.<\/p>\n<p>Des proc\u00e9dures sont \u00e9galement en cours \u00e0 l&rsquo;encontre de Tik Tok concernant, entre autres, sa gestion des risques li\u00e9s \u00e0 la cr\u00e9ation d&rsquo;une d\u00e9pendance et aux contenus pr\u00e9judiciables. La <a href=\"https:\/\/eur03.safelinks.protection.outlook.com\/?url=https%3A%2F%2Fec.europa.eu%2Fcommission%2Fpresscorner%2Fdetail%2Fen%2Fip_24_926&amp;data=05%7C02%7Cana.lazaro%40euronews.com%7C7758a9e8e27b4cd41d6b08ddd042f2ef%7Ce59fa28a32ed49aca5a09c46118cfecf%7C0%7C0%7C638895708147298362%7CUnknown%7CTWFpbGZsb3d8eyJFbXB0eU1hcGkiOnRydWUsIlYiOiIwLjAuMDAwMCIsIlAiOiJXaW4zMiIsIkFOIjoiTWFpbCIsIldUIjoyfQ%3D%3D%7C0%7C%7C%7C&amp;sdata=Wf4e5DjRyOBtlfnig1igHa5hR3tIody2NAp5DWCRYZ8%3D&amp;reserved=0\" rel=\"nofollow noopener\" target=\"_blank\" data-ylk=\"slk:protection des mineurs;elm:context_link;itc:0;sec:content-canvas\" class=\"link \">protection des mineurs<\/a>, qui a fait l&rsquo;objet de conclusions pr\u00e9liminaires, et l&rsquo;<a href=\"https:\/\/eur03.safelinks.protection.outlook.com\/?url=https%3A%2F%2Fdigital-strategy.ec.europa.eu%2Fen%2Fnews%2Fcommission-opens-formal-proceedings-against-tiktok-election-risks-under-digital-services-act&amp;data=05%7C02%7Cana.lazaro%40euronews.com%7C7758a9e8e27b4cd41d6b08ddd042f2ef%7Ce59fa28a32ed49aca5a09c46118cfecf%7C0%7C0%7C638895708147339557%7CUnknown%7CTWFpbGZsb3d8eyJFbXB0eU1hcGkiOnRydWUsIlYiOiIwLjAuMDAwMCIsIlAiOiJXaW4zMiIsIkFOIjoiTWFpbCIsIldUIjoyfQ%3D%3D%7C0%7C%7C%7C&amp;sdata=qM5RqADVpFRIX9khDLa5Q%2FkJvpU7ES8xH97oN2aUJu0%3D&amp;reserved=0\" rel=\"nofollow noopener\" target=\"_blank\" data-ylk=\"slk:int\u00e9grit\u00e9 des \u00e9lections;elm:context_link;itc:0;sec:content-canvas\" class=\"link \">int\u00e9grit\u00e9 des \u00e9lections<\/a> sont \u00e9galement dans le collimateur. L&rsquo;affaire TikTok Lite a \u00e9t\u00e9 class\u00e9e apr\u00e8s que TikTok <a href=\"https:\/\/eur03.safelinks.protection.outlook.com\/?url=https%3A%2F%2Fec.europa.eu%2Fcommission%2Fpresscorner%2Fdetail%2Fen%2FIP_24_4161&amp;data=05%7C02%7Cana.lazaro%40euronews.com%7C7758a9e8e27b4cd41d6b08ddd042f2ef%7Ce59fa28a32ed49aca5a09c46118cfecf%7C0%7C0%7C638895708147375202%7CUnknown%7CTWFpbGZsb3d8eyJFbXB0eU1hcGkiOnRydWUsIlYiOiIwLjAuMDAwMCIsIlAiOiJXaW4zMiIsIkFOIjoiTWFpbCIsIldUIjoyfQ%3D%3D%7C0%7C%7C%7C&amp;sdata=UJTuAxyrpbb6fcvWeQImYWC5AvGVXs7x%2B5BbqkG3tO4%3D&amp;reserved=0\" rel=\"nofollow noopener\" target=\"_blank\" data-ylk=\"slk:a propos\u00e9 des engagements;elm:context_link;itc:0;sec:content-canvas\" class=\"link \">a propos\u00e9 des engagements<\/a>.<\/p>\n<p>La Commission a constat\u00e9 qu&rsquo;AliExpress ne prenait pas suffisamment de mesures pour lutter contre les produits ill\u00e9gaux. L&rsquo;entreprise chinoise a finalement <a href=\"https:\/\/eur03.safelinks.protection.outlook.com\/?url=https%3A%2F%2Fec.europa.eu%2Fcommission%2Fpresscorner%2Fdetail%2Fen%2Fip_25_1551&amp;data=05%7C02%7Cana.lazaro%40euronews.com%7C7758a9e8e27b4cd41d6b08ddd042f2ef%7Ce59fa28a32ed49aca5a09c46118cfecf%7C0%7C0%7C638895708147435186%7CUnknown%7CTWFpbGZsb3d8eyJFbXB0eU1hcGkiOnRydWUsIlYiOiIwLjAuMDAwMCIsIlAiOiJXaW4zMiIsIkFOIjoiTWFpbCIsIldUIjoyfQ%3D%3D%7C0%7C%7C%7C&amp;sdata=L7zE0NhOS408mCdsqeP6IA%2FmTfUq7CZnrXh6d11pDuE%3D&amp;reserved=0\" rel=\"nofollow noopener\" target=\"_blank\" data-ylk=\"slk:propos\u00e9 des engagements et la Commission a \u00e9mis des conclusions pr\u00e9liminaires sur d&#039;autres griefs;elm:context_link;itc:0;sec:content-canvas\" class=\"link \">propos\u00e9 des engagements et la Commission a \u00e9mis des conclusions pr\u00e9liminaires sur d&rsquo;autres griefs<\/a>.<\/p>\n<p>Selon un dossier en cours, les services de Meta, Instagram et Facebook, font \u00e9galement l&rsquo;objet d&rsquo;un examen approfondi dans des affaires li\u00e9es \u00e0 la <a href=\"https:\/\/eur03.safelinks.protection.outlook.com\/?url=https%3A%2F%2Fec.europa.eu%2Fcommission%2Fpresscorner%2Fdetail%2Fen%2Fip_24_2664&amp;data=05%7C02%7Cana.lazaro%40euronews.com%7C7758a9e8e27b4cd41d6b08ddd042f2ef%7Ce59fa28a32ed49aca5a09c46118cfecf%7C0%7C0%7C638895708147456292%7CUnknown%7CTWFpbGZsb3d8eyJFbXB0eU1hcGkiOnRydWUsIlYiOiIwLjAuMDAwMCIsIlAiOiJXaW4zMiIsIkFOIjoiTWFpbCIsIldUIjoyfQ%3D%3D%7C0%7C%7C%7C&amp;sdata=%2BBWHV22pJnyXigDZp1zKrttA1Wz%2FFphZk%2FPr%2BDIm%2BF4%3D&amp;reserved=0\" rel=\"nofollow noopener\" target=\"_blank\" data-ylk=\"slk:protection des mineurs;elm:context_link;itc:0;sec:content-canvas\" class=\"link \">protection des mineurs<\/a> et \u00e0 l&rsquo;<a href=\"https:\/\/eur03.safelinks.protection.outlook.com\/?url=https%3A%2F%2Fec.europa.eu%2Fcommission%2Fpresscorner%2Fdetail%2Fen%2Fip_24_2373&amp;data=05%7C02%7Cana.lazaro%40euronews.com%7C7758a9e8e27b4cd41d6b08ddd042f2ef%7Ce59fa28a32ed49aca5a09c46118cfecf%7C0%7C0%7C638895708147475029%7CUnknown%7CTWFpbGZsb3d8eyJFbXB0eU1hcGkiOnRydWUsIlYiOiIwLjAuMDAwMCIsIlAiOiJXaW4zMiIsIkFOIjoiTWFpbCIsIldUIjoyfQ%3D%3D%7C0%7C%7C%7C&amp;sdata=cRFuAVr6sduPbtWsPCYIp%2FG9A62YK3ZYdlgOa%2FG539E%3D&amp;reserved=0\" rel=\"nofollow noopener\" target=\"_blank\" data-ylk=\"slk:int\u00e9grit\u00e9 des \u00e9lections;elm:context_link;itc:0;sec:content-canvas\" class=\"link \">int\u00e9grit\u00e9 des \u00e9lections<\/a>.<\/p>\n<p>Enfin, les sites pornographiques Stripchat, Pornhub, XNXX et Xvideos font l&rsquo;objet d&rsquo;une proc\u00e9dure relative \u00e0 la <a href=\"https:\/\/eur03.safelinks.protection.outlook.com\/?url=https%3A%2F%2Fdigital-strategy.ec.europa.eu%2Fen%2Fnews%2Fcommission-opens-investigations-safeguard-minors-pornographic-content-under-digital-services-act&amp;data=05%7C02%7Cana.lazaro%40euronews.com%7C7758a9e8e27b4cd41d6b08ddd042f2ef%7Ce59fa28a32ed49aca5a09c46118cfecf%7C0%7C0%7C638895708147495539%7CUnknown%7CTWFpbGZsb3d8eyJFbXB0eU1hcGkiOnRydWUsIlYiOiIwLjAuMDAwMCIsIlAiOiJXaW4zMiIsIkFOIjoiTWFpbCIsIldUIjoyfQ%3D%3D%7C0%7C%7C%7C&amp;sdata=zEJdjgH45JYQnEf69IayStY2rkmkEjJEL%2B4M9VCGE2Y%3D&amp;reserved=0\" rel=\"nofollow noopener\" target=\"_blank\" data-ylk=\"slk:protection des mineurs;elm:context_link;itc:0;sec:content-canvas\" class=\"link \">protection des mineurs<\/a>.<\/p>\n<p>Les groupes de consommateurs appellent \u00e0 l&rsquo;action<\/p>\n<p>Cette vague d&rsquo;enqu\u00eates intervient dans un contexte de pression croissante de la part des groupes de protection des consommateurs, qui estiment que e DSA doit \u00eatre soutenue par une mise en \u0153uvre r\u00e9elle pour avoir un impact significatif.<\/p>\n<p>\u00ab\u00a0Les conclusions pr\u00e9liminaires de la Commission europ\u00e9enne sur Temu constituent une premi\u00e8re \u00e9tape positive pour les consommateurs europ\u00e9ens. L&rsquo;ann\u00e9e derni\u00e8re, le Bureau europ\u00e9en des unions de consommateurs (BEUC) a d\u00e9pos\u00e9 une plainte contre Temu parce qu&rsquo;ils ne font pas assez pour prot\u00e9ger les consommateurs contre les produits ill\u00e9gaux et dangereux qui peuvent \u00eatre achet\u00e9s sur leur site Internet\u00a0\u00bb, explique Agust\u00edn Reyna, directeur g\u00e9n\u00e9ral du BEUC.<\/p>\n<p>\u00ab\u00a0Ce qui est en jeu, c&rsquo;est la s\u00e9curit\u00e9 des consommateurs. En effet, lorsque les consommateurs ach\u00e8tent quelque chose en ligne, ils s&rsquo;attendent \u00e0 ce que ce soit s\u00fbr. Ils ne se demandent pas si des produits chimiques ill\u00e9gaux sont utilis\u00e9s dans la production de ces biens, ou si un certain produit ou appareil m\u00e9nager peut exploser, ou si un enfant peut s&rsquo;\u00e9touffer avec un jouet. Ils s&rsquo;attendent \u00e0 ce que le produit soit s\u00fbr, quel que soit son prix, mais ils s&rsquo;attendent \u00e0 ce qu&rsquo;il soit s\u00fbr. Ce que nous avons identifi\u00e9 avec nos membres de toutes les organisations nationales de consommateurs &#8211; qui ont men\u00e9 des enqu\u00eates myst\u00e8res, test\u00e9 ces produits par l&rsquo;interm\u00e9diaire de Temu &#8211; c&rsquo;est qu&rsquo;il est possible d&rsquo;acheter et d&rsquo;\u00eatre expos\u00e9 \u00e0 une quantit\u00e9 importante de produits ill\u00e9gaux. Aujourd&rsquo;hui, l&rsquo;entreprise ne fait pas assez pour prot\u00e9ger les consommateurs\u00a0\u00bb, ajoute-t-il.<\/p>\n<p>Selon l&rsquo;organisation de consommateurs, le d\u00e9fi consiste maintenant \u00e0 faire appliquer la loi. La l\u00e9gislation est en place depuis pr\u00e8s d&rsquo;un an et demi, mais jusqu&rsquo;\u00e0 pr\u00e9sent, aucune enqu\u00eate de la Commission n&rsquo;a \u00e9t\u00e9 men\u00e9e \u00e0 bien et aucune sanction n&rsquo;a encore \u00e9t\u00e9 impos\u00e9e.<\/p>\n<p>Pourtant, ces plateformes devenant tr\u00e8s populaires aupr\u00e8s des Europ\u00e9ens, il est urgent de se pencher sur la question. \u00ab\u00a0Pour vous donner une id\u00e9e, le nombre de colis qui entrent dans l&rsquo;UE par Temu double chaque ann\u00e9e. Il s&rsquo;agit donc d&rsquo;un nombre important de produits non conformes qui entrent dans l&rsquo;UE. Et les consommateurs ne le savent pas\u00a0\u00bb, estime le directeur du BEUC.<\/p>\n<p>La France s&rsquo;appr\u00eate \u00e0 r\u00e9glementer la \u00ab\u00a0fast fashion\u00a0\u00bb<\/p>\n<p>L&rsquo;enqu\u00eate sur Temu intervient \u00e9galement \u00e0 un moment o\u00f9 les \u00c9tats membres de l&rsquo;UE redoublent d&rsquo;efforts pour r\u00e9glementer la fast fashion, un mod\u00e8le commercial qui, selon de nombreux experts, alimente la surconsommation, nuit \u00e0 l&rsquo;environnement et exploite des zones d&rsquo;ombre juridiques.<\/p>\n<p>En mai 2024, la France a propos\u00e9 une l\u00e9gislation novatrice visant les plateformes de fast fashion. Le gouvernement fran\u00e7ais a explicitement cit\u00e9 des entreprises telles que Temu et Shein comme exemples de plateformes perturbant les efforts de durabilit\u00e9, en utilisant un marketing agressif sur les m\u00e9dias sociaux et des jeux d&rsquo;achats pour encourager les achats impulsifs et la culture du jetable.<\/p>\n<p>Bien que la proposition fran\u00e7aise soit encore en cours de n\u00e9gociation, elle refl\u00e8te un consensus croissant sur le fait que la fast fashion &#8211; en particulier lorsqu&rsquo;elle est distribu\u00e9e par des plateformes en ligne non r\u00e9glement\u00e9es &#8211; pose non seulement des risques pour la s\u00e9curit\u00e9 des consommateurs, mais aussi de graves probl\u00e8mes environnementaux et sociaux.<\/p>\n<p>Il semble qu&rsquo;une r\u00e9ponse europ\u00e9enne soit n\u00e9cessaire \u00e0 un probl\u00e8me mondial. La convergence des probl\u00e8mes &#8211; de la vente ill\u00e9gale de produits \u00e0 la destruction de l&rsquo;environnement &#8211; a suscit\u00e9 des appels en faveur d&rsquo;une r\u00e9ponse plus unifi\u00e9e de l&rsquo;UE. Les experts estiment qu&rsquo;il n&rsquo;est plus possible de s&rsquo;appuyer sur une application nationale fragment\u00e9e face \u00e0 des plateformes mondiales qui op\u00e8rent au-del\u00e0 des fronti\u00e8res, en grande partie sans contr\u00f4le. Comme l&rsquo;affirme Agust\u00edn Reyna,\u00a0\u00bbl&rsquo;Europe ne peut pas gagner cette bataille un pays \u00e0 la fois\u00a0\u00bb. La loi sur les services num\u00e9riques est un d\u00e9but. Mais pour beaucoup, ce n&rsquo;est qu&rsquo;un d\u00e9but.<\/p>\n","protected":false},"excerpt":{"rendered":"La liste des plateformes de vente en ligne soup\u00e7onn\u00e9es d&rsquo;enfreindre les r\u00e8gles de l&rsquo;Union europ\u00e9enne ne cesse de&hellip;\n","protected":false},"author":2,"featured_media":291464,"comment_status":"","ping_status":"","sticky":false,"template":"","format":"standard","meta":{"footnotes":""},"categories":[1586],"tags":[11,10349,1777,674,1779,1011,27,14906,12,11055,25,1105,1778,364],"class_list":{"0":"post-291463","1":"post","2":"type-post","3":"status-publish","4":"format-standard","5":"has-post-thumbnail","7":"category-europe","8":"tag-actualites","9":"tag-commission","10":"tag-eu","11":"tag-europe","12":"tag-european-union","13":"tag-fr","14":"tag-france","15":"tag-la-loi","16":"tag-news","17":"tag-protection-des-mineurs","18":"tag-republique-francaise","19":"tag-temu","20":"tag-ue","21":"tag-union-europeenne"},"share_on_mastodon":{"url":"https:\/\/pubeurope.com\/@fr\/114959501528487713","error":""},"_links":{"self":[{"href":"https:\/\/www.europesays.com\/fr\/wp-json\/wp\/v2\/posts\/291463","targetHints":{"allow":["GET"]}}],"collection":[{"href":"https:\/\/www.europesays.com\/fr\/wp-json\/wp\/v2\/posts"}],"about":[{"href":"https:\/\/www.europesays.com\/fr\/wp-json\/wp\/v2\/types\/post"}],"author":[{"embeddable":true,"href":"https:\/\/www.europesays.com\/fr\/wp-json\/wp\/v2\/users\/2"}],"replies":[{"embeddable":true,"href":"https:\/\/www.europesays.com\/fr\/wp-json\/wp\/v2\/comments?post=291463"}],"version-history":[{"count":0,"href":"https:\/\/www.europesays.com\/fr\/wp-json\/wp\/v2\/posts\/291463\/revisions"}],"wp:featuredmedia":[{"embeddable":true,"href":"https:\/\/www.europesays.com\/fr\/wp-json\/wp\/v2\/media\/291464"}],"wp:attachment":[{"href":"https:\/\/www.europesays.com\/fr\/wp-json\/wp\/v2\/media?parent=291463"}],"wp:term":[{"taxonomy":"category","embeddable":true,"href":"https:\/\/www.europesays.com\/fr\/wp-json\/wp\/v2\/categories?post=291463"},{"taxonomy":"post_tag","embeddable":true,"href":"https:\/\/www.europesays.com\/fr\/wp-json\/wp\/v2\/tags?post=291463"}],"curies":[{"name":"wp","href":"https:\/\/api.w.org\/{rel}","templated":true}]}}