{"id":291473,"date":"2025-08-02T13:57:10","date_gmt":"2025-08-02T13:57:10","guid":{"rendered":"https:\/\/www.europesays.com\/fr\/291473\/"},"modified":"2025-08-02T13:57:10","modified_gmt":"2025-08-02T13:57:10","slug":"debat-approuvez-vous-la-decision-du-rc-vannes-de-deplacer-certains-abonnes-au-profit-des-partenaires","status":"publish","type":"post","link":"https:\/\/www.europesays.com\/fr\/291473\/","title":{"rendered":"DEBAT &#8211; Approuvez vous la d\u00e9cision du RC Vannes de d\u00e9placer certains abonn\u00e9s au profit des partenaires\u00a0?"},"content":{"rendered":"<p>Le <a href=\"https:\/\/www.letelegramme.fr\/sports\/rugby\/rc-vannes\/\" target=\"_blank\" rel=\"nofollow noopener\">RC Vannes<\/a> s\u2019appr\u00eate \u00e0 attaquer la nouvelle saison de Pro D2 avec de grandes ambitions de remont\u00e9e en Top 14. Afin d\u2019optimiser les revenus du stade de La Rabine, la direction du RCV a fait un choix tr\u00e8s fort. <a href=\"https:\/\/www.letelegramme.fr\/sports\/rugby\/rc-vannes\/on-a-essaye-de-les-deplacer-dans-les-meilleures-conditions-possibles-le-directeur-general-du-rc-vannes-explique-le-repositionnement-dans-le-stade-de-certains-abonnes-6859975.php\" target=\"_blank\" rel=\"nofollow noopener\">Elle a replac\u00e9 certains abonn\u00e9s<\/a> des tribunes lat\u00e9rales, du centre vers les c\u00f4t\u00e9s afin d\u2019offrir des places centrales \u00e0 des partenaires. Un choix qui a d\u00fb mal \u00e0 passer <a href=\"https:\/\/www.letelegramme.fr\/sports\/rugby\/rc-vannes\/il-y-a-un-petit-gout-amer-des-abonnes-du-rc-vannes-frustres-par-leur-nouvelle-place-en-tribune-au-profit-des-partenaires-6859946.php\" target=\"_blank\" rel=\"nofollow noopener\">chez certains fid\u00e8les abonn\u00e9s<\/a> concern\u00e9s.<\/p>\n","protected":false},"excerpt":{"rendered":"Le RC Vannes s\u2019appr\u00eate \u00e0 attaquer la nouvelle saison de Pro D2 avec de grandes ambitions de remont\u00e9e&hellip;\n","protected":false},"author":2,"featured_media":291474,"comment_status":"","ping_status":"","sticky":false,"template":"","format":"standard","meta":{"footnotes":""},"categories":[1416],"tags":[1011,27,2308,3164,3167,479,1468,60,3165],"class_list":{"0":"post-291473","1":"post","2":"type-post","3":"status-publish","4":"format-standard","5":"has-post-thumbnail","7":"category-rugby","8":"tag-fr","9":"tag-france","10":"tag-pro-d2","11":"tag-rc-vannes","12":"tag-rcv","13":"tag-rugby","14":"tag-rugby-football","15":"tag-sports","16":"tag-vannes"},"share_on_mastodon":{"url":"https:\/\/pubeurope.com\/@fr\/114959525035025328","error":""},"_links":{"self":[{"href":"https:\/\/www.europesays.com\/fr\/wp-json\/wp\/v2\/posts\/291473","targetHints":{"allow":["GET"]}}],"collection":[{"href":"https:\/\/www.europesays.com\/fr\/wp-json\/wp\/v2\/posts"}],"about":[{"href":"https:\/\/www.europesays.com\/fr\/wp-json\/wp\/v2\/types\/post"}],"author":[{"embeddable":true,"href":"https:\/\/www.europesays.com\/fr\/wp-json\/wp\/v2\/users\/2"}],"replies":[{"embeddable":true,"href":"https:\/\/www.europesays.com\/fr\/wp-json\/wp\/v2\/comments?post=291473"}],"version-history":[{"count":0,"href":"https:\/\/www.europesays.com\/fr\/wp-json\/wp\/v2\/posts\/291473\/revisions"}],"wp:featuredmedia":[{"embeddable":true,"href":"https:\/\/www.europesays.com\/fr\/wp-json\/wp\/v2\/media\/291474"}],"wp:attachment":[{"href":"https:\/\/www.europesays.com\/fr\/wp-json\/wp\/v2\/media?parent=291473"}],"wp:term":[{"taxonomy":"category","embeddable":true,"href":"https:\/\/www.europesays.com\/fr\/wp-json\/wp\/v2\/categories?post=291473"},{"taxonomy":"post_tag","embeddable":true,"href":"https:\/\/www.europesays.com\/fr\/wp-json\/wp\/v2\/tags?post=291473"}],"curies":[{"name":"wp","href":"https:\/\/api.w.org\/{rel}","templated":true}]}}