{"id":291476,"date":"2025-08-02T14:00:17","date_gmt":"2025-08-02T14:00:17","guid":{"rendered":"https:\/\/www.europesays.com\/fr\/291476\/"},"modified":"2025-08-02T14:00:17","modified_gmt":"2025-08-02T14:00:17","slug":"quels-circuits-sont-indispensables-au-calendrier-motogp","status":"publish","type":"post","link":"https:\/\/www.europesays.com\/fr\/291476\/","title":{"rendered":"Quels circuits sont indispensables au calendrier MotoGP ?"},"content":{"rendered":"<p>Le <a href=\"https:\/\/fr.motorsport.com\/motogp\/schedule\/2025\/?event_types%5B%5D=race\" target=\"_self\" rel=\"noopener\">calendrier MotoGP<\/a> compte aujourd&rsquo;hui 22 circuits, r\u00e9partis dans 18 pays dont une majorit\u00e9 en Europe. Jamais une saison de Grand Prix moto n&rsquo;avait compt\u00e9 un agenda aussi charg\u00e9, et pourtant les d\u00e9bats sur les pistes qui m\u00e9riteraient de figurer au calendrier pourraient durer \u00e0 l&rsquo;infini.<\/p>\n<p>Alors que les instances continuent \u00e0 \u00e9tudier sans discontinuer les diff\u00e9rents terrains sur lesquels le MotoGP aurait int\u00e9r\u00eat \u00e0 s&rsquo;implanter, certains pilotes ont r\u00e9cemment \u00e9t\u00e9 questionn\u00e9s sur les pistes dont la place m\u00e9riterait, selon eux, d&rsquo;\u00eatre sanctuaris\u00e9e. Une question loin d&rsquo;\u00eatre si \u00e9vidente, d&rsquo;autant qu&rsquo;il leur a \u00e9t\u00e9 demand\u00e9 de n&rsquo;en choisir que six\u2026<\/p>\n<p>\u00ab\u00a0Le Mugello, Austin, Brno, la Malaisie, Phillip Island, Assen\u00a0!\u00a0\u00bb, a r\u00e9pondu <a href=\"https:\/\/fr.motorsport.com\/driver\/pecco-bagnaia\/109394\/\" target=\"_blank\" rel=\"noopener\">Pecco Bagnaia<\/a> lorsqu&rsquo;il a tent\u00e9 de lister les circuits indispensables. Sauf qu&rsquo;il en aurait bien ajout\u00e9 quelques-uns\u2026 \u00ab\u00a0Il y a aussi Barcelone, et bien plus que six\u00a0\u00bb, a reconnu le double champion du monde.<\/p>\n<p>\u00ab\u00a0Les six sur lesquels je le suis le plus rapide seraient l&rsquo;id\u00e9al pour moi !\u00a0\u00bb, a quant \u00e0 lui r\u00e9pondu <a href=\"https:\/\/fr.motorsport.com\/driver\/brad-binder\/109383\/\" target=\"_blank\" rel=\"noopener\">Brad Binder<\/a>, tr\u00e8s pragmatique, avant de tenter d&rsquo;en citer six\u00a0:\u00a0\u00ab\u00a0Je pense qu&rsquo;on ne peut pas faire l&rsquo;impasse sur le Mugello, Phillip Island, Assen, Brno est g\u00e9nial, Jerez&#8230; Et si je devais en choisir un sixi\u00e8me, je ne sais pas, j&rsquo;aime vraiment beaucoup le trac\u00e9 en Am\u00e9rique mais j&rsquo;y suis inutile alors je crois que j&rsquo;\u00e9viterais celui-l\u00e0\u00a0!\u00a0\u00bb<\/p>\n<p>   <img decoding=\"async\" draggable=\"false\" src=\"https:\/\/www.europesays.com\/fr\/wp-content\/uploads\/2025\/08\/francesco-bagnaia-ducati-team-1.jpg\" alt=\"Phillip Island semble faire l'unanimit\u00e9 chez les pilotes !\" width=\"1200\" height=\"800\" loading=\"lazy\"\/> <\/p>\n<p class=\"title\">Phillip Island semble faire l&rsquo;unanimit\u00e9 chez les pilotes !<\/p>\n<p class=\"photographer\">Photo de: Gold and Goose Photography \/ LAT Images \/ via Getty Images<\/p>\n<p>\u00ab\u00a0Par rapport \u00e0 la <a href=\"https:\/\/fr.motorsport.com\/f1\/\" target=\"_self\" rel=\"noopener\">Formule 1<\/a>, je pense qu&rsquo;on a beaucoup de chance parce qu&rsquo;on a beaucoup de belles pistes\u00a0\u00bb, a fait remarquer <a href=\"https:\/\/fr.motorsport.com\/driver\/luca-marini\/201098\/\" target=\"_blank\" rel=\"noopener\">Luca Marini<\/a>. \u00ab\u00a0Il n&rsquo;y en a pas vraiment six que je pr\u00e9f\u00e8re, c&rsquo;est plus ou moins comme l&rsquo;a dit Brad\u00a0:\u00a0si on est rapide sur une piste, on l&rsquo;aime, et sinon on l&rsquo;\u00e9vite\u00a0!\u00a0Mais \u00e7a d\u00e9pend toujours de la moto et des sensations qu&rsquo;elle nous donne. De mon point de vue, on peut \u00eatre rapide partout.\u00a0\u00bb<\/p>\n<p>Le pilote Honda s&rsquo;est tout de m\u00eame lanc\u00e9\u00a0:\u00a0\u00ab\u00a0Le Mugello avant tout, Misano parce que je peux y aller en voiture ou \u00e0 v\u00e9lo, Portim\u00e3o, Phillip Island, Austin est tr\u00e8s sympa aussi, et Brno.\u00a0\u00bb<\/p>\n<p>Les go\u00fbts personnels, la nationalit\u00e9 et le palmar\u00e8s peuvent bien s\u00fbr influencer l&rsquo;avis des pilotes, mais d&rsquo;autres crit\u00e8res entrent en compte \u00e9galement comme l&rsquo;a rappel\u00e9 Bagnaia. \u00ab\u00a0Les pistes doivent vraiment se concentrer sur le fait de d\u00e9velopper la s\u00e9curit\u00e9. Pour moi, il y en a qui sont obligatoires mais o\u00f9 la s\u00e9curit\u00e9 n&rsquo;est pas tr\u00e8s \u00e9lev\u00e9e, comme Jerez dans le virage 4 ou le 7\u00a0;\u00a0on a vu <a href=\"https:\/\/fr.motorsport.com\/driver\/alex-rins\/109402\/\" target=\"_blank\" rel=\"noopener\">\u00c1lex Rins<\/a> et Franky Morbidelli tomber \u00e0 ces endroits et arriver tr\u00e8s vite sur l&rsquo;airfence. Ou bien Barcelone, o\u00f9 le niveau d&rsquo;adh\u00e9rence est tr\u00e8s faible. Il y a donc des pistes obligatoires sur lesquelles il faut am\u00e9liorer la s\u00e9curit\u00e9.\u00a0\u00bb<\/p>\n<p>   <img decoding=\"async\" draggable=\"false\" src=\"https:\/\/www.europesays.com\/fr\/wp-content\/uploads\/2025\/08\/miguel-oliveira-pramac-racing.jpg\" alt=\"Le circuit de Brno\" width=\"1200\" height=\"800\" loading=\"lazy\"\/> <\/p>\n<p class=\"title\">Le circuit de Brno<\/p>\n<p class=\"photographer\">Photo de: Pramac Racing<\/p>\n<p>C&rsquo;est justement \u00e0 cause du mauvais \u00e9tat de la piste que Brno a \u00e9t\u00e9 absente du calendrier durant quatre ans. Beaucoup de pilotes ont toutefois exprim\u00e9 leur joie de retrouver le circuit tch\u00e8que le mois dernier, soulignant qu&rsquo;il fallait peut-\u00eatre chercher \u00e0 d\u00e9passer les difficult\u00e9s de ce type et \u00e0 mener les travaux requis afin de pr\u00e9server les trac\u00e9s les plus excitants.<\/p>\n<p>\u00ab\u00a0Je suis content d&rsquo;\u00eatre ici parce que c&rsquo;est une tr\u00e8s belle piste qui, \u00e0 mon avis, aurait m\u00e9rit\u00e9 qu&rsquo;on y coure ces quatre ann\u00e9es o\u00f9 l&rsquo;on n&rsquo;est pas venus\u00a0\u00bb, avait ainsi fait remarquer <a href=\"https:\/\/fr.motorsport.com\/driver\/marco-bezzecchi\/441839\/\" target=\"_blank\" rel=\"noopener\">Marco Bezzecchi<\/a>\u00a0avant son podium \u00e0 Brno.<\/p>\n<p><a href=\"https:\/\/fr.motorsport.com\/motogp\/news\/calendrier-2026-motogp-dates-circuits\/10744459\/\" target=\"_self\" rel=\"noopener\">Le calendrier 2026 d\u00e9voil\u00e9 il y a quelques jours<\/a> a r\u00e9v\u00e9l\u00e9 que le nombre de Grands Prix resterait inchang\u00e9 la saison prochaine et la plupart des circuits conserv\u00e9s. Seule l&rsquo;Argentine va quitter le programme pour c\u00e9der sa place au Br\u00e9sil, avec une \u00e9preuve qui s&rsquo;implante sur <a href=\"https:\/\/fr.motorsport.com\/motogp\/news\/motogp-visite-circuit-goiania-gp-bresil\/10704581\/\" target=\"_self\" rel=\"noopener\">le nouveau circuit de Goi\u00e2nia<\/a>. <a href=\"https:\/\/fr.motorsport.com\/motogp\/news\/buenos-aires-plan-accueillir-motogp-f1\/10744102\/\" target=\"_self\" rel=\"noopener\">L&rsquo;Argentine doit faire son retour d\u00e8s 2027<\/a>, mais \u00e0 Buenos Aires et non plus \u00e0 Termas de R\u00edo Hondo.<\/p>\n<p>Lire aussi :<\/p>\n<p>Avec cet \u00e9chantillon de pilotes, on voit donc que le Mugello,\u00a0Austin, Brno et Phillip Island sortent du lot.\u00a0Et pour vous, quel est LE circuit du calendrier MotoGP auquel il ne faudrait surtout pas toucher\u00a0?<\/p>\n<p>\u00a0            <\/p>\n<p>Dans cet article<\/p>\n<p>Soyez le premier inform\u00e9 et souscrivez aux alertes mails pour recevoir les infos en temps r\u00e9el<\/p>\n<p>    S&rsquo;abonner aux alertes de news<\/p>\n","protected":false},"excerpt":{"rendered":"Le calendrier MotoGP compte aujourd&rsquo;hui 22 circuits, r\u00e9partis dans 18 pays dont une majorit\u00e9 en Europe. Jamais une&hellip;\n","protected":false},"author":2,"featured_media":291477,"comment_status":"","ping_status":"","sticky":false,"template":"","format":"standard","meta":{"footnotes":""},"categories":[1413],"tags":[1011,27,1457,1456,1458,60],"class_list":{"0":"post-291476","1":"post","2":"type-post","3":"status-publish","4":"format-standard","5":"has-post-thumbnail","7":"category-moto","8":"tag-fr","9":"tag-france","10":"tag-moto","11":"tag-motocycle","12":"tag-motogp","13":"tag-sports"},"share_on_mastodon":{"url":"https:\/\/pubeurope.com\/@fr\/114959537094393620","error":""},"_links":{"self":[{"href":"https:\/\/www.europesays.com\/fr\/wp-json\/wp\/v2\/posts\/291476","targetHints":{"allow":["GET"]}}],"collection":[{"href":"https:\/\/www.europesays.com\/fr\/wp-json\/wp\/v2\/posts"}],"about":[{"href":"https:\/\/www.europesays.com\/fr\/wp-json\/wp\/v2\/types\/post"}],"author":[{"embeddable":true,"href":"https:\/\/www.europesays.com\/fr\/wp-json\/wp\/v2\/users\/2"}],"replies":[{"embeddable":true,"href":"https:\/\/www.europesays.com\/fr\/wp-json\/wp\/v2\/comments?post=291476"}],"version-history":[{"count":0,"href":"https:\/\/www.europesays.com\/fr\/wp-json\/wp\/v2\/posts\/291476\/revisions"}],"wp:featuredmedia":[{"embeddable":true,"href":"https:\/\/www.europesays.com\/fr\/wp-json\/wp\/v2\/media\/291477"}],"wp:attachment":[{"href":"https:\/\/www.europesays.com\/fr\/wp-json\/wp\/v2\/media?parent=291476"}],"wp:term":[{"taxonomy":"category","embeddable":true,"href":"https:\/\/www.europesays.com\/fr\/wp-json\/wp\/v2\/categories?post=291476"},{"taxonomy":"post_tag","embeddable":true,"href":"https:\/\/www.europesays.com\/fr\/wp-json\/wp\/v2\/tags?post=291476"}],"curies":[{"name":"wp","href":"https:\/\/api.w.org\/{rel}","templated":true}]}}