{"id":291478,"date":"2025-08-02T14:01:10","date_gmt":"2025-08-02T14:01:10","guid":{"rendered":"https:\/\/www.europesays.com\/fr\/291478\/"},"modified":"2025-08-02T14:01:10","modified_gmt":"2025-08-02T14:01:10","slug":"john-elkann-sexprime-apres-la-prolongation-de-vasseur-ferrari-veut-gagner-a-gagne-et-gagnera","status":"publish","type":"post","link":"https:\/\/www.europesays.com\/fr\/291478\/","title":{"rendered":"John Elkann s\u2019exprime apr\u00e8s la prolongation de Vasseur : \u00ab Ferrari veut gagner, a gagn\u00e9 et gagnera \u00bb"},"content":{"rendered":"<p>La mi-saison est d\u00e9sormais franchie, et Ferrari continue \u00e0 rencontrer des difficult\u00e9s. Bien que les rouges semblent bien mieux s\u2019en sortir que certains de ses concurrents, \u00e0 l\u2019image de <a href=\"https:\/\/www.autohebdo.fr\/actualites\/ecurie\/mercedes\" data-internallinksmanager029f6b8e52c=\"80\" title=\"Ecurie Mercedes F1\" rel=\"nofollow noopener\" target=\"_blank\">Mercedes<\/a> ou encore <a href=\"https:\/\/www.autohebdo.fr\/actualites\/ecurie\/red-bull-racing\" data-internallinksmanager029f6b8e52c=\"78\" title=\"Ecurie F1 Red Bull Racing\" rel=\"nofollow noopener\" target=\"_blank\">Red Bull<\/a>, la <a href=\"https:\/\/www.autohebdo.fr\/actualites\/ecurie\/ferrari\" data-internallinksmanager029f6b8e52c=\"74\" title=\"Ferrari\" rel=\"nofollow noopener\" target=\"_blank\">Scuderia<\/a> n\u2019est pas l\u00e0 o\u00f9 elle esp\u00e9rait figurer au regard des investissements consentis, et du duo de pilotes ainsi form\u00e9.<\/p>\n<p>Tr\u00e8s attendu par les Tifosi, la r\u00e9action de John Elkann face \u00e0 l\u2019agitation permanente autour de Ferrari, a enfin pu \u00eatre observ\u00e9e dans une interview accord\u00e9e \u00e0 la <a href=\"https:\/\/www.autohebdo.fr\/actualites\/f1\" data-internallinksmanager029f6b8e52c=\"1\" title=\"F1\" rel=\"nofollow noopener\" target=\"_blank\">F1<\/a>. \u00ab\u00a0C\u2019est la derni\u00e8re course de la premi\u00e8re partie de la saison. C\u2019est donc un bon moment pour \u00eatre ici avec l\u2019\u00e9quipe, a d\u00e9clar\u00e9 l\u2019Italien. C\u2019est un bon moment pour r\u00e9fl\u00e9chir \u00e0 ce qui a \u00e9t\u00e9 un d\u00e9but difficile. Et, plus important encore, poser les bonnes bases pour la seconde moiti\u00e9 de la saison, et vraiment s\u2019assurer que tout le monde parte en vacances avec de l\u2019\u00e9nergie, ce qui est n\u00e9cessaire, et revienne en force aux Pays-Bas. Il y a beaucoup d\u2019\u00e9nergie dans l\u2019\u00e9quipe en ce moment.\u00a0\u00bb<\/p>\n<p>D\u00e9j\u00e0 pr\u00e9sent aux <a href=\"https:\/\/www.autohebdo.fr\/actualites\/endurance\/wec\/24-h-le-mans\" data-internallinksmanager029f6b8e52c=\"56\" title=\"24h du mans\" rel=\"nofollow noopener\" target=\"_blank\">24H du Mans<\/a> en juin, le discret pr\u00e9sident de Ferrari n\u2019avait jusqu\u2019alors que tr\u00e8s peu pris la parole face aux doutes grandissants chez les fans. <a href=\"https:\/\/www.autohebdo.fr\/actualites\/monoplace\" data-internallinksmanager029f6b8e52c=\"61\" title=\"Monoplace\" rel=\"nofollow noopener\" target=\"_blank\">Monoplace<\/a> peu en verve, <a href=\"https:\/\/www.autohebdo.fr\/pilote\/f1\/lewis-hamilton-2\" data-internallinksmanager029f6b8e52c=\"41\" title=\"Lewis Hamilton\" rel=\"nofollow noopener\" target=\"_blank\">Lewis Hamilton<\/a> en difficult\u00e9 depuis son arriv\u00e9e, et Fr\u00e9d\u00e9ric Vasseur menac\u00e9 par la presse italienne, tels \u00e9taient les points de tension ne cessant de faire l\u2019actualit\u00e9 depuis le printemps.<\/p>\n<\/p>\n<p>Vasseur a la confiance de Ferrari<\/p>\n<p>Prolong\u00e9 cette semaine en tant que directeur de la Scuderia, le Fran\u00e7ais Fr\u00e9d\u00e9ric Vasseur a naturellement \u00e9t\u00e9 \u00e9voqu\u00e9 par John Elkann. Visiblement satisfait de son travail \u00e0 la t\u00eate de l\u2019\u00e9curie, le dirigeant transalpin n\u2019a pas h\u00e9sit\u00e9 \u00e0 faire valoir la notion de stabilit\u00e9, peu habituelle au sein de l\u2019\u00e9quipe au cours des deux derni\u00e8res d\u00e9cennies.<\/p>\n<p>\u00ab Nous avons vraiment bien travaill\u00e9 avec Fred (Vasseur). Et quand vous travaillez bien avec quelqu\u2019un, il est important de continuer \u00e0 bien travailler ensemble, a-t-il affirm\u00e9. Et la r\u00e9alit\u00e9, c\u2019est que nous voulons tous, sur la base de ces ann\u00e9es pass\u00e9es ensemble, construire davantage. Et nous savons qu\u2019en Formule 1, le facteur temps est tel que ce dont vous avez vraiment besoin, c\u2019est d\u2019engagement, de confiance, et de s\u2019assurer que le temps joue en votre faveur.\u00a0L\u2019\u00e9volution naturelle de la relation avec Fred a \u00e9t\u00e9 une relation tr\u00e8s forte. Et c\u2019est quelque chose qu\u2019on peut ressentir, c\u2019est palpable chez Ferrari \u2014 hier et aujourd\u2019hui \u2014 l\u2019importance de la stabilit\u00e9 et la mani\u00e8re dont elle a un impact majeur sur les r\u00e9sultats. C\u2019est vraiment ce que nous voulons tous.\u00a0\u00bb<\/p>\n<p>Conscient n\u00e9anmoins de la direction d\u00e9ceptive que prend cet exercice 2025, John Elkann semble pr\u00e9f\u00e9rer se tourner vers l\u2019avenir. Bien que la seconde moiti\u00e9 de saison ait \u00e9t\u00e9 abord\u00e9e, la saison 2026 est en ligne de mire. \u00c0 l\u2019image du r\u00e9cent recrutement d\u2019un ing\u00e9nieur de la performance aux c\u00f4t\u00e9s de Lewis Hamilton \u2013 ce nouvel \u00e9l\u00e9ment \u00e9tant issu de l\u2019\u00e9curie Mercedes \u2013 il est in\u00e9vitable d\u2019imaginer un remodelage relatif, n\u00e9cessaire, au regard du fonctionnement de la Scuderia, au profit de la performance.<\/p>\n<p>Une m\u00e9thodologie \u00e0 revoir\u00a0?<\/p>\n<p>\u00ab Nous avons eu une saison difficile, et c\u2019est pour cela qu\u2019il est vraiment important de bien la terminer et de commencer la seconde moiti\u00e9 tr\u00e8s fort, avec beaucoup d\u2019\u00e9nergie. Ferrari veut gagner, a gagn\u00e9, et gagnera, a ponctu\u00e9 le pr\u00e9sident de la firme de Maranello. Ce qui est important chez Ferrari, ce n\u2019est pas l\u2019individu, mais les individus. Et ces individus, quand ils travaillent ensemble, peuvent faire des choses incroyables. Et cela a \u00e9t\u00e9 tr\u00e8s vrai en Formule 1, et nous nous souvenons tous de l\u2019\u00e9poque o\u00f9 nous \u00e9tions victorieux. Et nous l\u2019\u00e9tions parce qu\u2019il y avait un fort sentiment que d\u2019incroyables ing\u00e9nieurs \u2014 nos ing\u00e9nieurs \u2014 \u00e9taient vraiment des individus qui travaillaient ensemble. Donc ce n\u2019est pas \u00e0 propos d\u2019un seul individu, mais de l\u2019effort collectif de grands individus qui peuvent accomplir encore plus ensemble.\u00a0\u00bb<\/p>\n<p>Recrut\u00e9 pour apporter de l\u2019ordre au sein de la Scuderia Ferrari, Fr\u00e9d\u00e9ric Vasseur fera d\u00e9sormais face \u00e0 un d\u00e9fi plus grand encore. Plus que de confirmer le travail d\u00e9but\u00e9 jusqu\u2019alors, le Tricolore est attendu dans le r\u00f4le de celui capable de ramener les Italiens au sommet de son sport. Alors que la notion d\u2019unit\u00e9 a \u00e9t\u00e9 martel\u00e9e par John Elkann en Hongrie, le travail d\u2019\u00e9quipe serait-il encore perfectible \u00e0 Maranello\u00a0? \u00c0 ce stade, il semble que le virage vers 2026 en soit le meilleur arbitre \u00e9tant donn\u00e9 le retard cons\u00e9quent encore effectif en ce mois d\u2019ao\u00fbt 2025.<\/p>\n<p><strong>\u00c0 LIRE AUSSI &gt; <a href=\"https:\/\/www.autohebdo.fr\/actualites\/f1\/frederic-vasseur-apres-sa-prolongation-chez-ferrari-cest-important-pour-moi-de-savoir-que-jai-le-soutien-des-pilotes.html\" target=\"_blank\" rel=\"noopener nofollow\">Fr\u00e9d\u00e9ric Vasseur apr\u00e8s sa prolongation chez Ferrari : \u00ab C\u2019est important pour moi de savoir que j\u2019ai le soutien des pilotes \u00bb<\/a><\/strong><\/p>\n","protected":false},"excerpt":{"rendered":"La mi-saison est d\u00e9sormais franchie, et Ferrari continue \u00e0 rencontrer des difficult\u00e9s. Bien que les rouges semblent bien&hellip;\n","protected":false},"author":2,"featured_media":291479,"comment_status":"","ping_status":"","sticky":false,"template":"","format":"standard","meta":{"footnotes":""},"categories":[1412],"tags":[1451,1452,1453,1454,1455,1011,27,60],"class_list":{"0":"post-291478","1":"post","2":"type-post","3":"status-publish","4":"format-standard","5":"has-post-thumbnail","7":"category-f1","8":"tag-f1","9":"tag-formula-1","10":"tag-formula1","11":"tag-formule-1","12":"tag-formule1","13":"tag-fr","14":"tag-france","15":"tag-sports"},"share_on_mastodon":{"url":"https:\/\/pubeurope.com\/@fr\/114959540819504740","error":""},"_links":{"self":[{"href":"https:\/\/www.europesays.com\/fr\/wp-json\/wp\/v2\/posts\/291478","targetHints":{"allow":["GET"]}}],"collection":[{"href":"https:\/\/www.europesays.com\/fr\/wp-json\/wp\/v2\/posts"}],"about":[{"href":"https:\/\/www.europesays.com\/fr\/wp-json\/wp\/v2\/types\/post"}],"author":[{"embeddable":true,"href":"https:\/\/www.europesays.com\/fr\/wp-json\/wp\/v2\/users\/2"}],"replies":[{"embeddable":true,"href":"https:\/\/www.europesays.com\/fr\/wp-json\/wp\/v2\/comments?post=291478"}],"version-history":[{"count":0,"href":"https:\/\/www.europesays.com\/fr\/wp-json\/wp\/v2\/posts\/291478\/revisions"}],"wp:featuredmedia":[{"embeddable":true,"href":"https:\/\/www.europesays.com\/fr\/wp-json\/wp\/v2\/media\/291479"}],"wp:attachment":[{"href":"https:\/\/www.europesays.com\/fr\/wp-json\/wp\/v2\/media?parent=291478"}],"wp:term":[{"taxonomy":"category","embeddable":true,"href":"https:\/\/www.europesays.com\/fr\/wp-json\/wp\/v2\/categories?post=291478"},{"taxonomy":"post_tag","embeddable":true,"href":"https:\/\/www.europesays.com\/fr\/wp-json\/wp\/v2\/tags?post=291478"}],"curies":[{"name":"wp","href":"https:\/\/api.w.org\/{rel}","templated":true}]}}