{"id":291480,"date":"2025-08-02T14:02:09","date_gmt":"2025-08-02T14:02:09","guid":{"rendered":"https:\/\/www.europesays.com\/fr\/291480\/"},"modified":"2025-08-02T14:02:09","modified_gmt":"2025-08-02T14:02:09","slug":"cyclisme-route-emmanuel-hubert-je-suis-presque-sur-que-ca-va-se-faire","status":"publish","type":"post","link":"https:\/\/www.europesays.com\/fr\/291480\/","title":{"rendered":"Cyclisme. Route &#8211; Emmanuel Hubert : \u00abJe suis presque s\u00fbr que \u00e7a va se faire&#8230;\u00bb"},"content":{"rendered":"<p>\u00c0 moins de six mois de la fin du partenariat avec <strong>Arkea<\/strong> et <strong>B&amp;B Hotels<\/strong>, le manager g\u00e9n\u00e9ral<strong> <a href=\"https:\/\/www.cyclismactu.net\/..\/news-tour-de-france-route-emmanuel-hubert-les-investisseurs-j-ai-envie-de-leur-dire-89291.html\" target=\"_blank\" rel=\"nofollow noopener\">Emmanuel Hubert<\/a><\/strong> intensifie ses recherches de nouveaux sponsors pour assurer la p\u00e9rennit\u00e9 de l\u2019\u00e9quipe en 2026. Invit\u00e9 de l\u2019\u00e9mission L\u2019Int\u00e9grale Sport sur <a href=\"https:\/\/rmcsport.bfmtv.com\/cyclisme\/tour-de-france\/je-suis-presque-sur-que-ca-va-se-faire-apres-le-tour-de-france-l-equipe-arkea-b-b-hotels-proche-de-trouver-une-solution_AV-202508010486.html\" target=\"_blank\" rel=\"nofollow noopener\">RMC Sport<\/a>, il se veut prudent mais confiant. Le 31 d\u00e9cembre prochain, l\u2019\u00e9quipe <strong>Arkea-B&amp;B Hotels<\/strong> pourrait dispara\u00eetre du peloton professionnel. <strong>Arkea<\/strong>, principal sponsor depuis 2020, et<strong> B&amp;B Hotels<\/strong>, qui avait rejoint le projet en 2023, ont tous deux confirm\u00e9 qu\u2019ils ne reconduiraient pas leur engagement au-del\u00e0 de la saison 2025. Face \u00e0 cette \u00e9ch\u00e9ance, <strong>Emmanuel Hubert<\/strong>, \u00e0 la t\u00eate de la structure depuis 2014, se d\u00e9m\u00e8ne pour assurer la survie de l\u2019\u00e9quipe.<\/p>\n<p>Vid\u00e9o &#8211; Emmanuel Hubert au micro de Cyclism&rsquo;Actu \u00e0 la fin du Tour Lire la suite de l&rsquo;article&#13;<\/p>\n<p>\u00a0<\/p>\n<p>&#13;<br \/>\n\u00ab\u00a0Est-ce qu\u2019on y va seul, \u00e0 deux ou \u00e0 trois partenaires ? Aujourd\u2019hui, j\u2019en suis l\u00e0\u00a0\u00bb&#13;<\/p>\n<p>Invit\u00e9 ce week-end de L\u2019Int\u00e9grale Sport sur <a href=\"https:\/\/rmcsport.bfmtv.com\/cyclisme\/tour-de-france\/je-suis-presque-sur-que-ca-va-se-faire-apres-le-tour-de-france-l-equipe-arkea-b-b-hotels-proche-de-trouver-une-solution_AV-202508010486.html\" target=\"_blank\" rel=\"nofollow noopener\">RMC Sport<\/a>, le manager breton a dress\u00e9 un constat lucide : malgr\u00e9 la visibilit\u00e9 offerte par le <strong>Tour de France<\/strong>, d\u00e9crocher des financements reste difficile. \u00ab\u00a0Peut-\u00eatre parce que les budgets ont beaucoup augment\u00e9 ces derni\u00e8res ann\u00e9es. Il y a aussi une conjoncture mondiale compliqu\u00e9e. Les droits de douane, les incertitudes \u00e9conomiques\u2026 Tout cela freine certaines entreprises \u00e0 investir, surtout \u00e0 l\u2019international\u00a0\u00bb, a-t-il expliqu\u00e9. Pour autant, <strong>Hubert <\/strong>garde espoir : \u00ab\u00a0J\u2019ai des prospects, des gens qui ont envie. Maintenant, il faut signer en bas de la page et trouver la bonne \u00e9quation. Est-ce qu\u2019on y va seul, \u00e0 deux ou \u00e0 trois partenaires ? Aujourd\u2019hui, j\u2019en suis l\u00e0.\u00a0\u00bb<\/p>\n<p>&#13;<\/p>\n<p>Dans un contexte incertain, le manager refuse de retenir ses collaborateurs : \u00ab\u00a0J\u2019ai dit \u00e0 mon personnel : &lsquo;si vous avez le moindre doute, allez-y, ne m\u2019attendez pas&rsquo;. Je suis presque s\u00fbr que \u00e7a va se faire. La seule inconnue, c\u2019est le timing.\u00a0\u00bb <strong>Emmanuel Hubert <\/strong>d\u00e9fend \u00e9galement l\u2019h\u00e9ritage de son \u00e9quipe, qui a su former de jeunes talents devenus des r\u00e9f\u00e9rences du peloton. Il cite notamment <strong>K\u00e9vin Vauquelin<\/strong>, septi\u00e8me du dernier <strong>Tour de France<\/strong>, form\u00e9 au sein de l\u2019\u00e9quipe depuis ses d\u00e9buts, ou encore <strong>Ma\u00ebva Squiban<\/strong>, impressionnante sur le <strong>Tour de France Femmes <\/strong>avant de rejoindre <strong>UAE Team ADQ<\/strong>. \u00ab\u00a0Cette structure, depuis 15 ans, sait faire et sait \u00e9duquer des jeunes champions et championnes\u00a0\u00bb, conclut-il.<\/p>\n","protected":false},"excerpt":{"rendered":"\u00c0 moins de six mois de la fin du partenariat avec Arkea et B&amp;B Hotels, le manager g\u00e9n\u00e9ral&hellip;\n","protected":false},"author":2,"featured_media":291481,"comment_status":"","ping_status":"","sticky":false,"template":"","format":"standard","meta":{"footnotes":""},"categories":[1411],"tags":[1154,207,211,1011,27,209,60,210,212,208,213],"class_list":{"0":"post-291480","1":"post","2":"type-post","3":"status-publish","4":"format-standard","5":"has-post-thumbnail","7":"category-cyclisme","8":"tag-cycling","9":"tag-cyclisme","10":"tag-ffc","11":"tag-fr","12":"tag-france","13":"tag-route","14":"tag-sports","15":"tag-tour-de-france","16":"tag-uci","17":"tag-velo","18":"tag-world-tour"},"share_on_mastodon":{"url":"https:\/\/pubeurope.com\/@fr\/114959544734083180","error":""},"_links":{"self":[{"href":"https:\/\/www.europesays.com\/fr\/wp-json\/wp\/v2\/posts\/291480","targetHints":{"allow":["GET"]}}],"collection":[{"href":"https:\/\/www.europesays.com\/fr\/wp-json\/wp\/v2\/posts"}],"about":[{"href":"https:\/\/www.europesays.com\/fr\/wp-json\/wp\/v2\/types\/post"}],"author":[{"embeddable":true,"href":"https:\/\/www.europesays.com\/fr\/wp-json\/wp\/v2\/users\/2"}],"replies":[{"embeddable":true,"href":"https:\/\/www.europesays.com\/fr\/wp-json\/wp\/v2\/comments?post=291480"}],"version-history":[{"count":0,"href":"https:\/\/www.europesays.com\/fr\/wp-json\/wp\/v2\/posts\/291480\/revisions"}],"wp:featuredmedia":[{"embeddable":true,"href":"https:\/\/www.europesays.com\/fr\/wp-json\/wp\/v2\/media\/291481"}],"wp:attachment":[{"href":"https:\/\/www.europesays.com\/fr\/wp-json\/wp\/v2\/media?parent=291480"}],"wp:term":[{"taxonomy":"category","embeddable":true,"href":"https:\/\/www.europesays.com\/fr\/wp-json\/wp\/v2\/categories?post=291480"},{"taxonomy":"post_tag","embeddable":true,"href":"https:\/\/www.europesays.com\/fr\/wp-json\/wp\/v2\/tags?post=291480"}],"curies":[{"name":"wp","href":"https:\/\/api.w.org\/{rel}","templated":true}]}}