{"id":291484,"date":"2025-08-02T14:04:09","date_gmt":"2025-08-02T14:04:09","guid":{"rendered":"https:\/\/www.europesays.com\/fr\/291484\/"},"modified":"2025-08-02T14:04:09","modified_gmt":"2025-08-02T14:04:09","slug":"mort-de-mehdi-saucisson-bassit-sa-soeur-melissa-quitte-son-mari-ramous-accuse-de-lavoir-harcele","status":"publish","type":"post","link":"https:\/\/www.europesays.com\/fr\/291484\/","title":{"rendered":"Mort de Mehdi \u00ab\u00a0Saucisson\u00a0\u00bb Bassit : sa s\u0153ur M\u00e9lissa quitte son mari Ramous accus\u00e9 de l\u2019avoir harcel\u00e9"},"content":{"rendered":"<p>      R\u00e9sum\u00e9<\/p>\n<p>Apr\u00e8s le d\u00e9c\u00e8s de Mehdi Bassit, sa s\u0153ur M\u00e9lissa annonce sa s\u00e9paration suite au harc\u00e8lement qu&rsquo;elle subit, entamant une nouvelle vie en m\u00e8re c\u00e9libataire.<\/p>\n<p>        Sommaire<\/p>\n<p>La coupe est pleine. <strong>Endeuill\u00e9e par la mort de son fr\u00e8re Mehdi Bassit<\/strong>, aussi connu sous le pseudonyme de Mehdi Saucisson, M\u00e9lissa a pris la d\u00e9cision de rompre. La jeune femme, \u00e9pouse de Ramous depuis plusieurs ann\u00e9es, a annonc\u00e9 l&rsquo;avoir quitt\u00e9 sur son compte Instagram. C&rsquo;est dans une story subliminale que la jeune femme <strong>a fait cette annonce vendredi 1er ao\u00fbt, en affirmant \u00eatre c\u00e9libataire<\/strong>&#8230; Une annonce qui a surpris tous les fans de la jeune femme, mais aussi celles et ceux qui s&rsquo;en prennent \u00e0 elle depuis le suicide de Mehdi.<\/p>\n<p>\u00ab\u00a0<strong>Je re\u00e7ois une vague de harc\u00e8lement depuis quelques temps<\/strong>, et je sens qu&rsquo;il est important de poser quelques mots, m\u00eame si c&rsquo;est difficile. Vous ne savez pas tout ce qu&rsquo;il se passe en coulisses, et je n&rsquo;ai pas la force d&rsquo;entrer dans les d\u00e9tails. Ce que je peux vous dire aujourd&rsquo;hui, <strong>c&rsquo;est que je commence une nouvelle vie, en tant que m\u00e8re seule.<\/strong> C&rsquo;est une \u00e9tape lourde, douloureuse, mais n\u00e9cessaire\u00a0\u00bb a d\u00e9clar\u00e9 M\u00e9lissa Bassit sur Instagram. <\/p>\n<p>M\u00e9lissa Bassit dans un \u00e9tat psychologique pr\u00e9occupant ?<\/p>\n<p>La jeune femme, <strong>qui se dit \u00ab\u00a0\u00e9puis\u00e9e (et) vid\u00e9e\u00a0\u00bb, a affirm\u00e9 qu&rsquo;elle \u00e9tait d\u00e9sormais \u00ab\u00a0seule avec (son) fils\u00a0\u00bb<\/strong>. Sans \u00e9voquer quelconque rupture, M\u00e9lissa Bassit a toutefois appel\u00e9 \u00e0 l&rsquo;apaisement face \u00e0 la vague de harc\u00e8lement qui s&rsquo;op\u00e8re et la vise nomm\u00e9ment depuis trois semaines. \u00ab\u00a0<strong>J&rsquo;ai besoin de silence, de recul<\/strong>, de m&rsquo;\u00e9loigner un peu du bruit ext\u00e9rieur pour essayer de retrouver un minimum de paix int\u00e9rieure\u00a0\u00bb a-t-elle ainsi implor\u00e9.<\/p>\n<p>Pour rappel, Mehdi Bassit s&rsquo;\u00e9tait fait conna\u00eetre sur les r\u00e9seaux sociaux en partageant des vid\u00e9os dans lesquelles il mangeait du saucisson. Mais le jeune homme, p\u00e8re de deux enfants, recevait une vague de harc\u00e8lement sans nom <strong>sur motif de ne pas \u00eatre musulman pratiquant<\/strong>. <a href=\"https:\/\/www.public.fr\/le-tiktokeur-mehdi-surnomme-mehdi-saucisson-sest-suicide\" target=\"_blank\" rel=\"noopener\">Il a finalement mis fin \u00e0 ses jours<\/a> par pendaison dans la nuit du vendredi au samedi 19 juillet dernier.<\/p>\n<p>Ramous a ferm\u00e9 son compte Instagram au public<\/p>\n<p>Depuis, son beau-fr\u00e8re, <strong>Ramous, est dans le viseur des internautes<\/strong>. Face aux accusations, menaces et injures le visant, l&rsquo;influenceur <a href=\"https:\/\/www.instagram.com\/ramous\/?hl=fr\" target=\"_blank\" rel=\"noopener\">a plac\u00e9 son compte Instagram en priv\u00e9<\/a>. Son \u00e9pouse, elle, a partag\u00e9 ce jeudi 31 juillet une publication sur Instagram forte en \u00e9motion, dans laquelle elle a rendu un vibrant hommage \u00e0 son fr\u00e8re&#8230; \u00ab\u00a0<strong>Depuis que tu es parti, je ne ferme plus les yeux, je n\u2019\u00e9teins plus les lumi\u00e8res<\/strong>. Je suis incapable de parler, de raconter, ni m\u00eame de dormir\u00a0\u00bb a d\u00e9clar\u00e9 M\u00e9lissa Bassit.<\/p>\n<p>      Mentionn\u00e9s dans cet article<\/p>\n<p>      Sur le m\u00eame sujet<\/p>\n<p>  <script async src=\"\/\/www.instagram.com\/embed.js\"><\/script><\/p>\n","protected":false},"excerpt":{"rendered":"R\u00e9sum\u00e9 Apr\u00e8s le d\u00e9c\u00e8s de Mehdi Bassit, sa s\u0153ur M\u00e9lissa annonce sa s\u00e9paration suite au harc\u00e8lement qu&rsquo;elle subit,&hellip;\n","protected":false},"author":2,"featured_media":291485,"comment_status":"","ping_status":"","sticky":false,"template":"","format":"standard","meta":{"footnotes":""},"categories":[1359],"tags":[58,7681,59,1011,27,18,973,13559,5748],"class_list":{"0":"post-291484","1":"post","2":"type-post","3":"status-publish","4":"format-standard","5":"has-post-thumbnail","7":"category-people","8":"tag-divertissement","9":"tag-divorce","10":"tag-entertainment","11":"tag-fr","12":"tag-france","13":"tag-mort","14":"tag-people","15":"tag-rupture","16":"tag-suicide"},"share_on_mastodon":{"url":"https:\/\/pubeurope.com\/@fr\/114959553302094093","error":""},"_links":{"self":[{"href":"https:\/\/www.europesays.com\/fr\/wp-json\/wp\/v2\/posts\/291484","targetHints":{"allow":["GET"]}}],"collection":[{"href":"https:\/\/www.europesays.com\/fr\/wp-json\/wp\/v2\/posts"}],"about":[{"href":"https:\/\/www.europesays.com\/fr\/wp-json\/wp\/v2\/types\/post"}],"author":[{"embeddable":true,"href":"https:\/\/www.europesays.com\/fr\/wp-json\/wp\/v2\/users\/2"}],"replies":[{"embeddable":true,"href":"https:\/\/www.europesays.com\/fr\/wp-json\/wp\/v2\/comments?post=291484"}],"version-history":[{"count":0,"href":"https:\/\/www.europesays.com\/fr\/wp-json\/wp\/v2\/posts\/291484\/revisions"}],"wp:featuredmedia":[{"embeddable":true,"href":"https:\/\/www.europesays.com\/fr\/wp-json\/wp\/v2\/media\/291485"}],"wp:attachment":[{"href":"https:\/\/www.europesays.com\/fr\/wp-json\/wp\/v2\/media?parent=291484"}],"wp:term":[{"taxonomy":"category","embeddable":true,"href":"https:\/\/www.europesays.com\/fr\/wp-json\/wp\/v2\/categories?post=291484"},{"taxonomy":"post_tag","embeddable":true,"href":"https:\/\/www.europesays.com\/fr\/wp-json\/wp\/v2\/tags?post=291484"}],"curies":[{"name":"wp","href":"https:\/\/api.w.org\/{rel}","templated":true}]}}