{"id":291486,"date":"2025-08-02T14:05:10","date_gmt":"2025-08-02T14:05:10","guid":{"rendered":"https:\/\/www.europesays.com\/fr\/291486\/"},"modified":"2025-08-02T14:05:10","modified_gmt":"2025-08-02T14:05:10","slug":"renaissance-du-louvre-calendrier-jury-le-concours-darchitecture-pour-reinventer-le-grand-musee-accelere","status":"publish","type":"post","link":"https:\/\/www.europesays.com\/fr\/291486\/","title":{"rendered":"\u00ab\u00a0Renaissance\u00a0\u00bb du Louvre\u00a0: calendrier, jury\u2026 le concours d\u2019architecture pour r\u00e9inventer le grand mus\u00e9e acc\u00e9l\u00e8re"},"content":{"rendered":"<p class=\"paragraph text_align_left lp-f-body-02\">Le projet colossal de renouveau du premier mus\u00e9e du monde passe la seconde. Et acc\u00e9l\u00e8re. Un mois apr\u00e8s avoir annonc\u00e9 le <a href=\"https:\/\/www.leparisien.fr\/paris-75\/projet-nouvelle-renaissance-le-louvre-lance-un-concours-international-darchitecture-pour-se-moderniser-27-06-2025-HXV6FQLHQBBLJNHWWBAY2KUBLQ.php\" target=\"_blank\" rel=\"noreferrer nofollow noopener\">lancement d\u2019un concours international d\u2019architecture<\/a>, la ministre de la Culture Rachida Dati a d\u00e9voil\u00e9 le calendrier de ce <a href=\"https:\/\/www.leparisien.fr\/culture-loisirs\/expositions\/espace-de-2-000-m2-pour-la-joconde-nouvelle-salle-dexposition-la-directrice-du-louvre-revele-ses-projets-07-02-2025-D22S67MXLZHZJBPPTLBFVSBAZI.php\" target=\"_blank\" rel=\"noreferrer nofollow noopener\">projet titanesque<\/a>. Et alors que ce grand chantier, voulu par la pr\u00e9sidente du Louvre et Emmanuel Macron, doit livrer sa premi\u00e8re phase d\u2019ici 2031, il n\u2019y a plus de temps \u00e0 perdre.<\/p>\n<p class=\"paragraph text_align_left lp-f-body-02\">Dans un communiqu\u00e9 publi\u00e9 jeudi, le minist\u00e8re annonce que les architectes ont jusqu\u2019au 1er septembre pour d\u00e9poser leur candidature. Un d\u00e9lai jug\u00e9 \u00ab extr\u00eamement court \u00bb au vu des attentes, d\u2019autant plus qu\u2019il comprend le mois d\u2019ao\u00fbt traditionnellement \u00e0 l\u2019arr\u00eat pour de nombreuses entreprises. Des connaisseurs du secteur imaginent que ceux qui ont voulu candidater avaient probablement commenc\u00e9 \u00e0 plancher sur ce projet d\u00e8s <a href=\"https:\/\/www.leparisien.fr\/politique\/musee-du-louvre-nouvel-espace-pour-la-joconde-acces-modifie-extension-ce-quil-faut-retenir-des-annonces-de-macron-28-01-2025-C3YCTCBDTRBUJMIGBC6JN2OTNU.php\" target=\"_blank\" rel=\"noreferrer nofollow noopener\">son annonce par le pr\u00e9sident de la R\u00e9publique, fin janvier dernier<\/a>.<\/p>\n<blockquote class=\"twitter-tweet\">\n<p lang=\"fr\" dir=\"ltr\">\ud83d\udc49 1793 : ouverture du <a href=\"https:\/\/twitter.com\/MuseeLouvre?ref_src=twsrc%5Etfw\" rel=\"nofollow noopener\" target=\"_blank\">@MuseeLouvre<\/a><br \/>\ud83d\udc49 1989 : inauguration de la pyramide du Louvre<br \/>\ud83d\udc49 2025 : un tournant historique pour le premier mus\u00e9e du monde !<\/p>\n<p>J&rsquo;annonce le jury du concours international d\u2019architecture du projet \u00ab Louvre \u2013 Nouvelle Renaissance \u00bb port\u00e9 par la vision\u2026 <a href=\"https:\/\/t.co\/Xk8XBT6Aee\" rel=\"nofollow\">pic.twitter.com\/Xk8XBT6Aee<\/a><\/p>\n<p>\u2014 Rachida Dati \u0646 (@datirachida) <a href=\"https:\/\/twitter.com\/datirachida\/status\/1951300877714636839?ref_src=twsrc%5Etfw\" rel=\"nofollow noopener\" target=\"_blank\">August 1, 2025<\/a><\/p><\/blockquote>\n<p class=\"paragraph text_align_left lp-f-body-02\">Selon nos confr\u00e8res du <a href=\"https:\/\/www.lefigaro.fr\/culture\/patrimoine\/la-nouvelle-renaissance-du-louvre-les-architectes-concourent-pour-un-chantier-a-800-millions-d-euros-20250801\" target=\"_blank\" rel=\"noreferrer nofollow noopener\">Figaro<\/a>, les architectes de la d\u00e9cri\u00e9e<a href=\"https:\/\/www.leparisien.fr\/paris-75\/tour-triangle-decouvrez-a-quoi-ressemblera-la-pyramide-parisienne-une-fois-terminee-03-06-2025-PVSWJN56JNEFHB5YXUWJE7MNRQ.php\" target=\"_blank\" rel=\"noreferrer nofollow noopener\"> tour Triangle<\/a> (XVe arrondissement) ou le roi de l\u2019architecture high-tech charg\u00e9 du m\u00e9morial de la reine \u00c9lisabeth II sont sur les tablettes, potentiellement comme Dominique Perrault (architecte de la BNF) et Renzo Piano (centre Pompidou). Plusieurs centaines de candidatures sont tout de m\u00eame attendues, avec d\u2019un c\u00f4t\u00e9 des garanties professionnelles et de l\u2019autre une esquisse de projet.<\/p>\n<p>Un jury cinq \u00e9toiles<\/p>\n<p class=\"paragraph text_align_left lp-f-body-02\">Bonne nouvelle pour les candidats, ils sauront d\u00e8s octobre qui sont les cinq finalistes. Puis, le jury fera un choix final un trimestre plus tard, avec une annonce du laur\u00e9at d\u00e8s janvier 2026.<\/p>\n<p class=\"paragraph text_align_left lp-f-body-02\">Le communiqu\u00e9 pr\u00e9cise aussi la composition du jury qui aura la lourde de t\u00e2che de s\u00e9lectionner les projets. On y retrouve bien entendu l\u2019\u00e9tat-major du mus\u00e9e aux plus de neuf millions de visiteurs annuels, mais aussi le pr\u00e9fet de r\u00e9gion en tant que pr\u00e9sident du jury (Marc Guillaume), des responsables du minist\u00e8re de la Culture ou encore la maire de Paris, <a href=\"https:\/\/www.leparisien.fr\/politique\/anne-hidalgo\/\" target=\"_blank\" rel=\"noreferrer nofollow noopener\">Anne Hidalgo<\/a>.<\/p>\n<p class=\"title-embed-dailymotion lp-color-text lp-f-subtitle-04\">Vid\u00e9oIl faudra acheter deux billets pour voir, La Joconde au Louvre<\/p>\n<p class=\"paragraph text_align_left lp-f-body-02\">Ces institutionnels seront appuy\u00e9s d\u2019experts renomm\u00e9s de l\u2019architecture comme Fran\u00e7ois Chatillon (architecte en chef des Monuments historiques, en charge du <a href=\"https:\/\/www.leparisien.fr\/paris-75\/le-choc-de-la-nef-des-lentree-a-paris-30-000-m2-du-grand-palais-rouvrent-au-public-19-06-2025-2LVVNZ7RRFD43LYUIC27GAPUQ4.php\" target=\"_blank\" rel=\"noreferrer nofollow noopener\">Grand Palais<\/a> depuis 2010, restauration de l\u2019ob\u00e9lisque de la Concorde), Bernard Desmoulins (extension, r\u00e9habilitation et restauration du <a href=\"https:\/\/www.leparisien.fr\/paris-75\/le-musee-de-cluny-pret-a-accueillir-ses-nouveaux-visiteurs-13-12-2021-Q5E6CNAZDBB27EEMJEG7QQSEUU.php\" target=\"_blank\" rel=\"noreferrer nofollow noopener\">mus\u00e9e de Cluny<\/a>), Li Chung Pei (fils du cr\u00e9ateur de la pyramide du Louvre), Roger Diener (m\u00e9morial de la Shoah \u00e0 Drancy) ou Hala Ward\u00e9 (projet du Louvre d\u2019Abu Dhabi avec Jean Nouvel) et Anne D\u00e9mians (premi\u00e8re femme \u00e9lue dans la section architecture de l\u2019Acad\u00e9mie des Beaux-Arts).<\/p>\n<p>Un projet estim\u00e9 \u00e0 800 millions d\u2019euros<\/p>\n<p class=\"paragraph text_align_left lp-f-body-02\">\u00ab Je suis heureuse de d\u00e9voiler la composition du jury du concours international d\u2019architecture du projet Louvre \u2014 Nouvelle Renaissance. Pr\u00e8s de 10 millions de visiteurs d\u00e9couvriront de nouveaux parcours, de nouveaux espaces, de nouveaux acc\u00e8s, de nouveaux abords \u00bb, a d\u00e9clar\u00e9 Rachida Dati.<\/p>\n<p class=\"paragraph text_align_left lp-f-body-02\">Pour rappel, ce grand projet pr\u00e9voit notamment une nouvelle salle d\u00e9di\u00e9e \u00e0 la Joconde, \u00ab une nouvelle entr\u00e9e au niveau de la colonnade de Perrault \u00bb pour mieux r\u00e9partir le flux de visiteurs, mais aussi d\u2019innombrables travaux invisibles sur des \u00e9quipements climatiques, \u00e9lectriques ou autres plus du tout aux normes (400 millions d\u2019euros rien que pour cette r\u00e9novation). La place de <a href=\"https:\/\/www.leparisien.fr\/paris-75\/renaissance-du-louvre-la-ville-de-paris-va-plancher-sur-la-transformation-des-abords-du-musee-28-01-2025-4VBP5S32KRDFXDNW4WYPTRB3UM.php\" target=\"_blank\" rel=\"noreferrer nofollow noopener\">la nouvelle entr\u00e9e sera aussi r\u00e9am\u00e9nag\u00e9e<\/a> en concertation avec la Ville.<\/p>\n<p class=\"paragraph text_align_left lp-f-body-02\">Le co\u00fbt total du projet, <a href=\"https:\/\/www.leparisien.fr\/culture-loisirs\/800-millions-deuros-de-travaux-au-musee-du-louvre-qui-va-payer-la-facture-28-01-2025-AKTSRXLINRB2LAG5ONNYKKV5TQ.php\" target=\"_blank\" rel=\"noreferrer nofollow noopener\">estim\u00e9 \u00e0 800 millions d\u2019euros<\/a>, doit \u00eatre autofinanc\u00e9 par le mus\u00e9e avec des fonds provenant de la licence avec <a href=\"https:\/\/www.leparisien.fr\/culture-loisirs\/jean-nouvel-avec-le-louvre-abu-dhabi-on-ouvre-les-yeux-de-la-nouvelle-generation-07-11-2017-7377714.php\" target=\"_blank\" rel=\"noreferrer nofollow noopener\">le Louvre Abu Dhabi<\/a>, mais aussi par de grands m\u00e9c\u00e8nes, ainsi que la billetterie qui devrait augmenter pour les \u00e9trangers.<\/p>\n<p><script async src=\"https:\/\/platform.twitter.com\/widgets.js\" charset=\"utf-8\"><\/script><\/p>\n","protected":false},"excerpt":{"rendered":"Le projet colossal de renouveau du premier mus\u00e9e du monde passe la seconde. Et acc\u00e9l\u00e8re. Un mois apr\u00e8s&hellip;\n","protected":false},"author":2,"featured_media":291487,"comment_status":"","ping_status":"","sticky":false,"template":"","format":"standard","meta":{"footnotes":""},"categories":[1358],"tags":[1348,1384,1385,872,1386,58,59,1011,27,1944,626],"class_list":{"0":"post-291486","1":"post","2":"type-post","3":"status-publish","4":"format-standard","5":"has-post-thumbnail","7":"category-arts-et-design","8":"tag-arts","9":"tag-arts-and-design","10":"tag-arts-et-design","11":"tag-culture-et-loisirs","12":"tag-design","13":"tag-divertissement","14":"tag-entertainment","15":"tag-fr","16":"tag-france","17":"tag-ma-ville","18":"tag-paris"},"share_on_mastodon":{"url":"https:\/\/pubeurope.com\/@fr\/114959556555635129","error":""},"_links":{"self":[{"href":"https:\/\/www.europesays.com\/fr\/wp-json\/wp\/v2\/posts\/291486","targetHints":{"allow":["GET"]}}],"collection":[{"href":"https:\/\/www.europesays.com\/fr\/wp-json\/wp\/v2\/posts"}],"about":[{"href":"https:\/\/www.europesays.com\/fr\/wp-json\/wp\/v2\/types\/post"}],"author":[{"embeddable":true,"href":"https:\/\/www.europesays.com\/fr\/wp-json\/wp\/v2\/users\/2"}],"replies":[{"embeddable":true,"href":"https:\/\/www.europesays.com\/fr\/wp-json\/wp\/v2\/comments?post=291486"}],"version-history":[{"count":0,"href":"https:\/\/www.europesays.com\/fr\/wp-json\/wp\/v2\/posts\/291486\/revisions"}],"wp:featuredmedia":[{"embeddable":true,"href":"https:\/\/www.europesays.com\/fr\/wp-json\/wp\/v2\/media\/291487"}],"wp:attachment":[{"href":"https:\/\/www.europesays.com\/fr\/wp-json\/wp\/v2\/media?parent=291486"}],"wp:term":[{"taxonomy":"category","embeddable":true,"href":"https:\/\/www.europesays.com\/fr\/wp-json\/wp\/v2\/categories?post=291486"},{"taxonomy":"post_tag","embeddable":true,"href":"https:\/\/www.europesays.com\/fr\/wp-json\/wp\/v2\/tags?post=291486"}],"curies":[{"name":"wp","href":"https:\/\/api.w.org\/{rel}","templated":true}]}}