{"id":291490,"date":"2025-08-02T14:07:10","date_gmt":"2025-08-02T14:07:10","guid":{"rendered":"https:\/\/www.europesays.com\/fr\/291490\/"},"modified":"2025-08-02T14:07:10","modified_gmt":"2025-08-02T14:07:10","slug":"pimprenelle-et-adrien-secret-story-ca-y-est-cest-officiel","status":"publish","type":"post","link":"https:\/\/www.europesays.com\/fr\/291490\/","title":{"rendered":"Pimprenelle et Adrien (Secret Story) : \u00e7a y est, c\u2019est officiel !"},"content":{"rendered":"<p>      R\u00e9sum\u00e9<\/p>\n<p>Apr\u00e8s Secret Story, Pimprenelle et Adrien ont raviv\u00e9 leur relation, partageant d\u00e9sormais leur bonheur sur les r\u00e9seaux sociaux.<\/p>\n<p>        Sommaire<\/p>\n<p>D\u00e8s leur entr\u00e9e dans Secret Story, c&rsquo;\u00e9tait une \u00e9vidence. Enferm\u00e9s dans la maison de cristal dans un premier temps, <strong>Adrien et Pimprenelle se sont tr\u00e8s vite rapproch\u00e9s<\/strong>. Les deux candidats, \u00e9limin\u00e9s le m\u00eame soir aux portes des quarts-de-finale, ont aliment\u00e9 les quotidiennes du programme pendant plusieurs semaines. Et <a href=\"https:\/\/www.public.fr\/secret-story-pimprenelle-sauvee-mais-victime-dun-vent-monumental-adrien-sen-fiche-la-sequence-fait-un-enorme-buzz\" target=\"_blank\" rel=\"noopener\">c&rsquo;est \u00e0 un v\u00e9ritable \u00ab\u00a0Je t&rsquo;aime, moi non plus\u00a0\u00bb<\/a> que les fans ont assist\u00e9&#8230;<\/p>\n<p>Pendant plusieurs semaines, <strong>Adrien a souffl\u00e9 le chaud et le froid<\/strong>. Perdu dans ses sentiments, la venue des anciens dans la maison a eu raison de sa relation avec Pimprenelle. Le jeune homme y a mis un arr\u00eat net, estimant que celle-ci le desservait et lui avait g\u00e2ch\u00e9 son aventure. En pleurs, face \u00e0 Mayer, Ethan et Romy, il avait exprim\u00e9 ses regrets quelques jours avant son d\u00e9part, <strong>arguant n&rsquo;avoir pas suffisamment profit\u00e9 du jeu<\/strong> en s&rsquo;enfermant dans sa relation avec Pimprenelle.<\/p>\n<p>Mais heureusement, depuis leur sortie de Secret Story, les choses semblent avoir \u00e9volu\u00e9 ! Pimprenelle et Adrien <strong>ne se sont jamais perdus de vue, et ont poursuivi leur chemin ensemble<\/strong>. Ils ont encha\u00een\u00e9 les clich\u00e9s ensemble sur les r\u00e9seaux sociaux, entre terrasses de caf\u00e9, restaurants et vir\u00e9es diverses et vari\u00e9es. Mais la publication post\u00e9e ce vendredi 1er ao\u00fbt a mis fin au suspense&#8230;<\/p>\n<p>Pimprenelle prend les devants, AD n&rsquo;a pas os\u00e9<\/p>\n<p>Et pour cause : Pimprenelle et Adrien sont bel et bien <a href=\"https:\/\/www.public.fr\/secret-story-alexis-et-zoe-deja-en-reperages-pour-leurs-tenues-de-mariage-ce-selfie-qui-fait-reagir\" target=\"_blank\" rel=\"noopener\">les nouveaux Alexis et Zo\u00e9 de l&rsquo;an dernier<\/a> ! Les deux tourtereaux, qui n&rsquo;ont eu de cesse de se chercher pendant la comp\u00e9tition, <strong>se sont bel et bien rabiboch\u00e9s<\/strong>. Sur TikTok, la jeune femme qui a eu <a href=\"https:\/\/www.public.fr\/cetait-en-2023-en-indonesie-le-pere-de-pimprenelle-secret-story-se-confie-sur-le-terrible-accident-de-sa-fille\" target=\"_blank\" rel=\"noopener\">son visage en partie reconstruit<\/a> apr\u00e8s un grave accident de surf, a publi\u00e9 une vid\u00e9o dans laquelle elle d\u00e9livre ses sentiments amoureux. Avec un fond sonore sur le titre I Love, <strong>Pimprenelle a lanc\u00e9 une petite pique \u00e0 son ch\u00e9ri <\/strong>: \u00ab\u00a0Je fais le premier edit vu qu&rsquo;il y a personne qui se porte volontaire\u00a0\u00bb. On leur souhaite tout le bonheur du monde !<\/p>\n<p>      Mentionn\u00e9s dans cet article<\/p>\n<p>      Sur le m\u00eame sujet<\/p>\n","protected":false},"excerpt":{"rendered":"R\u00e9sum\u00e9 Apr\u00e8s Secret Story, Pimprenelle et Adrien ont raviv\u00e9 leur relation, partageant d\u00e9sormais leur bonheur sur les r\u00e9seaux&hellip;\n","protected":false},"author":2,"featured_media":291491,"comment_status":"","ping_status":"","sticky":false,"template":"","format":"standard","meta":{"footnotes":""},"categories":[1356],"tags":[1376,1193,58,59,1011,27,29901,252,1364],"class_list":{"0":"post-291490","1":"post","2":"type-post","3":"status-publish","4":"format-standard","5":"has-post-thumbnail","7":"category-television","8":"tag-amour","9":"tag-couple","10":"tag-divertissement","11":"tag-entertainment","12":"tag-fr","13":"tag-france","14":"tag-secret-story","15":"tag-television","16":"tag-tv"},"share_on_mastodon":{"url":"https:\/\/pubeurope.com\/@fr\/114959564523860405","error":""},"_links":{"self":[{"href":"https:\/\/www.europesays.com\/fr\/wp-json\/wp\/v2\/posts\/291490","targetHints":{"allow":["GET"]}}],"collection":[{"href":"https:\/\/www.europesays.com\/fr\/wp-json\/wp\/v2\/posts"}],"about":[{"href":"https:\/\/www.europesays.com\/fr\/wp-json\/wp\/v2\/types\/post"}],"author":[{"embeddable":true,"href":"https:\/\/www.europesays.com\/fr\/wp-json\/wp\/v2\/users\/2"}],"replies":[{"embeddable":true,"href":"https:\/\/www.europesays.com\/fr\/wp-json\/wp\/v2\/comments?post=291490"}],"version-history":[{"count":0,"href":"https:\/\/www.europesays.com\/fr\/wp-json\/wp\/v2\/posts\/291490\/revisions"}],"wp:featuredmedia":[{"embeddable":true,"href":"https:\/\/www.europesays.com\/fr\/wp-json\/wp\/v2\/media\/291491"}],"wp:attachment":[{"href":"https:\/\/www.europesays.com\/fr\/wp-json\/wp\/v2\/media?parent=291490"}],"wp:term":[{"taxonomy":"category","embeddable":true,"href":"https:\/\/www.europesays.com\/fr\/wp-json\/wp\/v2\/categories?post=291490"},{"taxonomy":"post_tag","embeddable":true,"href":"https:\/\/www.europesays.com\/fr\/wp-json\/wp\/v2\/tags?post=291490"}],"curies":[{"name":"wp","href":"https:\/\/api.w.org\/{rel}","templated":true}]}}