{"id":291492,"date":"2025-08-02T14:08:10","date_gmt":"2025-08-02T14:08:10","guid":{"rendered":"https:\/\/www.europesays.com\/fr\/291492\/"},"modified":"2025-08-02T14:08:10","modified_gmt":"2025-08-02T14:08:10","slug":"phil-fasciana-malevolent-creation-sort-du-coma-et-va-bientot-rentrer-chez-lui","status":"publish","type":"post","link":"https:\/\/www.europesays.com\/fr\/291492\/","title":{"rendered":"Phil Fasciana (Malevolent Creation) sort du coma et va bient\u00f4t rentrer chez lui"},"content":{"rendered":"<p><strong>Hospitalis\u00e9 en France depuis la mi-juillet, Phil Fasciana de Malevolent Creation est sorti du coma et pr\u00e9voit de rentrer chez lui dans les prochains jours, apr\u00e8s avoir surv\u00e9cu \u00e0 une grave pneumonie bact\u00e9rienne.<\/strong><\/p>\n<p>Phil Fasciana donne de ses nouvelles apr\u00e8s son coma<\/p>\n<p>Phil Fasciana, guitariste et dernier membre fondateur encore actif de Malevolent Creation, a publi\u00e9 une mise \u00e0 jour rassurante sur les r\u00e9seaux sociaux : il pourrait quitter l\u2019h\u00f4pital d\u00e8s lundi ou mardi, apr\u00e8s plus de deux semaines en soins intensifs \u00e0 Montpellier. \u201cJe passe mes derniers examens aujourd\u2019hui, et si tout est bon, je serai lib\u00e9r\u00e9 dans quelques jours\u201d, \u00e9crit-il.<\/p>\n<p>Admis en urgence apr\u00e8s un malaise survenu \u00e0 l\u2019issue du festival In Flammen Open Air, le musicien a \u00e9t\u00e9 plong\u00e9 dans un coma artificiel pendant huit jours. Il explique : \u201cJe ne sais pas comment j\u2019ai contract\u00e9 cette bact\u00e9rie, mais mes poumons \u00e9taient remplis de sang. Les m\u00e9decins fran\u00e7ais ont tout de suite compris, et je leur dois la vie.\u201d<\/p>\n<p>Le guitariste remercie ses proches et se projette vers la sc\u00e8ne<\/p>\n<p>Fasciana profite de ce message pour saluer le soutien de ses fans et de ses partenaires de tourn\u00e9e : \u201cMerci \u00e0 Ronnie Parmer, Jesse Jolly et Chris Cannella de m\u2019avoir sauv\u00e9 la vie.\u201d Comme mentionn\u00e9 <a href=\"https:\/\/www.metalzone.fr\/news\/217870-phil-fasciana-malevolent-creation-reste-hospitalise-mais-etat-ameliore\/\" target=\"_blank\" rel=\"noopener nofollow\">dans cet article<\/a>, le groupe poursuit sa tourn\u00e9e europ\u00e9enne en trio depuis l\u2019hospitalisation du guitariste.<\/p>\n<p>Malgr\u00e9 une convalescence encore en cours, Phil Fasciana annonce d\u00e9j\u00e0 son retour sur sc\u00e8ne pour la tourn\u00e9e br\u00e9silienne pr\u00e9vue avec Krisiun en septembre, suivie d\u2019une s\u00e9rie de concerts nord-am\u00e9ricains en octobre. \u201cJe dois prendre les choses au jour le jour\u2026 mais je suis de retour, b\u00e9b\u00e9 !\u201d<\/p><\/p>\n","protected":false},"excerpt":{"rendered":"Hospitalis\u00e9 en France depuis la mi-juillet, Phil Fasciana de Malevolent Creation est sorti du coma et pr\u00e9voit de&hellip;\n","protected":false},"author":2,"featured_media":291493,"comment_status":"","ping_status":"","sticky":false,"template":"","format":"standard","meta":{"footnotes":""},"categories":[1355],"tags":[58,59,1011,27,1361,873],"class_list":{"0":"post-291492","1":"post","2":"type-post","3":"status-publish","4":"format-standard","5":"has-post-thumbnail","7":"category-musique","8":"tag-divertissement","9":"tag-entertainment","10":"tag-fr","11":"tag-france","12":"tag-music","13":"tag-musique"},"share_on_mastodon":{"url":"https:\/\/pubeurope.com\/@fr\/114959568357104677","error":""},"_links":{"self":[{"href":"https:\/\/www.europesays.com\/fr\/wp-json\/wp\/v2\/posts\/291492","targetHints":{"allow":["GET"]}}],"collection":[{"href":"https:\/\/www.europesays.com\/fr\/wp-json\/wp\/v2\/posts"}],"about":[{"href":"https:\/\/www.europesays.com\/fr\/wp-json\/wp\/v2\/types\/post"}],"author":[{"embeddable":true,"href":"https:\/\/www.europesays.com\/fr\/wp-json\/wp\/v2\/users\/2"}],"replies":[{"embeddable":true,"href":"https:\/\/www.europesays.com\/fr\/wp-json\/wp\/v2\/comments?post=291492"}],"version-history":[{"count":0,"href":"https:\/\/www.europesays.com\/fr\/wp-json\/wp\/v2\/posts\/291492\/revisions"}],"wp:featuredmedia":[{"embeddable":true,"href":"https:\/\/www.europesays.com\/fr\/wp-json\/wp\/v2\/media\/291493"}],"wp:attachment":[{"href":"https:\/\/www.europesays.com\/fr\/wp-json\/wp\/v2\/media?parent=291492"}],"wp:term":[{"taxonomy":"category","embeddable":true,"href":"https:\/\/www.europesays.com\/fr\/wp-json\/wp\/v2\/categories?post=291492"},{"taxonomy":"post_tag","embeddable":true,"href":"https:\/\/www.europesays.com\/fr\/wp-json\/wp\/v2\/tags?post=291492"}],"curies":[{"name":"wp","href":"https:\/\/api.w.org\/{rel}","templated":true}]}}