{"id":291496,"date":"2025-08-02T14:10:09","date_gmt":"2025-08-02T14:10:09","guid":{"rendered":"https:\/\/www.europesays.com\/fr\/291496\/"},"modified":"2025-08-02T14:10:09","modified_gmt":"2025-08-02T14:10:09","slug":"cette-plante-est-la-plus-efficace-contre-linsomnie-selon-60-millions-de-consommateurs-et-ce-nest-pas-la-camomille","status":"publish","type":"post","link":"https:\/\/www.europesays.com\/fr\/291496\/","title":{"rendered":"Cette plante est la plus efficace contre l\u2019insomnie selon 60 Millions de consommateurs, et ce n\u2019est pas la camomille"},"content":{"rendered":"<p>Il n\u2019y a rien de pire que d\u2019avoir une insomnie alors qu\u2019une<br \/>\njourn\u00e9e charg\u00e9e nous attend d\u00e8s la premi\u00e8re heure. Ne pas pouvoir<br \/>\ns\u00a0\u00bbendormir ou encore se r\u00e9veiller pr\u00e9cocement rend le quotidien<br \/>\nencore plus compliqu\u00e9. Sans oublier qu\u2019une mauvaise nuit de sommeil<br \/>\na un s\u00e9rieux impact sur le physique, l\u2019humeur, mais aussi la sant\u00e9.<br \/>\nEn effet, <a href=\"https:\/\/www.melty.fr\/divers\/se-coucher-apres-cette-heure-augmente-le-risque-davc-surtout-chez-les-femmes-selon-les-chercheurs-2236977.html\" rel=\"nofollow noopener\" target=\"_blank\"><br \/>\nl\u2019insomnie peut augmenter le risque de maladies<br \/>\ncardiovasculaires<\/a> telles que l&rsquo;infarctus du myocarde ou encore<br \/>\nl\u2019hypertension art\u00e9rielle. Mais ce n\u2019est pas tout. Un trouble du<br \/>\nsommeil peut \u00e9galement favoriser la prise de poids et un risque<br \/>\naccru de diab\u00e8te de type 2. Heureusement, il existe de nombreux<br \/>\nmoyens pour lutter contre les insomnies. Que ce soit avec des<br \/>\nrem\u00e8des ou encore des plantes, ce ne sont pas des solutions qui<br \/>\nmanquent. D\u2019ailleurs, parmi les m\u00e9thodes naturelles, une plante en<br \/>\nparticulier fait sensation pour son efficacit\u00e9.<\/p>\n<p>Une plante incroyable qui favorise le sommeil<\/p>\n<p>Il existe tellement de rem\u00e8des pour l&rsquo;insomnie qu\u2019il est<br \/>\ndifficile de savoir vers lequel se tourner. Mais pour ceux qui<br \/>\npr\u00e9f\u00e8rent des astuces naturelles, <a href=\"https:\/\/www.melty.fr\/divers\/insomnies-cette-plante-ancestrale-recommandee-par-une-sophrologue-permet-de-sendormir-plus-facilement-2233300.html\" rel=\"nofollow noopener\" target=\"_blank\"><br \/>\nil existe une plante particuli\u00e8rement reconnue pour ses vertus<br \/>\napaisantes<\/a>. Cette derni\u00e8re est tellement efficace qu\u2019elle est<br \/>\nrecommand\u00e9e par des experts.<\/p>\n<p>\u201cPlusieurs \u00e9tudes, notamment celle publi\u00e9e dans le Journal<br \/>\nof Clinical Sleep Medicine ont montr\u00e9 qu&rsquo;<strong>elle am\u00e9liore la<br \/>\nqualit\u00e9 du sommeil en r\u00e9duisant le temps d&rsquo;endormissement<\/strong><br \/>\net en prolongeant les phases de sommeil profond\u201d, a confi\u00e9 la<br \/>\nsophrologue et membre du r\u00e9seau M\u00e9doucine, \u00c9lodie Kadima. Mais si<br \/>\ncette plante repr\u00e9sente une solution s\u00fbre contre l\u2019insomnie, c\u2019est<br \/>\ngr\u00e2ce \u00e0 ses propri\u00e9t\u00e9s s\u00e9datives. \u201c<strong>Elle contient des<br \/>\nval\u00e9potriates, des acides val\u00e9r\u00e9niques<\/strong> et des flavono\u00efdes<br \/>\nqui agissent directement sur le syst\u00e8me nerveux central\u201d, a<br \/>\npr\u00e9cis\u00e9 la sophrologue.<\/p>\n<p>Quelle est cette plante tr\u00e8s efficace contre l\u2019insomnie selon<br \/>\n60 millions de consommateurs ?<\/p>\n<p>Pour lutter contre les troubles du sommeil, de nombreuses \u00e9tudes<br \/>\nont \u00e9t\u00e9 men\u00e9es sur diff\u00e9rentes plantes afin de trouver la plus<br \/>\nefficace. Durant ces recherches, l\u2019une d\u2019elles s\u2019est<br \/>\nparticuli\u00e8rement d\u00e9marqu\u00e9e des autres. Il s\u2019agit de <strong>la<br \/>\nval\u00e9riane<\/strong>. D\u2019ailleurs, l\u2019Organisation mondiale de la Sant\u00e9<br \/>\nconsid\u00e8re \u201cla val\u00e9riane comme &lsquo;un s\u00e9datif l\u00e9ger capable de<br \/>\nfavoriser le sommeil&rsquo; surtout lorsque les insomnies sont li\u00e9es \u00e0<br \/>\nl&rsquo;anxi\u00e9t\u00e9. Elle reconna\u00eet son efficacit\u00e9 sur la qualit\u00e9 du sommeil,<br \/>\nen particulier sur les phases de sommeil dit l\u00e9ger\u201d, comme l&rsquo;a<br \/>\nr\u00e9v\u00e9l\u00e9 Vidal.<\/p>\n<p>M\u00eame 60 millions de consommateurs n\u2019a pas tari d\u2019\u00e9loges sur<br \/>\nl\u2019efficacit\u00e9 de cette plante. Toutefois, cette derni\u00e8re doit \u00eatre<br \/>\nconsomm\u00e9e avec pr\u00e9caution. Tout d\u2019abord, <strong>il est recommand\u00e9<br \/>\nde ne surtout pas consommer avec de l\u2019alcool, ni avec des<br \/>\nm\u00e9dicaments<\/strong> ou encore des compl\u00e9ments alimentaires riches<br \/>\nen fer. La val\u00e9riane est \u00e9galement d\u00e9conseill\u00e9e aux femmes<br \/>\nenceintes et allaitantes. D\u2019apr\u00e8s 60 millions de consommateurs, il<br \/>\nest recommand\u00e9 de consommer cette plante sur une courte p\u00e9riode et<br \/>\nseulement \u201cpour des troubles du sommeil ponctuels\u201d.<\/p>\n<p>D\u2019autres astuces contre les troubles du<br \/>\nsommeil<\/p>\n<p>L\u2019efficacit\u00e9 de la val\u00e9riane n\u2019est plus \u00e0 prouver. En effet,<br \/>\napr\u00e8s de nombreuses \u00e9tudes, cette plante est recommand\u00e9e aux<br \/>\npersonnes qui souffrent d\u2019insomnies. Toutefois, <strong>il est<br \/>\nimportant de consommer cette plante avec pr\u00e9cautions.<\/strong> Mais<br \/>\nla val\u00e9riane n\u2019est pas la seule plante capable d\u2019aider en cas de<br \/>\ntrouble du sommeil.<\/p>\n<p>Des plantes comme <strong>la passiflore, la camomille, la<br \/>\nm\u00e9lisse ou encore le houblon<\/strong> repr\u00e9sentent d\u2019excellentes<br \/>\nalternatives \u00e0 la val\u00e9riane. Cependant, quelle que soit la plante<br \/>\nque vous choisissez, il est important de ne pas la m\u00e9langer avec<br \/>\ndes m\u00e9dicaments qui en contiennent.<\/p>\n","protected":false},"excerpt":{"rendered":"Il n\u2019y a rien de pire que d\u2019avoir une insomnie alors qu\u2019une journ\u00e9e charg\u00e9e nous attend d\u00e8s la&hellip;\n","protected":false},"author":2,"featured_media":291497,"comment_status":"","ping_status":"","sticky":false,"template":"","format":"standard","meta":{"footnotes":""},"categories":[10],"tags":[1011,27,72,71],"class_list":{"0":"post-291496","1":"post","2":"type-post","3":"status-publish","4":"format-standard","5":"has-post-thumbnail","7":"category-sante","8":"tag-fr","9":"tag-france","10":"tag-health","11":"tag-sante"},"share_on_mastodon":{"url":"https:\/\/pubeurope.com\/@fr\/114959576429633567","error":""},"_links":{"self":[{"href":"https:\/\/www.europesays.com\/fr\/wp-json\/wp\/v2\/posts\/291496","targetHints":{"allow":["GET"]}}],"collection":[{"href":"https:\/\/www.europesays.com\/fr\/wp-json\/wp\/v2\/posts"}],"about":[{"href":"https:\/\/www.europesays.com\/fr\/wp-json\/wp\/v2\/types\/post"}],"author":[{"embeddable":true,"href":"https:\/\/www.europesays.com\/fr\/wp-json\/wp\/v2\/users\/2"}],"replies":[{"embeddable":true,"href":"https:\/\/www.europesays.com\/fr\/wp-json\/wp\/v2\/comments?post=291496"}],"version-history":[{"count":0,"href":"https:\/\/www.europesays.com\/fr\/wp-json\/wp\/v2\/posts\/291496\/revisions"}],"wp:featuredmedia":[{"embeddable":true,"href":"https:\/\/www.europesays.com\/fr\/wp-json\/wp\/v2\/media\/291497"}],"wp:attachment":[{"href":"https:\/\/www.europesays.com\/fr\/wp-json\/wp\/v2\/media?parent=291496"}],"wp:term":[{"taxonomy":"category","embeddable":true,"href":"https:\/\/www.europesays.com\/fr\/wp-json\/wp\/v2\/categories?post=291496"},{"taxonomy":"post_tag","embeddable":true,"href":"https:\/\/www.europesays.com\/fr\/wp-json\/wp\/v2\/tags?post=291496"}],"curies":[{"name":"wp","href":"https:\/\/api.w.org\/{rel}","templated":true}]}}