{"id":291498,"date":"2025-08-02T14:11:10","date_gmt":"2025-08-02T14:11:10","guid":{"rendered":"https:\/\/www.europesays.com\/fr\/291498\/"},"modified":"2025-08-02T14:11:10","modified_gmt":"2025-08-02T14:11:10","slug":"direct-tour-de-france-femmes-8e-etape-apres-une-chute-la-maillot-jaune-de-retour-dans-le-peloton-trois-francaises-a-lavant","status":"publish","type":"post","link":"https:\/\/www.europesays.com\/fr\/291498\/","title":{"rendered":"DIRECT. Tour de France femmes, 8e \u00e9tape\u00a0: apr\u00e8s une chute, la maillot jaune de retour dans le peloton, trois Fran\u00e7aises \u00e0 l&rsquo;avant"},"content":{"rendered":"<p>16:07<\/p>\n<p>40 km &#8211; Evita Muzic maillot jaune virtuel<\/p>\n<p>A 40 km de l&rsquo;arriv\u00e9e, c&rsquo;est la Fran\u00e7aise Evita Muzic (FDJ-Suez) qui est leader provisoire au classement g\u00e9n\u00e9ral. Le podium est compl\u00e9t\u00e9 par N. Fisher-Black (+2&rsquo;27\u00a0\u00bb) et K. Niewiadoma (+3&rsquo;05\u00a0\u00bb).<\/p>\n<p>16:03<\/p>\n<p>41 km &#8211; Situation de la course<\/p>\n<p>A l&rsquo;avant, sont toujours pr\u00e9sentes : <strong>E. Muzic<\/strong>, N. Fisher-Black, <strong>M. Squiban<\/strong>, J. Ghekiere, E. Chabbey, M. Vallieres, R. Markus, Y. Kastelijn, L. Claes, R. Edwards, M. Meijering, F. Koch et <strong>M. Bunel<\/strong>. Elles ont une avance de 4 minutes sur le peloton.<\/p>\n<p>15:59<\/p>\n<p>42 km &#8211; Place \u00e0 une nouvelle mont\u00e9e<\/p>\n<p>Les coureuses entament l&rsquo;ascension de la 2e difficult\u00e9 du jour : la C\u00f4te de Saint-Georges-d&rsquo;Hurti\u00e8res (cat 2, 4,9 km, 5,9%).<\/p>\n<p>15:54<\/p>\n<p>45 km &#8211; Le Court dans le peloton !<\/p>\n<p>La maillot jaune Kim Le Court est de retour dans un peloton qui a ralenti, et laiss\u00e9 de nouveau de l&rsquo;avance \u00e0 l&rsquo;\u00e9chapp\u00e9e de 13 coureuses (3&rsquo;41\u00a0\u00bb).<\/p>\n<p>15:51<\/p>\n<p>47 km &#8211; Bient\u00f4t une 2e difficult\u00e9<\/p>\n<p>Alors que le groupe maillot vert o\u00f9 on retrouve des favorites comme Ferrand Pr\u00e9vot, Niewiadoma, et Vollering ont 3&prime; d&rsquo;\u00e9cart avec le groupe de t\u00eate, les coureuses vont bient\u00f4t atteindre la C\u00f4te de Saint-Georges-d&rsquo;Hurti\u00e8res.<\/p>\n<p>15:47<\/p>\n<p>50 km &#8211; Gigante bien revenue<\/p>\n<p>Cens\u00e9e \u00eatre la coureuse en forme du jour chez AG Insurance, Sarah Gigante a fait la jonction sur le groupe des favorites. L&rsquo;Australienne peut aussi esp\u00e9rer gagner ce Tour de France, \u00e0 condition d&rsquo;assure aujourd&rsquo;hui.<\/p>\n<p>15:45<\/p>\n<p>51 km &#8211; Le classement du sprint interm\u00e9diaire<\/p>\n<ol>\n<li>F. Koch &#8211; 25 pts<\/li>\n<li><strong>M. Squiban<\/strong> &#8211; 20 pts<\/li>\n<li>E. Chabbey &#8211; 17 pts<\/li>\n<li>R. Markus &#8211; 15 pts<\/li>\n<li>R. Edwards &#8211; 13 pts<\/li>\n<li>M. Vallieres &#8211; 11 pts<\/li>\n<li>M. Meijering &#8211; 10 pts<\/li>\n<li>J. Ghekiere &#8211; 9 pts<\/li>\n<li>Y. Kastelijn &#8211; 8 pts<\/li>\n<li>E. Muzic &#8211; 7 pts<\/li>\n<li>L. Claes &#8211; 6 pts<\/li>\n<li>N. Fisher-Black &#8211; 5 pts<\/li>\n<li><strong>M. Bunel<\/strong> &#8211; 4 pts<\/li>\n<li>A. Santesteban &#8211; 3 pts<\/li>\n<li>L. Wiebes &#8211; 2 pts<\/li>\n<\/ol>\n<p>15:42<\/p>\n<p>54 km &#8211; 25 points pour Koch<\/p>\n<p>C&rsquo;est Koch qui prend les 25 points du sprint interm\u00e9diaire, suivie de pr\u00e8s par Squiban (20 pts) et Chabbey (17 pts). Lorena Wiebes garde son maillot vert.<\/p>\n<p>15:37<\/p>\n<p>La chute en vid\u00e9o de Kim Le Court<\/p>\n<p>15:33<\/p>\n<p>59 km &#8211; Kim Le Court proche du peloton<\/p>\n<p>Lanc\u00e9e dans la descente, Kim Le Court roule assez vite pour rejoindre au plus vite l&rsquo;arri\u00e8re du peloton. Dans 5 kilom\u00e8tres, il y aura le sprint interm\u00e9diaire de Ch\u00e2teauneuf.<\/p>\n<p>15:29<\/p>\n<p>63 km &#8211; Chute de Kim Le Court !<\/p>\n<p>La maillot jaune Kim Le Court vient de chuter. Arriv\u00e9e trop vite dans un virage, la coureuse a fait un tout droit. Il lui faut quelques secondes pour se relever et reprendre la course.<\/p>\n<p>15:26<\/p>\n<p>65 km &#8211; AG Insurance \u00e0 l&rsquo;avant du peloton mais\u2026<\/p>\n<p>AG Insurance est d\u00e9sormais \u00e0 l&rsquo;avant du peloton, avec la maillot jaune Kim Le Court qui fait partie des coureuses pr\u00e9sentes vers l&rsquo;avant du peloton qui se rapproche des 4 minutes de retard sur le groupe de t\u00eate.<\/p>\n<p>15:23<\/p>\n<p>67 km &#8211; Koch et Squiban rattrap\u00e9es<\/p>\n<p>L&rsquo;avance de Squiban et Koch n&rsquo;aura pas dur\u00e9 longtemps. Elles sont de nouveau 14 coureuses \u00e0 se retrouver \u00e0 l&rsquo;avant.<\/p>\n<p>15:21<\/p>\n<p>68 km &#8211; Squiban et Koch s&rsquo;\u00e9chappent seules<\/p>\n<p>Au tour de Claes d&rsquo;\u00eatre distanc\u00e9e par Maeva Squiban (UAE) et Franziska Koch (Picnic PostNL). Encore derri\u00e8re, le groupe d&rsquo;Evita Muzic ne laisse pas beaucoup de marge (12&Prime;).<\/p>\n<p>15:18<\/p>\n<p>69 km &#8211; Squiban et deux coureuses ont attaqu\u00e9<\/p>\n<p>Squiban, Claes et Koch ont attaqu\u00e9, et sont le seules coureuses en t\u00eate avant le sprint interm\u00e9diaire. La Fran\u00e7aise est toujours aussi en forme. Le groupe maillot \u00e0 pois est \u00e0 14 secondes.\u00a0<\/p>\n<p>15:14<\/p>\n<p>72 km &#8211; Dygert \u00e0 l&rsquo;avant du peloton<\/p>\n<p>Chloe Dygert (Canyon\/\/Sram Zondacrypto) est \u00e0 l&rsquo;avant et tente de relancer un peloton qui a pas mal ralenti. Malgr\u00e9 cette bonne volont\u00e9, l&rsquo;\u00e9cart reste encore assez cons\u00e9quent (3&rsquo;37).<\/p>\n<p>15:10<\/p>\n<p>74 km &#8211; Le groupe de t\u00eate pas inqui\u00e9t\u00e9<\/p>\n<p>Les poursuivantes Le Mouel et Coston prennent leurs distances avec un peloton situ\u00e9 \u00e0 3&rsquo;25\u00a0\u00bb du groupe de t\u00eate. Il reste encore du travail \u00e0 faire pour les Fran\u00e7aises qui veulent rejoindre l&rsquo;\u00e9chapp\u00e9e (2&rsquo;01\u00a0\u00bb).<\/p>\n<p>15:03<\/p>\n<p>78 km &#8211; Deux Fran\u00e7aises veulent faire la jonction\u00a0<\/p>\n<p>Alors que le groupe de t\u00eate ne cesse de distancer le peloton (2&rsquo;23\u00a0\u00bb), deux Fran\u00e7aises se lancent \u00e0 la poursuite des 14 coureuses \u00e0 l&rsquo;avant (1&rsquo;52\u00a0\u00bb). A savoir, Morgane Coston (Roland Le Devoluy) et Celia Le Mouel (Ceratizit).<\/p>\n<p>14:55<\/p>\n<p>83 km &#8211; Le groupe de t\u00eate distance le peloton<\/p>\n<p>L&rsquo;\u00e9chapp\u00e9e commence \u00e0 avoir une avance int\u00e9ressante d\u00e9passant la minute (1&rsquo;22\u00a0\u00bb) sur un peloton un peu plus garni qu&rsquo;il y a quelques minutes.<\/p>\n<p>14:54<\/p>\n<p>83 km &#8211; Le classement provisoire du maillot \u00e0 pois<\/p>\n<p>14:52<\/p>\n<p>84 km &#8211; Le peloton compl\u00e8tement scind\u00e9<\/p>\n<p>On ne peut plus vraiment parler de peloton depuis le Col de Plainpalais. Il y a 5 groupes au total, et celui qui tente de chasser le groupe de t\u00eate (39&Prime;) est celui du maillot jaune avec 41 coureuses.<\/p>\n<p>14:48<\/p>\n<p>85 km &#8211; Ludwig quitte le groupe de t\u00eate<\/p>\n<p>Le groupe de t\u00eate compte un membre en moins, avec le d\u00e9crochage d&rsquo;Hannah Ludwig (Cofidis). L&rsquo;Allemande rejoint le peloton qui garde un \u00e9cart stable de 30&Prime; avec le peloton.<\/p>\n<p>14:45<\/p>\n<p>Le sprint en vid\u00e9o d&rsquo;Elise Chabbey<\/p>\n<blockquote class=\"twitter-tweet\" align=\"center\">\n<p lang=\"fr\" dir=\"ltr\">+\ud83d\udd1f points for Elise Chabbey who increases her lead in the <a href=\"https:\/\/twitter.com\/maillotapois?ref_src=twsrc%5Etfw\" rel=\"nofollow noopener\" target=\"_blank\">@maillotapois<\/a> competition, ahead of Ma\u00ebva Squiban who passes in second place. \ud83d\udd34\u26aa\ufe0f<\/p>\n<p>+\ud83d\udd1f points pour Elise Chabbey qui augmente son avance au <a href=\"https:\/\/twitter.com\/maillotapois?ref_src=twsrc%5Etfw\" rel=\"nofollow noopener\" target=\"_blank\">@maillotapois<\/a> devant Ma\u00ebva Squiban qui passe en deuxi\u00e8me position. \ud83d\udd34\u26aa\ufe0f\u2026 <a href=\"https:\/\/t.co\/XbtaUBrVLQ\" rel=\"nofollow\">pic.twitter.com\/XbtaUBrVLQ<\/a><\/p>\n<p>\u2014 Le Tour de France Femmes avec Zwift (@LeTourFemmes) <a href=\"https:\/\/twitter.com\/LeTourFemmes\/status\/1951624469509763088?ref_src=twsrc%5Etfw\" rel=\"nofollow noopener\" target=\"_blank\">August 2, 2025<\/a><\/p><\/blockquote>\n<p>14:43<\/p>\n<p>92 km &#8211; Un sprint interm\u00e9diaire avant une nouvelle mont\u00e9e<\/p>\n<p>Avant d&rsquo;entamer une nouvelle mont\u00e9e, les coureuses auront droit au sprint interm\u00e9diaire de Ch\u00e2teauneuf dans environ 37 kilom\u00e8tres.<\/p>\n<p>14:40<\/p>\n<p>94 km &#8211; Le classement du Col de Plainpalais<\/p>\n<ol>\n<li>E. Chabbey &#8211; 10 pts<\/li>\n<li><strong>M. Squiban<\/strong> &#8211; 8 pts<\/li>\n<li>R. Markus &#8211; 6 pts<\/li>\n<li>M. Meijering &#8211; 4 pts<\/li>\n<li><strong>E. Muzic<\/strong> &#8211; 2 pts<\/li>\n<li>Y. Kastelijn &#8211; 1 pt<\/li>\n<\/ol>\n<p>14:37<\/p>\n<p>96 km &#8211; Les 10 points pour Chabbey<\/p>\n<p>C&rsquo;est la maillot \u00e0 poise E. Chabbey qui a sprint\u00e9 dans les derniers m\u00e8tres et atteint en premi\u00e8re le sommet et prend les 10 points. M. Squiban r\u00f4de toujours dans le classement de la meilleure grimpeuse en prenant 8 points.<\/p>\n<p>14:32<\/p>\n<p>99 km &#8211; Le peloton se rapproche<\/p>\n<p>Si le groupe de t\u00eate se rapproche du sommet, le peloton r\u00e9duit l&rsquo;\u00e9cart avec 17 secondes de retard.\u00a0<\/p>\n<p>14:29<\/p>\n<p>100 km &#8211; Squiban se m\u00eale \u00e0 la course !<\/p>\n<p>Double vainqueur d&rsquo;\u00e9tape, la Fran\u00e7aise Maeva Squiban sort du peloton pour chasser le groupe de t\u00eate, et les rejoint rapidement. La coureuse d&rsquo;UAE veut prendre des points pr\u00e9cieux pour le maillot \u00e0 pois.<\/p>\n<p>14:28<\/p>\n<p>101 km &#8211; Composition du groupe de t\u00eate<\/p>\n<ul>\n<li><strong>Evita Muzic<\/strong> (FDJ-Suez)<\/li>\n<li>Niamh Fisher-Black (Lidl-Trek)<\/li>\n<li>Justine Ghekiere (AG Insurance)<\/li>\n<li>Elise Chabbey (FDJ-Suez)<\/li>\n<li>Magdeleine Vallieres (EF Education)<\/li>\n<li>Ane Santesteban (Laboral Kutxa)<\/li>\n<li>Riejanne Markus (Lidl-Trek)<\/li>\n<li>Yara Kastelijn (Fenix-Deceuninck)<\/li>\n<li>Lotte Claes (Arkea)<\/li>\n<li>Ruth Edwards (Human Powered Health)<\/li>\n<li>Mareille Meijering (Movistar)<\/li>\n<li>Franziska Koch (Picnic PostNL)<\/li>\n<li><strong>Marion Bunel<\/strong> (Visma)<\/li>\n<li>Hannah Ludwig (Cofidis)<\/li>\n<\/ul>\n<p>14:23<\/p>\n<p>102 km &#8211; Un solide groupe de t\u00eate<\/p>\n<p>On a d\u00e9sormais un gros groupe de t\u00eate compos\u00e9 de 14 coureuses dont les Fran\u00e7aise Marion Bunel (Team Visma) et Evita Muzic (FDJ-Suez).\u00a0<\/p>\n<p>14:19<\/p>\n<p>104 km &#8211; Bunel veut rejoindre Markus<\/p>\n<p>La maillot \u00e0 pois E. Chabbey est en forme dans ce d\u00e9but de course, et se retrouve en contre attaque avec la Fran\u00e7aise M. Bunel (4&Prime;). R. Markus est seule en t\u00eate depuis qu&rsquo;Ostolaza a d\u00e9croch\u00e9.<\/p>\n<blockquote class=\"twitter-tweet\" align=\"center\">\n<p lang=\"fr\" dir=\"ltr\">\ud83c\uddeb\ud83c\uddf7 Marion Bunel and \ud83c\udde8\ud83c\udded Elise Chabbey are trying to break away from the pack, each with a different strategy in mind.<\/p>\n<p>\ud83c\uddeb\ud83c\uddf7 Marion Bunel et \ud83c\udde8\ud83c\udded Elise Chabbey essayent de sortir du peloton, avec chacune des strat\u00e9gies diff\u00e9rentes en t\u00eate <a href=\"https:\/\/twitter.com\/hashtag\/TDFF2025?src=hash&amp;ref_src=twsrc%5Etfw\" rel=\"nofollow noopener\" target=\"_blank\">#TDFF2025<\/a> l <a href=\"https:\/\/twitter.com\/hashtag\/WatchTheFemmes?src=hash&amp;ref_src=twsrc%5Etfw\" rel=\"nofollow noopener\" target=\"_blank\">#WatchTheFemmes<\/a> l <a href=\"https:\/\/twitter.com\/GoZwift?ref_src=twsrc%5Etfw\" rel=\"nofollow noopener\" target=\"_blank\">@GoZwift<\/a> <a href=\"https:\/\/t.co\/62FtPA1Ig5\" rel=\"nofollow\">pic.twitter.com\/62FtPA1Ig5<\/a><\/p>\n<p>\u2014 Le Tour de France Femmes avec Zwift (@LeTourFemmes) <a href=\"https:\/\/twitter.com\/LeTourFemmes\/status\/1951619053400862927?ref_src=twsrc%5Etfw\" rel=\"nofollow noopener\" target=\"_blank\">August 2, 2025<\/a><\/p><\/blockquote>\n<p>14:14<\/p>\n<p>106 km &#8211; Premi\u00e8re \u00e9chapp\u00e9e !<\/p>\n<p>La premi\u00e8re \u00e9chapp\u00e9e du jour est compos\u00e9e de Riejanne Markus (Lidl-Trek) et et Usoa Ostolaza (Laboral Kutxa). Elles ont su faire la diff\u00e9rence sur le peloton et ont 15&Prime; d&rsquo;avance.<\/p>\n<p>14:10<\/p>\n<p>107 km &#8211; Le peloton coup\u00e9\u00a0<\/p>\n<p>Le peloton est s\u00e9par\u00e9 avec 16 coureuses dont Celia Le Mouel qui compte un l\u00e9ger retard de 5&Prime; sur le premier groupe o\u00f9 on retrouve le maillot jaune et le maillot vert.<\/p>\n<p>14:06<\/p>\n<p>108 km &#8211; Des coureuses distanc\u00e9es<\/p>\n<p>Sept coureuses sont distanc\u00e9es (1&rsquo;34\u00a0\u00bb) dans ce Col de Plainpalais : F. Mangan (Winspace), A. Gonzalez Blanco (St Michel), S. Andersen (Uno-X Mobility), F. Perkins (Fenix-Deceuninck), A. Teruel (Laboral Kutxa) et E. Fahlin (Arkea-B&amp;B Hotels Woman).<\/p>\n<p>14:03<\/p>\n<p>109 km &#8211; La maillot \u00e0 pois roule vite<\/p>\n<p>Porteuse du maillot \u00e0 pois, Elise Chabbey (FDJ-Suez). est la premi\u00e8re \u00e0 acc\u00e9l\u00e9rer, suivie de pr\u00e8s par la maillot jaune Kim Le Court. Pas encore d&rsquo;\u00e9chapp\u00e9e pour autant.<\/p>\n<p>14:01<\/p>\n<p>110 km &#8211; D\u00e9j\u00e0 le Col de Plainpalais<\/p>\n<p>D&#8217;embl\u00e9e, les coureuses entament l&rsquo;ascension du Col de Plainpalais (cat 1, 13,2 km, 6,3%). Le peloton est bien group\u00e9 dans ce d\u00e9but de course qui commence fort.<\/p>\n<p>13:59<\/p>\n<p>114 km &#8211; D\u00e9part r\u00e9el de la course !<\/p>\n<p>C&rsquo;est parti pour cette 8e \u00e9tape du Tour de France. La journ\u00e9e s&rsquo;annonce charg\u00e9e avec des changements au classement g\u00e9n\u00e9ral.\u00a0<\/p>\n<p>13:35<\/p>\n<p>Les dessous du doubl\u00e9 compl\u00e8tement fou de Maeva Squiban\u00a0<\/p>\n<p>La Fran\u00e7aise Maeva Squiban (UAE-ADQ), d\u00e9j\u00e0 victorieuse en solitaire ce jeudi \u00e0 Ambert, a r\u00e9\u00e9dit\u00e9 son exploit ce vendredi, \u00e0 Chamb\u00e9ry, apr\u00e8s un nouveau num\u00e9ro impressionnant.<\/p>\n<blockquote class=\"twitter-tweet\" align=\"center\">\n<p lang=\"fr\" dir=\"ltr\">\u00ab Tout est parti d\u2019une blague \u00bb : les dessous du doubl\u00e9 compl\u00e8tement fou de Maeva Squiban au Tour de France <a href=\"https:\/\/t.co\/OmKtt0Ndqi\" rel=\"nofollow\">https:\/\/t.co\/OmKtt0Ndqi<\/a><\/p>\n<p>\u2014 Le Parisien | sport (@leparisiensport) <a href=\"https:\/\/twitter.com\/leparisiensport\/status\/1951353719284478025?ref_src=twsrc%5Etfw\" rel=\"nofollow noopener\" target=\"_blank\">August 1, 2025<\/a><\/p><\/blockquote>\n<p>13:28<\/p>\n<p>Horaire du d\u00e9part fictif\u00a0<\/p>\n<p>Le d\u00e9part fictif de la 8e \u00e9tape est pr\u00e9vu pour 13h45.\u00a0<\/p>\n<p>13:28<\/p>\n<p>\u00ab Elle ne l\u00e2che rien, elle n&rsquo;a peur de rien \u00bb : Julie Bego, \u00e0 domicile \u00e0 Chamb\u00e9ry sur le Tour de France<\/p>\n<p>La coureuse de Cofidis, championne du monde juniors en 2023, a perdu le maillot de meilleur jeune ce vendredi. Avec seulement 21 secondes de retard, elle pourrait toutefois le reprendre ce samedi 2\u00a0ao\u00fbt lors de la 8e \u00e9tape qui d\u00e9marre chez elle.<\/p>\n<blockquote class=\"twitter-tweet\" align=\"center\">\n<p lang=\"fr\" dir=\"ltr\">\u00ab Elle ne l\u00e2che rien, elle n\u2019a peur de rien \u00bb : Julie Bego, 20 ans, \u00e0 domicile \u00e0 Chamb\u00e9ry sur le Tour de France <a href=\"https:\/\/t.co\/lGhJJKpGyT\" rel=\"nofollow\">https:\/\/t.co\/lGhJJKpGyT<\/a><\/p>\n<p>\u2014 Le Parisien | sport (@leparisiensport) <a href=\"https:\/\/twitter.com\/leparisiensport\/status\/1951543543433973990?ref_src=twsrc%5Etfw\" rel=\"nofollow noopener\" target=\"_blank\">August 2, 2025<\/a><\/p><\/blockquote>\n<p>13:26<\/p>\n<p>Pauline Ferrand-Pr\u00e9vot d\u00e9termin\u00e9e avant le Col de la Madeleine<\/p>\n<p>Un temps virtuelle Maillot jaune de ce Tour de France ce vendredi 1er\u00a0ao\u00fbt, la Fran\u00e7aise, deuxi\u00e8me au g\u00e9n\u00e9ral se sent \u00ab\u00a0encore bien\u00a0\u00bb. Elle s\u2019est minutieusement pr\u00e9par\u00e9e pour l\u2019\u00e9tape de ce samedi 2 ao\u00fbt, qui sera d\u00e9cisive pour la bataille entre les favorites.<\/p>\n<blockquote class=\"twitter-tweet\" align=\"center\">\n<p lang=\"fr\" dir=\"ltr\">\u00ab Tout va se jouer sur cette ascension \u00bb : Pauline Ferrand-Pr\u00e9vot d\u00e9termin\u00e9e avant le col de la Madeleine <a href=\"https:\/\/t.co\/uiX0i7auAU\" rel=\"nofollow\">https:\/\/t.co\/uiX0i7auAU<\/a><\/p>\n<p>\u2014 Le Parisien | sport (@leparisiensport) <a href=\"https:\/\/twitter.com\/leparisiensport\/status\/1951329903149773157?ref_src=twsrc%5Etfw\" rel=\"nofollow noopener\" target=\"_blank\">August 1, 2025<\/a><\/p><\/blockquote>\n<p>13:23<\/p>\n<p>Le profil de la 8e \u00e9tape entre Chamb\u00e9ry et Saint-Fran\u00e7ois-Longchamp<\/p>\n<p><img decoding=\"async\" src=\"https:\/\/www.europesays.com\/fr\/wp-content\/uploads\/2025\/08\/ST2TH4H5LJEB3L3LML5ECHXPZE.jpg\" alt=\"\"\/><\/p>\n<p>13:18<\/p>\n<p>Le coup de gueule de Kim Le Court contre deux Fran\u00e7aises<\/p>\n<p>13:17<\/p>\n<p>Bienvenue \u00e0 tous\u00a0<\/p>\n<p>Bonjour \u00e0 tous, et bienvenue sur le direct comment\u00e9 de la 8e \u00e9tape du Tour de France femmes. Les coureuses partiront depuis Chamb\u00e9ry pour rejoindre Saint-Fran\u00e7ois Longchamp dans un parcours de 111,9 km de type montagne.<\/p>\n<p>Contexte<\/p>\n<p>Tout savoir sur la 8e \u00e9tape du Tour de France femmes :\u00a0<\/p>\n<ul>\n<li>Avec ses 111,9 km, cette journ\u00e9e accueillera l&rsquo;\u00e9tape reine de cette \u00e9dition, entre Chamb\u00e9ry et le Col de la Madeleine.<\/li>\n<li>Trois ascensions sont au programme : le Col de Plainpalais (13,2 km \u00e0 6,3%) d\u00e8s le d\u00e9part, la C\u00f4te de Saint-Georges-d&rsquo;Hurti\u00e8res (4,8 km \u00e0 5,9%) et le Col de la Madeleine (18,6 km \u00e0 8,1%).<\/li>\n<\/ul>\n<p><img decoding=\"async\" src=\"https:\/\/www.europesays.com\/fr\/wp-content\/uploads\/2025\/08\/ST2TH4H5LJEB3L3LML5ECHXPZE.jpg\"\/>\u00a0<script async src=\"https:\/\/platform.twitter.com\/widgets.js\" charset=\"utf-8\"><\/script><\/p>\n","protected":false},"excerpt":{"rendered":"16:07 40 km &#8211; Evita Muzic maillot jaune virtuel A 40 km de l&rsquo;arriv\u00e9e, c&rsquo;est la Fran\u00e7aise Evita&hellip;\n","protected":false},"author":2,"featured_media":291499,"comment_status":"","ping_status":"","sticky":false,"template":"","format":"standard","meta":{"footnotes":""},"categories":[9],"tags":[1154,3057,1011,27,1227,60],"class_list":{"0":"post-291498","1":"post","2":"type-post","3":"status-publish","4":"format-standard","5":"has-post-thumbnail","7":"category-sports","8":"tag-cycling","9":"tag-essential","10":"tag-fr","11":"tag-france","12":"tag-horizontal","13":"tag-sports"},"share_on_mastodon":{"url":"https:\/\/pubeurope.com\/@fr\/114959580182483249","error":""},"_links":{"self":[{"href":"https:\/\/www.europesays.com\/fr\/wp-json\/wp\/v2\/posts\/291498","targetHints":{"allow":["GET"]}}],"collection":[{"href":"https:\/\/www.europesays.com\/fr\/wp-json\/wp\/v2\/posts"}],"about":[{"href":"https:\/\/www.europesays.com\/fr\/wp-json\/wp\/v2\/types\/post"}],"author":[{"embeddable":true,"href":"https:\/\/www.europesays.com\/fr\/wp-json\/wp\/v2\/users\/2"}],"replies":[{"embeddable":true,"href":"https:\/\/www.europesays.com\/fr\/wp-json\/wp\/v2\/comments?post=291498"}],"version-history":[{"count":0,"href":"https:\/\/www.europesays.com\/fr\/wp-json\/wp\/v2\/posts\/291498\/revisions"}],"wp:featuredmedia":[{"embeddable":true,"href":"https:\/\/www.europesays.com\/fr\/wp-json\/wp\/v2\/media\/291499"}],"wp:attachment":[{"href":"https:\/\/www.europesays.com\/fr\/wp-json\/wp\/v2\/media?parent=291498"}],"wp:term":[{"taxonomy":"category","embeddable":true,"href":"https:\/\/www.europesays.com\/fr\/wp-json\/wp\/v2\/categories?post=291498"},{"taxonomy":"post_tag","embeddable":true,"href":"https:\/\/www.europesays.com\/fr\/wp-json\/wp\/v2\/tags?post=291498"}],"curies":[{"name":"wp","href":"https:\/\/api.w.org\/{rel}","templated":true}]}}