{"id":291500,"date":"2025-08-02T14:12:11","date_gmt":"2025-08-02T14:12:11","guid":{"rendered":"https:\/\/www.europesays.com\/fr\/291500\/"},"modified":"2025-08-02T14:12:11","modified_gmt":"2025-08-02T14:12:11","slug":"line-renaud-physiquement-diminuee-a-97-ans-ces-images-qui-font-mal-au-coeur","status":"publish","type":"post","link":"https:\/\/www.europesays.com\/fr\/291500\/","title":{"rendered":"Line Renaud, physiquement diminu\u00e9e \u00e0 97 ans : ces images qui font mal au c\u0153ur"},"content":{"rendered":"<p>Le mercredi 30 juillet dernier, les Archives nationales de<br \/>\nFrance ont applaudi la venue de <a href=\"https:\/\/www.closermag.fr\/people\/line-renaud-a-quoi-ressemble-sa-magnifique-demeure-des-hauts-de-seine-3489069\" target=\"_blank\" rel=\"noopener\"><br \/>\nLine Renaud<\/a>. Aux c\u00f4t\u00e9s de <a href=\"https:\/\/www.telestar.fr\/people\/le-clan-chirac-se-dechire-entre-pro-sarkozy-et-pro-juppe-48739\" target=\"_blank\" rel=\"noopener\"><br \/>\nClaude Chirac<\/a>, la fille de Bernadette Chirac, la meneuse de<br \/>\nrevue \u00e2g\u00e9e de 97 ans \u00e9tait \u00e0 Pierrefitte-sur-Seine pour<br \/>\n<strong>faire don de ses archives personnelles<\/strong>, le 17<br \/>\njuillet dernier. \u00ab\u00a0Cette visite fait suite au don exceptionnel<br \/>\nde <a href=\"https:\/\/www.closermag.fr\/people\/jai-le-droit-de-le-dire-laurent-delahousse-emoustille-devant-une-archive-de-line-renaud-elle-se-gausse-3489152\" target=\"_blank\" rel=\"noopener\"><br \/>\nses archives personnelles<\/a>, confi\u00e9es aux Archives<br \/>\nnationales le 12 mai dernier\u00a0\u00bb, pr\u00e9cisent les <strong>Archives<br \/>\nnationales de France<\/strong> sur Facebook.<\/p>\n<p>Sur <a href=\"https:\/\/www.closermag.fr\/people\/line-renaud-rayonnante-a-97-ans-cliches-dun-dimanche-en-tres-bonne-compagnie-dans-sa-maison-des-hauts-de-seine-3566399\" target=\"_blank\" rel=\"noopener\"><br \/>\nles images<\/a> sur le r\u00e9seau social, on voit la chanteuse<br \/>\n<strong>physiquement diminu\u00e9e<\/strong>. Sur une photo, l\u2019actrice de<br \/>\nBelle-maman est toute souriante tout en faisant le signe<br \/>\nPeace and Love de la main. Impossible de ne pas remarquer le<br \/>\nsoutien d\u2019une femme qui se tient \u00e0 c\u00f4t\u00e9 d\u2019elle pour <strong>la<br \/>\nmaintenir debout<\/strong>. Les trois autres photos partag\u00e9es sur<br \/>\nFacebook montrent Line Renaud <a href=\"https:\/\/www.closermag.fr\/people\/jen-suis-sortie-lannee-commence-mal-pour-line-renaud-pas-au-mieux-de-sa-forme-elle-reapparait-3517020\" target=\"_blank\" rel=\"noopener\"><br \/>\nen fauteuil roulant<\/a>, tout au long de sa visite.<\/p>\n<p>Line Renaud : \u00ab\u00a0Merci \u00e0 vous, de prendre soin de mon pass\u00e9\u00a0\u00bb<\/p>\n<p>Le 1er ao\u00fbt, <strong>Line Renaud<\/strong> a repartag\u00e9 les photos<br \/>\ndes <strong>Archives nationales de France<\/strong> sur son compte<br \/>\nX. Pr\u00e9cisant avoir fait don de ses \u00ab\u00a0archives<br \/>\npersonnelles\u00a0\u00bb, elles seront donc bient\u00f4t \u00ab\u00a0accessibles aux<br \/>\nchercheurs et au grand public\u00a0\u00bb. Le compte Facebook des<br \/>\nArchives a \u00e9galement pr\u00e9cis\u00e9 qu\u2019apr\u00e8s avoir \u00e9t\u00e9 accueillie par<br \/>\nMarie-Fran\u00e7oise Limon-Bonnet, directrice des Archives nationales,<br \/>\net Yann Potin, conservateur en chef, la chanteuse a \u00ab\u00a0parcouru<br \/>\navec curiosit\u00e9 les coulisses de l\u2019institution\u00a0\u00bb.<\/p>\n<blockquote class=\"twitter-tweet\"><p><a class=\"twitter-link\" rel=\"noindex, nofollow noopener\" href=\"https:\/\/twitter.com\/linerenaud\/status\/1951351675005948155\" target=\"_blank\"><\/p><\/blockquote>\n<p>La maman de Simone et Edmond Antoine a donc pu voir les<br \/>\n\u00ab\u00a0salles de lecture, magasins d\u2019archives, et<br \/>\n<strong>documents historiques sign\u00e9s de Napol\u00e9on<\/strong><br \/>\nou du g\u00e9n\u00e9ral de Gaulle\u00a0\u00bb, mais en fauteuil roulant. Sur<br \/>\nses r\u00e9seaux sociaux, la star \u00e9crit : \u00ab\u00a0Merci \u00e0 vous, de prendre<br \/>\nsoin de mon pass\u00e9\u00a0\u00bb, \u00e9voquant cette trace de sa vie qui sera<br \/>\ngard\u00e9e et pr\u00e9serv\u00e9e pour toujours.<\/p>\n<p>Line Renaud : \u00ab\u00a0une vie artistique et un<br \/>\nengagement sans faille contre le sida\u00a0\u00bb<\/p>\n<p>Face au don de <strong>Line Renaud<\/strong>, les Archives<br \/>\nnationales de France pr\u00e9cisent : \u00ab\u00a0Ce don, marqu\u00e9 par une vie<br \/>\nartistique et un <a href=\"https:\/\/www.closermag.fr\/people\/je-me-demande-si-bouleversante-line-renaud-fait-une-apparition-remarquee-lors-du-sidaction-2025-3529337\" target=\"_blank\" rel=\"noopener\"><br \/>\nengagement sans faille contre le sida<\/a>, enrichit<br \/>\nnos fonds d\u2019un pan encore peu repr\u00e9sent\u00e9 : celui du<br \/>\n<strong>music-hall<\/strong>, de la chanson et du<br \/>\n<strong>spectacle vivant<\/strong>\u00ab\u00a0. \u00ab\u00a0Il vient<br \/>\n\u00e9galement compl\u00e9ter les archives sur la lutte contre le sida, aux<br \/>\nc\u00f4t\u00e9s de celles des associations Aides France ou Act Up\u00a0\u00bb,<br \/>\npeut-on lire sur la page Facebook de l\u2019institution.<\/p>\n<p>Ce moment m\u00e9morable, la chanteuse l\u2019a partag\u00e9 avec<br \/>\n<strong>Claude Chirac<\/strong>. Les deux femmes entretenant une<br \/>\nrelation dans le genre m\u00e8re-fille depuis des ann\u00e9es. Apr\u00e8s tout, la<br \/>\nfille de l\u2019ancien pr\u00e9sident a tiss\u00e9 des liens avec l\u2019artiste quand<br \/>\nelle \u00e9tait encore une adolescente. D\u2019ailleurs, la femme politique<br \/>\nest la future <strong>h\u00e9riti\u00e8re des fonds de donation<\/strong><br \/>\nsoutenant la recherche m\u00e9dicale de Line Renaud.<\/p>\n<p><script async src=\"https:\/\/platform.twitter.com\/widgets.js\" charset=\"utf-8\"><\/script><\/p>\n","protected":false},"excerpt":{"rendered":"Le mercredi 30 juillet dernier, les Archives nationales de France ont applaudi la venue de Line Renaud. Aux&hellip;\n","protected":false},"author":2,"featured_media":291501,"comment_status":"","ping_status":"","sticky":false,"template":"","format":"standard","meta":{"footnotes":""},"categories":[8],"tags":[548,58,59,1011,27,18994],"class_list":{"0":"post-291500","1":"post","2":"type-post","3":"status-publish","4":"format-standard","5":"has-post-thumbnail","7":"category-divertissement","8":"tag-article-simple","9":"tag-divertissement","10":"tag-entertainment","11":"tag-fr","12":"tag-france","13":"tag-line-renaud"},"share_on_mastodon":{"url":"https:\/\/pubeurope.com\/@fr\/114959584081009691","error":""},"_links":{"self":[{"href":"https:\/\/www.europesays.com\/fr\/wp-json\/wp\/v2\/posts\/291500","targetHints":{"allow":["GET"]}}],"collection":[{"href":"https:\/\/www.europesays.com\/fr\/wp-json\/wp\/v2\/posts"}],"about":[{"href":"https:\/\/www.europesays.com\/fr\/wp-json\/wp\/v2\/types\/post"}],"author":[{"embeddable":true,"href":"https:\/\/www.europesays.com\/fr\/wp-json\/wp\/v2\/users\/2"}],"replies":[{"embeddable":true,"href":"https:\/\/www.europesays.com\/fr\/wp-json\/wp\/v2\/comments?post=291500"}],"version-history":[{"count":0,"href":"https:\/\/www.europesays.com\/fr\/wp-json\/wp\/v2\/posts\/291500\/revisions"}],"wp:featuredmedia":[{"embeddable":true,"href":"https:\/\/www.europesays.com\/fr\/wp-json\/wp\/v2\/media\/291501"}],"wp:attachment":[{"href":"https:\/\/www.europesays.com\/fr\/wp-json\/wp\/v2\/media?parent=291500"}],"wp:term":[{"taxonomy":"category","embeddable":true,"href":"https:\/\/www.europesays.com\/fr\/wp-json\/wp\/v2\/categories?post=291500"},{"taxonomy":"post_tag","embeddable":true,"href":"https:\/\/www.europesays.com\/fr\/wp-json\/wp\/v2\/tags?post=291500"}],"curies":[{"name":"wp","href":"https:\/\/api.w.org\/{rel}","templated":true}]}}