{"id":291506,"date":"2025-08-02T14:15:16","date_gmt":"2025-08-02T14:15:16","guid":{"rendered":"https:\/\/www.europesays.com\/fr\/291506\/"},"modified":"2025-08-02T14:15:16","modified_gmt":"2025-08-02T14:15:16","slug":"la-turquie-a-commence-a-fournir-du-gaz-naturel-azerbaidjanais-a-la-syrie-actualites","status":"publish","type":"post","link":"https:\/\/www.europesays.com\/fr\/291506\/","title":{"rendered":"La Turquie a commenc\u00e9 \u00e0 fournir du gaz naturel azerba\u00efdjanais \u00e0 la Syrie : Actualit\u00e9s"},"content":{"rendered":"<p class=\"lead \">La Turquie a commenc\u00e9 samedi, comme annonc\u00e9, \u00e0 fournir du gaz naturel en provenance d&rsquo;Azerba\u00efdjan \u00e0 la Syrie, dont l&rsquo;infrastructure a \u00e9t\u00e9 ravag\u00e9e par une longue guerre civile. <\/p>\n<p class=\"lead \">Le nouveau pouvoir islamiste syrien, qui a renvers\u00e9 Bachar al-Assad en d\u00e9cembre 2024, cherche \u00e0 reconstruire le pays, ravag\u00e9 par pr\u00e8s de 14 ann\u00e9es de guerre civile et o\u00f9 les coupures de courant peuvent durer plus de 20 heures par jour.<\/p>\n<p class=\"lead \">Le lancement samedi de l&rsquo;exportation du gaz naturel d&rsquo;Azerba\u00efdjan vers Alep via Kilis, dans la province du m\u00eame nom situ\u00e9e au sud-est de la Turquie, pr\u00e8s de la fronti\u00e8re syrienne, avait \u00e9t\u00e9 annonc\u00e9 en milieu de semaine par le ministre turc de l&rsquo;\u00c9nergie Alparslan Bayraktar. <\/p>\n<p class=\"lead \">S&rsquo;exprimant lors d&rsquo;une c\u00e9r\u00e9monie \u00e0 Kilis samedi, \u00e0 laquelle ont assist\u00e9 les ministre syrien de l&rsquo;\u00c9nergie, le ministre de l&rsquo;\u00c9conomie de l&rsquo;Azerba\u00efdjan ainsi que le directeur du fonds de d\u00e9veloppement du Qatar, M. Bayraktar a d\u00e9clar\u00e9 que cette initiative contribuerait \u00e0 un retour \u00e0 la normale en Syrie.<\/p>\n<p class=\"lead \">\u00ab\u00a0Dans la phase initiale, jusqu&rsquo;\u00e0 deux milliards de m\u00e8tres cubes de gaz naturel par an pourraient \u00eatre export\u00e9s vers la Syrie\u00a0\u00bb, a-t-il d\u00e9clar\u00e9.<\/p>\n<p class=\"lead \">Damas a pr\u00e9cis\u00e9 que le gaz serait utilis\u00e9 pour produire de l&rsquo;\u00e9lectricit\u00e9. <\/p>\n<p class=\"lead \">\u00ab\u00a0Le gaz permettra d&rsquo;activer une centrale \u00e9lectrique d&rsquo;une capacit\u00e9 d&rsquo;environ 1.200 m\u00e9gawatts, r\u00e9pondant aux besoins en \u00e9lectricit\u00e9 d&rsquo;environ cinq millions de foyers et apportant une contribution significative \u00e0 la normalisation de la vie quotidienne en Syrie\u00a0\u00bb, a expliqu\u00e9 M. Bayraktar.<\/p>\n<p class=\"lead \">\u00ab\u00a0Nous acheminons le gaz naturel jusqu&rsquo;\u00e0 Alep, et d&rsquo;Alep \u00e0 Homs. Cela permettra de remettre en service les centrales \u00e9lectriques de la zone dans un avenir proche\u00a0\u00bb, a-t-il ajout\u00e9. <\/p>\n<p class=\"lead \">Cette initiative s&rsquo;inscrit dans le programme qatari visant \u00e0 financer l&rsquo;approvisionnement en gaz pour la production d&rsquo;\u00e9lectricit\u00e9 en Syrie, dont une premi\u00e8re phase a \u00e9t\u00e9 lanc\u00e9e en mars via la Jordanie et a permis de fournir 400 m\u00e9gawatts d&rsquo;\u00e9lectricit\u00e9 par jour.<\/p>\n<p class=\"small font-weight-bold text-gray3 \"> publi\u00e9 le 2 ao\u00fbt \u00e0 13h10, AFP<\/p>\n<p>                             Partager<\/p>\n","protected":false},"excerpt":{"rendered":"La Turquie a commenc\u00e9 samedi, comme annonc\u00e9, \u00e0 fournir du gaz naturel en provenance d&rsquo;Azerba\u00efdjan \u00e0 la Syrie,&hellip;\n","protected":false},"author":2,"featured_media":291507,"comment_status":"","ping_status":"","sticky":false,"template":"","format":"standard","meta":{"footnotes":""},"categories":[5],"tags":[21335,14427,11,4526,43083,1011,27,843,418,14,12,1463,32,3496,28],"class_list":{"0":"post-291506","1":"post","2":"type-post","3":"status-publish","4":"format-standard","5":"has-post-thumbnail","7":"category-international","8":"tag-lectricit","9":"tag-nergie","10":"tag-actualites","11":"tag-aide","12":"tag-azerbadjan","13":"tag-fr","14":"tag-france","15":"tag-gaz","16":"tag-gouvernement","17":"tag-international","18":"tag-news","19":"tag-qatar","20":"tag-syrie","21":"tag-turquie","22":"tag-world"},"share_on_mastodon":{"url":"https:\/\/pubeurope.com\/@fr\/114959595844849180","error":""},"_links":{"self":[{"href":"https:\/\/www.europesays.com\/fr\/wp-json\/wp\/v2\/posts\/291506","targetHints":{"allow":["GET"]}}],"collection":[{"href":"https:\/\/www.europesays.com\/fr\/wp-json\/wp\/v2\/posts"}],"about":[{"href":"https:\/\/www.europesays.com\/fr\/wp-json\/wp\/v2\/types\/post"}],"author":[{"embeddable":true,"href":"https:\/\/www.europesays.com\/fr\/wp-json\/wp\/v2\/users\/2"}],"replies":[{"embeddable":true,"href":"https:\/\/www.europesays.com\/fr\/wp-json\/wp\/v2\/comments?post=291506"}],"version-history":[{"count":0,"href":"https:\/\/www.europesays.com\/fr\/wp-json\/wp\/v2\/posts\/291506\/revisions"}],"wp:featuredmedia":[{"embeddable":true,"href":"https:\/\/www.europesays.com\/fr\/wp-json\/wp\/v2\/media\/291507"}],"wp:attachment":[{"href":"https:\/\/www.europesays.com\/fr\/wp-json\/wp\/v2\/media?parent=291506"}],"wp:term":[{"taxonomy":"category","embeddable":true,"href":"https:\/\/www.europesays.com\/fr\/wp-json\/wp\/v2\/categories?post=291506"},{"taxonomy":"post_tag","embeddable":true,"href":"https:\/\/www.europesays.com\/fr\/wp-json\/wp\/v2\/tags?post=291506"}],"curies":[{"name":"wp","href":"https:\/\/api.w.org\/{rel}","templated":true}]}}