{"id":291518,"date":"2025-08-02T14:22:10","date_gmt":"2025-08-02T14:22:10","guid":{"rendered":"https:\/\/www.europesays.com\/fr\/291518\/"},"modified":"2025-08-02T14:22:10","modified_gmt":"2025-08-02T14:22:10","slug":"une-nouvelle-mutuelle-accessible-a-tous-a-sanary-grace-a-un-partenariat","status":"publish","type":"post","link":"https:\/\/www.europesays.com\/fr\/291518\/","title":{"rendered":"Une nouvelle mutuelle accessible \u00e0 tous \u00e0 Sanary gr\u00e2ce \u00e0 un partenariat"},"content":{"rendered":"<p>Pr\u00e8s de 5% de la population fran\u00e7aise n\u2019est aujourd\u2019hui pas couverte par une compl\u00e9mentaire sant\u00e9, dont les tarifs sont en constante augmentation. 60% renonceraient m\u00eame \u00e0 certains soins\u2026 Face \u00e0 cet amer constat et dans le cadre de sa politique de pr\u00e9vention sant\u00e9, la ville de Sanary vient de signer une convention de partenariat in\u00e9dite avec la Mutuelle familiale. \u00ab\u00a0On s\u2019est aper\u00e7u que plus de 2.000 Sanaryens n\u2019avaient pas de mutuelle!\u00a0\u00bb, explique Muriel Canolle, adjointe aux affaires sociales (CCAS).<\/p>\n<p>Des tarifs attractifs et personnalis\u00e9s<\/p>\n<p>Selon C\u00e9cile Mallah, repr\u00e9sentante de la Mutuelle familiale, \u00ab\u00a0l\u2019objectif de ce partenariat, gr\u00e2ce \u00e0 des garanties et tarifs attractifs n\u00e9goci\u00e9s avec la Ville, est d\u2019offrir un peu plus de pouvoir d\u2019achat aux administr\u00e9s. Ses quatre atouts majeurs sont d\u2019\u00eatre sans d\u00e9lai de carence, sans limite d\u2019\u00e2ge, sans questionnaire m\u00e9dical pr\u00e9alable et sans aucune condition de ressources. Elle est accessible \u00e0 toutes les personnes domicili\u00e9es \u00e0 Sanary ou y travaillant. Elle propose quatre paniers de soins aux tarifs variables selon l\u2019\u00e2ge et les options choisies, allant du seul forfait hospitalisation \u00e0 une couverture plus large, sachant que la cotisation est offerte au 3 enfant.\u00a0\u00bb<\/p>\n<p>A noter que La Mutuelle Familiale est une association loi 1901 qui garantit que tous les b\u00e9n\u00e9fices sont revers\u00e9s aux adh\u00e9rents, de diff\u00e9rentes fa\u00e7ons.<\/p>\n<p>Des services compl\u00e9mentaires mis en place<\/p>\n<p>Si augmenter le taux de couverture sant\u00e9 des Sanaryens est le but principal de ce partenariat, il inclut \u00e9galement tout un panel de prestations compl\u00e9mentaires comme l\u2019aide au logement et des ateliers de pr\u00e9vention au quotidien, d\u00e9di\u00e9s \u00e0 des publics sp\u00e9cifiques comme les seniors ou les personnes en situation de handicap.<\/p>\n<p>Ainsi, le directeur du CCAS S\u00e9bastien Gigliotti souhaite-t-il d\u00e9velopper la cohabitation interg\u00e9n\u00e9rationnelle entre des jeunes qui peinent \u00e0 se loger et des seniors qui disposent parfois de logements en sous-occupation. \u00ab\u00a0M\u00eame s\u2019il y a un r\u00e9el besoin, ce concept a du mal \u00e0 se d\u00e9velopper \u00e0 Sanary, regrette-t-il. Je pense en particulier aux \u00e9tudiants de l\u2019\u00e9cole de la Performance Business School, et cela diminuerait un peu la pression sur la demande de logement, surtout de logement social\u00a0\u00bb.<\/p>\n<p>Pour en savoir plus, des d\u00e9pliants sont disponibles au CCAS et \u00e0 la mairie de Sanary, en compl\u00e9ment d\u2019une r\u00e9union publique d\u2019information \u00e0 venir \u00e0 la rentr\u00e9e. D\u00e8s septembre, la Mutuelle Familiale assurera \u00e9galement de son c\u00f4t\u00e9 une permanence hebdomadaire au CCAS (dates \u00e0 d\u00e9finir).<\/p>\n<p>Pratique Mutuelle familiale 04.94.11.02.74 ou sanary@mutuelle-familiale.fr, <a href=\"https:\/\/www.mutuelle-familiale.fr\" target=\"_blank\" rel=\"noopener nofollow\">www.mutuelle-familiale.fr<\/a><\/p>\n","protected":false},"excerpt":{"rendered":"Pr\u00e8s de 5% de la population fran\u00e7aise n\u2019est aujourd\u2019hui pas couverte par une compl\u00e9mentaire sant\u00e9, dont les tarifs&hellip;\n","protected":false},"author":2,"featured_media":291519,"comment_status":"","ping_status":"","sticky":false,"template":"","format":"standard","meta":{"footnotes":""},"categories":[9619],"tags":[1111,11,1777,674,1011,27,12,882,25,71,2310,3366],"class_list":{"0":"post-291518","1":"post","2":"type-post","3":"status-publish","4":"format-standard","5":"has-post-thumbnail","7":"category-toulon","8":"tag-actu","9":"tag-actualites","10":"tag-eu","11":"tag-europe","12":"tag-fr","13":"tag-france","14":"tag-news","15":"tag-provence-alpes-cote-dazur","16":"tag-republique-francaise","17":"tag-sante","18":"tag-toulon","19":"tag-vie-locale"},"share_on_mastodon":{"url":"https:\/\/pubeurope.com\/@fr\/114959623481426302","error":""},"_links":{"self":[{"href":"https:\/\/www.europesays.com\/fr\/wp-json\/wp\/v2\/posts\/291518","targetHints":{"allow":["GET"]}}],"collection":[{"href":"https:\/\/www.europesays.com\/fr\/wp-json\/wp\/v2\/posts"}],"about":[{"href":"https:\/\/www.europesays.com\/fr\/wp-json\/wp\/v2\/types\/post"}],"author":[{"embeddable":true,"href":"https:\/\/www.europesays.com\/fr\/wp-json\/wp\/v2\/users\/2"}],"replies":[{"embeddable":true,"href":"https:\/\/www.europesays.com\/fr\/wp-json\/wp\/v2\/comments?post=291518"}],"version-history":[{"count":0,"href":"https:\/\/www.europesays.com\/fr\/wp-json\/wp\/v2\/posts\/291518\/revisions"}],"wp:featuredmedia":[{"embeddable":true,"href":"https:\/\/www.europesays.com\/fr\/wp-json\/wp\/v2\/media\/291519"}],"wp:attachment":[{"href":"https:\/\/www.europesays.com\/fr\/wp-json\/wp\/v2\/media?parent=291518"}],"wp:term":[{"taxonomy":"category","embeddable":true,"href":"https:\/\/www.europesays.com\/fr\/wp-json\/wp\/v2\/categories?post=291518"},{"taxonomy":"post_tag","embeddable":true,"href":"https:\/\/www.europesays.com\/fr\/wp-json\/wp\/v2\/tags?post=291518"}],"curies":[{"name":"wp","href":"https:\/\/api.w.org\/{rel}","templated":true}]}}