{"id":291526,"date":"2025-08-02T14:27:09","date_gmt":"2025-08-02T14:27:09","guid":{"rendered":"https:\/\/www.europesays.com\/fr\/291526\/"},"modified":"2025-08-02T14:27:09","modified_gmt":"2025-08-02T14:27:09","slug":"architectes-et-travailleurs-migrants-ensemble-pour-sauver-un-foyer","status":"publish","type":"post","link":"https:\/\/www.europesays.com\/fr\/291526\/","title":{"rendered":"Architectes et travailleurs migrants ensemble pour sauver un foyer"},"content":{"rendered":"<p>\u00ab\u00a0Pour moi le foyer c\u2019est la vie, et quand on t\u2019arrache la vie, qu\u2019est-ce qu\u2019il reste\u00a0?\u00a0\u00bb Dans la vaste cuisine du foyer de la rue Mo\u00efse \u00e0 Rouen, Mustapha Diop est intarissable quand il s\u2019agit d\u2019\u00e9voquer ce lieu qu\u2019il a connu d\u00e8s son arriv\u00e9e en France, en 2006. L\u2019homme \u00e9tait p\u00eacheur avant de faire la travers\u00e9e depuis la Mauritanie.<\/p>\n<p> <a href=\"https:\/\/basta.media\/IMG\/jpg\/durant_les_journe_es_du_patrimoine_2024_des_visites_guide_e_du_foyer_ont_e_te_organise_es_afin_de_le_visibiliser_2_.jpg\" class=\"spip_doc_lien mediabox\" type=\"image\/jpeg\" rel=\"portfolio-autolien nofollow noopener\" target=\"_blank\"><\/p>\n<p><img decoding=\"async\" loading=\"lazy\" onload=\"this.parentNode.className+=' loaded'\" src=\"https:\/\/www.europesays.com\/fr\/wp-content\/uploads\/2025\/08\/durant_les_journe_es_du_patrimoine_2024_des_visites_guide_e_du_foyer_ont_e_te_organise_es_afin_de_le.jpeg\" width=\"960\" height=\"641\" alt=\"Entr\u00e9e du foyer avec une affiche qui dit &quot;Foyer Mo\u00efse, patrimoine imm\u00e9moriel&quot;.\" aria-describedby=\"by20824-ab0ad135aa31917e759124fcdfbde14e\" class=\"adapt-img\"  \/><\/a><\/p>\n<p>Durant les journe\u0301es du patrimoine 2024, des visites guide\u0301e du foyer ont e\u0301te\u0301 organise\u0301es afin de le visibiliser.\n<\/p>\n<p>\u00a9\u00c9chelle inconnue\n<\/p>\n<p>\u00ab\u00a0Quand je suis arriv\u00e9 en Europe, j\u2019\u00e9tais perdu et lorsque je suis arriv\u00e9 dans ce foyer je me suis retrouv\u00e9. J\u2019ai appris tout ce que je devais apprendre pour m\u2019int\u00e9grer dans ce pays.\u00a0\u00bb Nous rencontrons Mustapha en d\u00e9but d\u2019apr\u00e8s-midi. Dans la cuisine du foyer, plusieurs personnes s\u2019affairent autour des fourneaux hors d\u2019\u00e2ge, dont seuls trois sur dix fonctionnent encore, pour pr\u00e9parer un repas collectif. Les crissements de l\u2019huile en train de frire et le choc des casseroles couvrent de temps \u00e0 autre les voix.<\/p>\n<p> <a href=\"https:\/\/basta.media\/IMG\/jpg\/depuis_le_hall_d_entre_e_un_escalier_donne_acce_s_a_la_mosque_e_ainsi_qu_a_des_douches.jpg\" class=\"spip_doc_lien mediabox\" type=\"image\/jpeg\" rel=\"portfolio-autolien nofollow noopener\" target=\"_blank\"><\/p>\n<p><img decoding=\"async\" loading=\"lazy\" onload=\"this.parentNode.className+=' loaded'\" src=\"https:\/\/www.europesays.com\/fr\/wp-content\/uploads\/2025\/08\/depuis_le_hall_d_entre_e_un_escalier_donne_acce_s_a_la_mosque_e_ainsi_qu_a_des_douches.jpg\" width=\"960\" height=\"679\" alt=\"Un homme en habit traditionnel au pied d'un escalier. \" aria-describedby=\"by20823-461082c8cae6b9a6be906aa6e09b89ee\" class=\"adapt-img\"  \/><\/a><\/p>\n<p>Depuis le hall d\u2019entre\u0301e, un escalier donne acce\u0300s a\u0300 la mosque\u0301e ainsi qu\u2019a\u0300 des douches.\n<\/p>\n<p>\u00a9\u00c9chelle inconnue\n<\/p>\n<p> <a href=\"https:\/\/basta.media\/IMG\/jpg\/a_l_instar_des_palliers_d_e_tages_le_foyer_moi_se_est_dote_de_vastes_espaces_communs.jpg\" class=\"spip_doc_lien mediabox\" type=\"image\/jpeg\" rel=\"portfolio-autolien nofollow noopener\" target=\"_blank\"><\/p>\n<p><img decoding=\"async\" loading=\"lazy\" onload=\"this.parentNode.className+=' loaded'\" src=\"https:\/\/www.europesays.com\/fr\/wp-content\/uploads\/2025\/08\/a_l_instar_des_palliers_d_e_tages_le_foyer_moi_se_est_dote_de_vastes_espaces_communs.jpg\" width=\"960\" height=\"643\" alt=\"Un homme entre deux cages d'escalier \" aria-describedby=\"by20815-0b88f166aa2bb89c061089d2661b31ed\" class=\"adapt-img\"  \/><\/a><\/p>\n<p>Le foyer Moi\u0308se est dote\u0301 de vastes espaces communs.\n<\/p>\n<p>\u00a9Gu\u00e9nol\u00e9 Carr\u00e9\n<\/p>\n<p>Construit en 1969 afin de loger des travailleurs s\u00e9n\u00e9galais et mauritaniens, le foyer Mo\u00efse n\u2019est pas au meilleur de sa forme. Il souffre depuis des ann\u00e9es d\u2019un grave manque d\u2019entretien. Pourtant, les entrem\u00ealements de coursives donnant sur de vastes salles communes vitr\u00e9es, fr\u00e9quent\u00e9es tant par les habitants que par des visiteurs de passage, indiquent d\u2019embl\u00e9e qu\u2019il ne s\u2019agit pas d\u2019un b\u00e2timent banal.<\/p>\n<p>\t\t\t<strong class=\"c-call--newsletter-title d-block mb-2 mb-lg-0\">Chez les ind\u00e9s<\/strong><\/p>\n<p>Gratuit, chaque vendredi<\/p>\n<p class=\"c-call--newsletter-text mb-2\">La revue de presse du journalisme engag\u00e9 : une s\u00e9lection d\u2019enqu\u00eates, de r\u00e9cits, et d\u2019alternatives parues dans la presse ind\u00e9pendante, directement dans votre bo\u00eete mail.<\/p>\n<p>Le foyer a \u00e9t\u00e9 pens\u00e9 d\u00e8s sa conception pour la vie collective, expliquent Souleymane Konat\u00e9, Djibril Soumar\u00e9 et Yann Mouton, de l\u2019association de d\u00e9fense des foyers de travailleurs migrants de la r\u00e9gion rouennaise, la Sofresom (Solidarit\u00e9 des r\u00e9sidents et sauvegarde des foyers de migrants).<\/p>\n<p> <a href=\"https:\/\/basta.media\/IMG\/jpg\/dossier_echelle_inconnue_-_foyer_moise_2024_07_15_glisse_e_s_.jpg\" class=\"spip_doc_lien mediabox\" type=\"image\/jpeg\" rel=\"portfolio-autolien nofollow noopener\" target=\"_blank\"><\/p>\n<p><img decoding=\"async\" loading=\"lazy\" onload=\"this.parentNode.className+=' loaded'\" src=\"https:\/\/www.europesays.com\/fr\/wp-content\/uploads\/2025\/08\/dossier_echelle_inconnue_-_foyer_moise_2024_07_15_glisse_e_s_.jpg\" width=\"960\" height=\"679\" alt=\"\" class=\"adapt-img\"  \/><\/a><\/p>\n<p>De larges baies vitr\u00e9es illuminent les paliers d\u2019\u00e9tage, qui accueillaient des commerces avant la mise en place d\u2019un nouveau r\u00e8glement int\u00e9rieur. Chaque \u00e9tage ouvre ainsi sur une vue panoramique de la ville en contrebas. Au m\u00eame moment d\u00e9ambulent outils \u00e0 la main deux employ\u00e9s travaillant pour Coallia, l\u2019association gestionnaire du foyer. Dans sa volont\u00e9 de vider les lieux, elle fait r\u00e9guli\u00e8rement condamner les portes des chambres inoccup\u00e9es afin d\u2019\u00e9viter les occupations ill\u00e9gales.<\/p>\n<p> <a href=\"https:\/\/basta.media\/IMG\/jpg\/depuis_le_bar_du_foyer_se_dessinent_la_salle_dite_de_condole_ances_devant_et_la_salle_de_re_union_a_droite_.jpg\" class=\"spip_doc_lien mediabox\" type=\"image\/jpeg\" rel=\"portfolio-autolien nofollow noopener\" target=\"_blank\"><\/p>\n<p><img decoding=\"async\" loading=\"lazy\" onload=\"this.parentNode.className+=' loaded'\" src=\"https:\/\/www.europesays.com\/fr\/wp-content\/uploads\/2025\/08\/depuis_le_bar_du_foyer_se_dessinent_la_salle_dite_de_condole_ances_devant_et_la_salle_de_re_union_a_.jpeg\" width=\"960\" height=\"679\" alt=\"Vue sur une salle collective depuis derri\u00e8re des portes vitr\u00e9es. \" aria-describedby=\"by20822-5f30c2abb32701613db64f73bdf2b973\" class=\"adapt-img\"  \/><\/a><\/p>\n<p>Depuis le bar du foyer se dessinent deux salles collectives.\n<\/p>\n<p>\u00a9\u00c9chelle inconnue\n<\/p>\n<p>Depuis 2019, Rouen habitat, propri\u00e9taire de l\u2019immeuble, projette sa destruction et son remplacement par une \u00ab\u00a0r\u00e9sidence sociale\u00a0\u00bb flambant neuve, mais sans cuisine et avec pour seul espace commun une unique salle polyvalente. \u00ab\u00a0Moi en deuxi\u00e8me ann\u00e9e de mes \u00e9tudes d\u2019architecture, je me faisais flinguer si je sortais un projet comme \u00e7a\u00a0\u00bb, d\u00e9nonce Stany Cambot, architecte fondateur du collectif d\u2019architectes et d\u2019artistes <a href=\"https:\/\/www.echelleinconnue.net\/accueil\/foyer-moise\/foyer-moise.html\" class=\"spip_out\" rel=\"external nofollow noopener\" target=\"_blank\">\u00c9chelle inconnue<\/a>.<\/p>\n<p>Fond\u00e9 en 1998, ce groupe se pose \u00e0 contre-courant de ce qu\u2019il nomme \u00ab\u00a0la ville du cadastre\u00a0\u00bb, un urbanisme d\u00e9sincarn\u00e9 qui exclut toute forme d\u2019habitat et de vie qu\u2019il juge non conforme. Depuis un an, \u00c9chelle inconnue accompagne dans leur lutte l\u2019association de d\u00e9fense des foyers de travailleurs migrants, en lui apportant son expertise technique.<\/p>\n<p> <a href=\"https:\/\/basta.media\/IMG\/jpg\/vue_de_la_salle_de_re_union.jpg\" class=\"spip_doc_lien mediabox\" type=\"image\/jpeg\" rel=\"portfolio-autolien nofollow noopener\" target=\"_blank\"><\/p>\n<p><img decoding=\"async\" loading=\"lazy\" onload=\"this.parentNode.className+=' loaded'\" src=\"https:\/\/www.europesays.com\/fr\/wp-content\/uploads\/2025\/08\/vue_de_la_salle_de_re_union.jpg\" width=\"960\" height=\"679\" alt=\"Un groupe d'homme assis vus \u00e0 travers une vitre. \" aria-describedby=\"by20826-1bb10d9d0f12b1488d6edddb567d9a4b\" class=\"adapt-img\"  \/><\/a><\/p>\n<p>Vue de la salle de re\u0301union.\n<\/p>\n<p>\u00a9\u00c9chelle inconnue\n<\/p>\n<p>Ensemble, les deux organisations souhaitent obtenir la r\u00e9habilitation du b\u00e2timent plut\u00f4t que sa destruction, ainsi que son classement par la direction r\u00e9gionale des affaires culturelles (Drac) comme exemple d\u2019\u00ab\u00a0architecture contemporaine remarquable\u00a0\u00bb. Le label est aujourd\u2019hui attribu\u00e9 <a href=\"https:\/\/data.culture.gouv.fr\/explore\/dataset\/liste-des-edifices-labellises-architecture-contemporaine-remarquable-acr\/map\/?location=2,18.54929,-3.12034\" class=\"spip_out\" rel=\"external nofollow noopener\" target=\"_blank\">\u00e0 plus de mille sites architecturaux<\/a> en France.<\/p>\n<p> <a href=\"https:\/\/basta.media\/IMG\/jpg\/bien_qu_en_mauvais_e_tat_les_habitants_restent_attache_s_a_leur_cuisine_collective.jpg\" class=\"spip_doc_lien mediabox\" type=\"image\/jpeg\" rel=\"portfolio-autolien nofollow noopener\" target=\"_blank\"><\/p>\n<p><img decoding=\"async\" loading=\"lazy\" onload=\"this.parentNode.className+=' loaded'\" src=\"https:\/\/www.europesays.com\/fr\/wp-content\/uploads\/2025\/08\/bien_qu_en_mauvais_e_tat_les_habitants_restent_attache_s_a_leur_cuisine_collective.jpg\" width=\"960\" height=\"643\" alt=\"De grosses casseroles sur des plaques dans une cuisine collective. \" aria-describedby=\"by20817-2dac676f0045a3fe3f3c77cf74e79dde\" class=\"adapt-img\"  \/><\/a><\/p>\n<p>Les habitants restent attache\u0301s a\u0300 leur cuisine collective, bien qu\u2019elle soit en mauvais \u00e9tat.\n<\/p>\n<p>\u00a9Gu\u00e9nol\u00e9 Carr\u00e9\n<\/p>\n<p> <a href=\"https:\/\/basta.media\/IMG\/jpg\/bien_qu_en_mauvais_e_tat_la_cuisines_collective_est_tre_s_utilise_e_par_les_habitants.jpg\" class=\"spip_doc_lien mediabox\" type=\"image\/jpeg\" rel=\"portfolio-autolien nofollow noopener\" target=\"_blank\"><\/p>\n<p><img decoding=\"async\" loading=\"lazy\" onload=\"this.parentNode.className+=' loaded'\" src=\"https:\/\/www.europesays.com\/fr\/wp-content\/uploads\/2025\/08\/bien_qu_en_mauvais_e_tat_la_cuisines_collective_est_tre_s_utilise_e_par_les_habitants.jpg\" width=\"960\" height=\"679\" alt=\"Des mains saissisent une casserole.\" aria-describedby=\"by20843-f8ac5940c1b003ee89249c7aeb6a4cd6\" class=\"adapt-img\"  \/><\/a><\/p>\n<p>\u00a9\u00c9chelle inconnue\n<\/p>\n<p>Il pourrait contribuer \u00e0 visibiliser le b\u00e2timent et convaincre les d\u00e9cideurs du bien-fond\u00e9 de sa r\u00e9novation, mais ce classement n\u2019impose aucune contrainte au propri\u00e9taire, qui est m\u00eame libre de le refuser. Pour Stany Cambot, un classement du foyer et une hypoth\u00e9tique r\u00e9novation ne doivent dans tous les cas pas se faire sans la reconnaissance de l\u2019exp\u00e9rience de vie de ses habitants, les deux \u00e9tant indissociables. \u00ab\u00a0Quand tu parles de patrimoine, tu parles de quelque chose de mort\u00a0\u00bb, r\u00e9sume-t-il.<\/p>\n<p>Pour le collectif d\u2019architectes, le b\u00e2timent est justement exceptionnel par les espaces de vie collective qu\u2019il propose. Ici, les parties communes n\u2019ont pas \u00e9t\u00e9 con\u00e7ues comme des espaces purement fonctionnels de circulation. Dans le foyer, le d\u00e9calage entre les paliers favorise les interactions sociales et les solidarit\u00e9s entre r\u00e9sidents du lieu.<\/p>\n<p> <a href=\"https:\/\/basta.media\/IMG\/jpg\/membres_de_la_soresfom_djibril_soumare_a_gauche_et_yann_mouton_au_centre_collaborent_avec_le_groupe_echelle_inconnue_dont_fait_partie_julie_davainne_a_droite_.jpg\" class=\"spip_doc_lien mediabox\" type=\"image\/jpeg\" rel=\"portfolio-autolien nofollow noopener\" target=\"_blank\"><\/p>\n<p><img decoding=\"async\" loading=\"lazy\" onload=\"this.parentNode.className+=' loaded'\" src=\"https:\/\/www.europesays.com\/fr\/wp-content\/uploads\/2025\/08\/membres_de_la_soresfom_djibril_soumare_a_gauche_et_yann_mouton_au_centre_collaborent_avec_le_groupe_.jpeg\" width=\"960\" height=\"643\" alt=\"Quatre personnes debout dans une pi\u00e8ce. \" aria-describedby=\"by20821-f715f4c538f10de69930c8c4da90c35c\" class=\"adapt-img\"  \/><\/a><\/p>\n<p>Djibril Soumare\u0301 (a\u0300 gauche) et Yann Mouton (au centre),de l\u2019Association de solidarit\u00e9 des r\u00e9sidents des foyers de migrants, travaillent pour sauver le foyer Mo\u00efse avec le collectif \u00c9chelle inconnue dont fait partie Julie Davainne (a\u0300 droite).\n<\/p>\n<p>\u00a9Gu\u00e9nol\u00e9 Carr\u00e9\n<\/p>\n<p>Le projet de destruction est aussi rejet\u00e9 en bloc par nombre d\u2019habitants du lieu, qui gardent tous \u00e0 l\u2019esprit le cas d\u2019un autre foyer de Rouen, de la rue Stanislas-Girardin, totalement reconstruit en 2015 et qui est d\u00e9sormais surnomm\u00e9 \u00ab\u00a0la prison\u00a0\u00bb. \u00ab\u00a0Les gens qui habitent ce b\u00e2timent aujourd\u2019hui n\u2019y habiteraient pas s\u2019ils avaient un autre moyen. Ils y sont comme dans une prison\u00a0\u00bb, commente Mustapha Diop. L\u2019unique salle commune du nouveau b\u00e2timent a \u00e9t\u00e9 ferm\u00e9e durant le Covid et n\u2019a jamais rouvert depuis.<\/p>\n<p>Dans le hall du foyer Mo\u00efse, la silhouette d\u2019un homme se dessine \u00e0 travers les portes vitr\u00e9es, qu\u2019il finit par pousser brusquement. \u00ab\u00a0J\u2019\u00e9tais dans mon bureau et on m\u2019a appel\u00e9 en me disant \u201cil y a un journaliste qui prend des photos\u201d\u00a0\u00bb, s\u2019\u00e9nerve-t-il. C\u2019est un responsable territorial de Coallia. Souleymane Konat\u00e9 lui indique que cette venue a \u00e9t\u00e9 valid\u00e9e par tous les d\u00e9l\u00e9gu\u00e9s du foyer. La r\u00e9ponse ne satisfait pas le gestionnaire\u00a0: \u00ab\u00a0Il y a un r\u00e8glement int\u00e9rieur. Et pour un journaliste, vous auriez d\u00fb demander l\u2019autorisation au propri\u00e9taire ou au gestionnaire\u00a0\u00bb, r\u00e9pond l\u2019homme.<\/p>\n<p>Face \u00e0 la discussion qui s\u2019\u00e9ternise, l\u2019un des r\u00e9sidents finit par r\u00e9torquer \u00e0 l\u2019agent\u00a0: \u00ab\u00a0Si tu connaissais vraiment ce foyer, tu saurais que c\u2019est un b\u00e2timent qui repr\u00e9sente la francophonie et l\u2019ind\u00e9pendance. Ce sont les pr\u00e9sidents s\u00e9n\u00e9galais et mauritaniens qui ont donn\u00e9 l\u2019ind\u00e9pendance \u00e0 leurs peuples qui ont d\u00e9cid\u00e9 pour la m\u00e9moire de la colonisation de fixer ce foyer ici.\u00a0\u00bb<\/p>\n<p> <a href=\"https:\/\/basta.media\/IMG\/jpg\/imam_du_foyer_monsieur_toure_y_re_side_depuis_1969.jpg\" class=\"spip_doc_lien mediabox\" type=\"image\/jpeg\" rel=\"portfolio-autolien nofollow noopener\" target=\"_blank\"><\/p>\n<p><img decoding=\"async\" loading=\"lazy\" onload=\"this.parentNode.className+=' loaded'\" src=\"https:\/\/www.europesays.com\/fr\/wp-content\/uploads\/2025\/08\/imam_du_foyer_monsieur_toure_y_re_side_depuis_1969.jpg\" width=\"960\" height=\"642\" alt=\"Un homme \u00e2g\u00e9 coiff\u00e9 d'un foulard blanc. \" aria-describedby=\"by20819-1d31d5c1cc78a5dc7b8dcae89c03148f\" class=\"adapt-img\"  \/><\/a><\/p>\n<p>L\u2019imam du foyer, monsieur Toure\u0301, y re\u0301side depuis 1969.\n<\/p>\n<p>\u00a9Gu\u00e9nol\u00e9 Carr\u00e9\n<\/p>\n<p> <a href=\"https:\/\/basta.media\/IMG\/jpg\/de_nombreux_ex-habitants_fre_quentent_toujours_le_foyer_notamment_a_l_occasion_de_la_grande_prie_re_du_vendredi.jpg\" class=\"spip_doc_lien mediabox\" type=\"image\/jpeg\" rel=\"portfolio-autolien nofollow noopener\" target=\"_blank\"><\/p>\n<p><img decoding=\"async\" loading=\"lazy\" onload=\"this.parentNode.className+=' loaded'\" src=\"https:\/\/www.europesays.com\/fr\/wp-content\/uploads\/2025\/08\/de_nombreux_ex-habitants_fre_quentent_toujours_le_foyer_notamment_a_l_occasion_de_la_grande_prie_re_.jpeg\" width=\"960\" height=\"642\" alt=\"Un veil homme est debout et deux homme assis devant lui. \" aria-describedby=\"by20818-fdac11c5a9e7a340ba1acffc9e1f13af\" class=\"adapt-img\"  \/><\/a><\/p>\n<p>De nombreux ex-habitants fre\u0301quentent toujours le foyer, notamment a\u0300 l\u2019occasion de la prie\u0300re du vendredi.\n<\/p>\n<p>\u00a9Gu\u00e9nol\u00e9 Carr\u00e9\n<\/p>\n<p>La construction du foyer Mo\u00efse dans les ann\u00e9es 1960 a en effet \u00e9t\u00e9 en partie financ\u00e9e par les gouvernements s\u00e9n\u00e9galais et mauritaniens. Son inauguration s\u2019\u00e9tait faite en pr\u00e9sence de Moktar Ould Daddah, pr\u00e9sident de la Mauritanie de l\u2019\u00e9poque. Apr\u00e8s une quinzaine, la discussion s\u2019essouffle tandis que l\u2019appel \u00e0 la pri\u00e8re se fait entendre \u00e0 travers les couloirs.<\/p>\n<p> <a href=\"https:\/\/basta.media\/IMG\/jpg\/vie.jpg\" class=\"spip_doc_lien mediabox\" type=\"image\/jpeg\" rel=\"portfolio-autolien nofollow noopener\" target=\"_blank\"><\/p>\n<p><img decoding=\"async\" loading=\"lazy\" onload=\"this.parentNode.className+=' loaded'\" src=\"https:\/\/www.europesays.com\/fr\/wp-content\/uploads\/2025\/08\/vie.jpg\" width=\"960\" height=\"641\" alt=\"Trois hommes discutent assis sur un banc \u00e0 l'ext\u00e9rieur.\" aria-describedby=\"by20825-f930e4ecc9777f104f9142f870e134cf\" class=\"adapt-img\"  \/><\/a><\/p>\n<p>\u00a9\u00c9chelle inconnue\n<\/p>\n<p>Chose quasi unique en France, le foyer Mo\u00efse dispose d\u2019une mosqu\u00e9e, pr\u00e9vue par l\u2019architecte du b\u00e2timent Robert G\u00e9nermont d\u00e8s la r\u00e9alisation des plans. Dans la vaste salle aux murs par\u00e9s de carreaux couleur jade, monsieur Tour\u00e9, anime la pri\u00e8re. Il est l\u2019imam du foyer o\u00f9 il r\u00e9side depuis son ouverture en 1969. Le vieil homme \u00e9voque l\u2019\u00e9poque o\u00f9 les loges en face de sa mosqu\u00e9e abritaient encore des ateliers de couture. Pour lui non plus, il n\u2019est pas question de voir l\u2019immeuble remplac\u00e9 par une r\u00e9sidence priv\u00e9e d\u2019espaces collectifs.<\/p>\n<p>\t<a class=\"stretched-link\" href=\"https:\/\/basta.media\/logements-insalubres-et-menaces-d-expulsion-le-combat-des-residents-des-foyers-de-travailleurs-migrants\" rel=\"nofollow noopener\" target=\"_blank\">Logements insalubres et menaces d\u2019expulsion\u00a0: le combat des r\u00e9sidents d\u2019un foyer de travailleurs migrants<\/a><\/p>\n<p>La municipalit\u00e9 de Rouen a d\u00e9j\u00e0 repouss\u00e9 \u00e0 deux reprises le vote de l\u2019arr\u00eat\u00e9 de d\u00e9molition du b\u00e2timent, dont une derni\u00e8re fois le 3\u00a0octobre dernier, alors que plusieurs dizaines de personnes, r\u00e9sidents et soutiens, s\u2019\u00e9taient rassembl\u00e9es devant l\u2019h\u00f4tel de ville.<\/p>\n<p> <a href=\"https:\/\/basta.media\/IMG\/jpg\/apre_s_deux_reports_en_2024_la_mairie_de_rouen_a_gele_le_vote_du_permis_de_de_molir.jpg\" class=\"spip_doc_lien mediabox\" type=\"image\/jpeg\" rel=\"portfolio-autolien nofollow noopener\" target=\"_blank\"><\/p>\n<p><img decoding=\"async\" loading=\"lazy\" onload=\"this.parentNode.className+=' loaded'\" src=\"https:\/\/www.europesays.com\/fr\/wp-content\/uploads\/2025\/08\/apre_s_deux_reports_en_2024_la_mairie_de_rouen_a_gele_le_vote_du_permis_de_de_molir.jpg\" width=\"960\" height=\"643\" alt=\"Vue du b\u00e2timent de l'ext\u00e9rieur\" aria-describedby=\"by20816-03000ede2e33b7510edd2e0bb4813844\" class=\"adapt-img\"  \/><\/a><\/p>\n<p>Apre\u0300s deux reports en 2024, la mairie de Rouen a gele\u0301 le vote du permis de de\u0301molir.\n<\/p>\n<p>\u00a9Gu\u00e9nol\u00e9 Carr\u00e9\n<\/p>\n<p>Devant les manifestants re\u00e7us en ouverture du conseil municipal, Nicolas Mayer-Rossignol, maire PS de Rouen, avait alors justifi\u00e9 cette suspension du vote par sa volont\u00e9 de \u00ab\u00a0peser le pour et le contre\u00a0\u00bb avant de prendre toute d\u00e9cision.<\/p>\n<p>Le 14\u00a0novembre, Coallia a proc\u00e9d\u00e9 \u00e0 la fermeture de tout le second \u00e9tage d\u2019une des deux ailes du foyer, une op\u00e9ration in\u00e9dite. \u00ab\u00a0C\u2019est hautement symbolique\u00a0\u00bb, d\u00e9nonce Stany Cambot qui pr\u00e9cise que le dernier habitant de l\u2019\u00e9tage a, apr\u00e8s des demandes du gestionnaire, accept\u00e9 de d\u00e9m\u00e9nager \u00e0 un autre palier. \u00ab\u00a0C\u2019est un peu l\u2019obsession de Coallia\u00a0: rassembler tous les gens restants sur quelques \u00e9tages, fermer les espaces au fur et \u00e0 mesure et donc, rendre l\u2019endroit de plus en plus inhabitable\u00a0\u00bb, analyse l\u2019architecte.<\/p>\n<p>Gu\u00e9nol\u00e9 Carr\u00e9<\/p>\n<p>Photo de une\u00a0: pense\u0301s comme des places de villages, les vastes paliers servent encore de lieu de rassemblement. \/\u00a9\u00c9chelle inconnue<\/p>\n","protected":false},"excerpt":{"rendered":"\u00ab\u00a0Pour moi le foyer c\u2019est la vie, et quand on t\u2019arrache la vie, qu\u2019est-ce qu\u2019il reste\u00a0?\u00a0\u00bb Dans la&hellip;\n","protected":false},"author":2,"featured_media":291527,"comment_status":"","ping_status":"","sticky":false,"template":"","format":"standard","meta":{"footnotes":""},"categories":[9587],"tags":[1111,11,1777,674,1011,27,12,5161,25,9590],"class_list":{"0":"post-291526","1":"post","2":"type-post","3":"status-publish","4":"format-standard","5":"has-post-thumbnail","7":"category-rouen","8":"tag-actu","9":"tag-actualites","10":"tag-eu","11":"tag-europe","12":"tag-fr","13":"tag-france","14":"tag-news","15":"tag-normandie","16":"tag-republique-francaise","17":"tag-rouen"},"share_on_mastodon":{"url":"https:\/\/pubeurope.com\/@fr\/114959643334009866","error":""},"_links":{"self":[{"href":"https:\/\/www.europesays.com\/fr\/wp-json\/wp\/v2\/posts\/291526","targetHints":{"allow":["GET"]}}],"collection":[{"href":"https:\/\/www.europesays.com\/fr\/wp-json\/wp\/v2\/posts"}],"about":[{"href":"https:\/\/www.europesays.com\/fr\/wp-json\/wp\/v2\/types\/post"}],"author":[{"embeddable":true,"href":"https:\/\/www.europesays.com\/fr\/wp-json\/wp\/v2\/users\/2"}],"replies":[{"embeddable":true,"href":"https:\/\/www.europesays.com\/fr\/wp-json\/wp\/v2\/comments?post=291526"}],"version-history":[{"count":0,"href":"https:\/\/www.europesays.com\/fr\/wp-json\/wp\/v2\/posts\/291526\/revisions"}],"wp:featuredmedia":[{"embeddable":true,"href":"https:\/\/www.europesays.com\/fr\/wp-json\/wp\/v2\/media\/291527"}],"wp:attachment":[{"href":"https:\/\/www.europesays.com\/fr\/wp-json\/wp\/v2\/media?parent=291526"}],"wp:term":[{"taxonomy":"category","embeddable":true,"href":"https:\/\/www.europesays.com\/fr\/wp-json\/wp\/v2\/categories?post=291526"},{"taxonomy":"post_tag","embeddable":true,"href":"https:\/\/www.europesays.com\/fr\/wp-json\/wp\/v2\/tags?post=291526"}],"curies":[{"name":"wp","href":"https:\/\/api.w.org\/{rel}","templated":true}]}}