{"id":291528,"date":"2025-08-02T14:28:12","date_gmt":"2025-08-02T14:28:12","guid":{"rendered":"https:\/\/www.europesays.com\/fr\/291528\/"},"modified":"2025-08-02T14:28:12","modified_gmt":"2025-08-02T14:28:12","slug":"salon-du-camping-car-de-rouen-hangar-23-du-18-au-21-septembre-2025","status":"publish","type":"post","link":"https:\/\/www.europesays.com\/fr\/291528\/","title":{"rendered":"Salon du camping-car de Rouen &#8211; Hangar 23 du 18 au 21 septembre 2025"},"content":{"rendered":"<p>  Du 18 sept. 2025 au 21 sept. 2025 <\/p>\n<ul>\n<li class=\"activ current\">    <img loading=\"lazy\" decoding=\"async\" src=\"https:\/\/www.europesays.com\/fr\/wp-content\/uploads\/2025\/08\/salon-du-camping-car-de-rouen-hangar-23-du-18-au-21-septembre-2025.jpg\" alt=\"\" width=\"680\" height=\"453\"\/>\n<p>  Salon du Camping-car de Rouen &#8211; Hangar 23 du 18 au 21 septembre 2025 <\/p>\n<\/li>\n<\/ul>\n<p>Retrouvez la 7\u00e8me \u00e9dition du <a title=\"Salon du Camping-car au Hangar 23\" href=\"https:\/\/www.facebook.com\/p\/A3CSM-100043338566397\/?locale=fr_FR\" target=\"_blank\" rel=\"nofollow noopener\">Salon du Camping-car au Hangar 23<\/a> \u00e0 Rouen du 18 au 21 septembre 2025 organis\u00e9 par l&rsquo;<a href=\"https:\/\/www.facebook.com\/p\/A3CSM-100043338566397\/?locale=fr_FR\" target=\"_blank\" rel=\"nofollow noopener\">A3CSM<\/a>.<\/p>\n<p>\u00a0<\/p>\n<p>Exposition de 200 v\u00e9hicules : D\u00e9couvrez une large s\u00e9lection de camping-cars, avec des mod\u00e8les r\u00e9cents et d&rsquo;occasion, adapt\u00e9s \u00e0 tous les budgets et \u00e0 tous les besoins.<\/p>\n<p>Cet \u00e9v\u00e9nement est une occasion unique de rencontrer des professionnels du secteur, d&rsquo;obtenir des conseils personnalis\u00e9s et de comparer diff\u00e9rents mod\u00e8les de camping-cars en un seul lieu. Que vous soyez un passionn\u00e9 de camping-car ou simplement curieux, le Salon du Camping-car de Rouen est l&rsquo;endroit id\u00e9al pour d\u00e9couvrir les derni\u00e8res nouveaut\u00e9s et tendances.<\/p>\n<p>\u00a0<\/p>\n<ul>\n<li>Restauration sur place : Des services de restauration seront disponibles pour rendre votre visite encore plus agr\u00e9able.<\/li>\n<li>Dates et Horaires : Du 18 au 21 septembre 2025 de 10h00 \u00e0 19h00<\/li>\n<li>Lieu : Hangar 23, 13 Boulevard Emile Duchemin, 76000 Rouen<\/li>\n<li>Entr\u00e9e : Gratuite<\/li>\n<\/ul>\n<p>Pour plus d&rsquo;information, cliquez <a title=\"ICI\" href=\"https:\/\/www.facebook.com\/p\/A3CSM-100043338566397\/?locale=fr_FR\" target=\"_blank\" rel=\"nofollow noopener\">ICI<\/a><\/p>\n","protected":false},"excerpt":{"rendered":"Du 18 sept. 2025 au 21 sept. 2025 Salon du Camping-car de Rouen &#8211; Hangar 23 du 18&hellip;\n","protected":false},"author":2,"featured_media":291529,"comment_status":"","ping_status":"","sticky":false,"template":"","format":"standard","meta":{"footnotes":""},"categories":[9587],"tags":[1111,11,1777,674,1011,27,12,5161,25,9590],"class_list":{"0":"post-291528","1":"post","2":"type-post","3":"status-publish","4":"format-standard","5":"has-post-thumbnail","7":"category-rouen","8":"tag-actu","9":"tag-actualites","10":"tag-eu","11":"tag-europe","12":"tag-fr","13":"tag-france","14":"tag-news","15":"tag-normandie","16":"tag-republique-francaise","17":"tag-rouen"},"share_on_mastodon":{"url":"https:\/\/pubeurope.com\/@fr\/114959646972911706","error":""},"_links":{"self":[{"href":"https:\/\/www.europesays.com\/fr\/wp-json\/wp\/v2\/posts\/291528","targetHints":{"allow":["GET"]}}],"collection":[{"href":"https:\/\/www.europesays.com\/fr\/wp-json\/wp\/v2\/posts"}],"about":[{"href":"https:\/\/www.europesays.com\/fr\/wp-json\/wp\/v2\/types\/post"}],"author":[{"embeddable":true,"href":"https:\/\/www.europesays.com\/fr\/wp-json\/wp\/v2\/users\/2"}],"replies":[{"embeddable":true,"href":"https:\/\/www.europesays.com\/fr\/wp-json\/wp\/v2\/comments?post=291528"}],"version-history":[{"count":0,"href":"https:\/\/www.europesays.com\/fr\/wp-json\/wp\/v2\/posts\/291528\/revisions"}],"wp:featuredmedia":[{"embeddable":true,"href":"https:\/\/www.europesays.com\/fr\/wp-json\/wp\/v2\/media\/291529"}],"wp:attachment":[{"href":"https:\/\/www.europesays.com\/fr\/wp-json\/wp\/v2\/media?parent=291528"}],"wp:term":[{"taxonomy":"category","embeddable":true,"href":"https:\/\/www.europesays.com\/fr\/wp-json\/wp\/v2\/categories?post=291528"},{"taxonomy":"post_tag","embeddable":true,"href":"https:\/\/www.europesays.com\/fr\/wp-json\/wp\/v2\/tags?post=291528"}],"curies":[{"name":"wp","href":"https:\/\/api.w.org\/{rel}","templated":true}]}}