{"id":291532,"date":"2025-08-02T14:30:16","date_gmt":"2025-08-02T14:30:16","guid":{"rendered":"https:\/\/www.europesays.com\/fr\/291532\/"},"modified":"2025-08-02T14:30:16","modified_gmt":"2025-08-02T14:30:16","slug":"grenoble-le-maire-eric-piolle-veut-remplacer-les-ghettos-de-riches-par-des-logements-sociaux-et-fait-scandale","status":"publish","type":"post","link":"https:\/\/www.europesays.com\/fr\/291532\/","title":{"rendered":"Grenoble : le maire \u00c9ric Piolle veut remplacer \u00ab les ghettos de riches \u00bb par des logements sociaux et fait scandale"},"content":{"rendered":"<p class=\"p1\">Dans un entretien accord\u00e9 au <a href=\"https:\/\/www.ledauphine.com\/politique\/2025\/07\/31\/isere-grenoble-eric-piolle-nous-cherchons-a-casser-les-ghettos-les-ghettos-de-riches-surtout\" target=\"_blank\" rel=\"nofollow noopener\">Dauphin\u00e9 Lib\u00e9r\u00e9<\/a> le jeudi 31 juillet, le maire de <a href=\"https:\/\/www.valeursactuelles.com\/societe\/grenoble-pourquoi-lhomme-blanc-se-prend-il-toujours-pour-le-maitre-du-monde-une-piece-de-theatre-fait-scandale\" target=\"_blank\" rel=\"noopener nofollow\">Grenoble<\/a>, <a href=\"https:\/\/www.valeursactuelles.com\/politique\/insecurite-a-grenoble-je-men-fous-les-propos-du-maire-eric-piolle-font-scandale\" target=\"_blank\" rel=\"noopener nofollow\">\u00c9ric Piolle<\/a>, a d\u00e9fendu sa politique de mixit\u00e9 sociale. Film\u00e9 dans le quartier populaire de La Villeneuve, en pleine r\u00e9novation urbaine, l\u2019\u00e9dile explique que la priorit\u00e9 est de r\u00e9\u00e9quilibrer la r\u00e9partition du logement social dans la ville.<\/p>\n<p><a href=\"https:\/\/www.valeursactuelles.com\/clubvaleurs\/politique\/grenoble-est-au-bord-du-gouffre-il-faut-reprendre-la-main-estime-alain-carignon\" class=\"h-flex h-align-items-center h-border-tb h-ptb-15\" rel=\"nofollow noopener\" target=\"_blank\">A\u00a0LIRE\u00a0\u00ab\u00a0Grenoble est au bord du gouffre, il faut reprendre la main\u00a0\u00bb, estime Alain Carignon<\/a><\/p>\n<p>Retrouvez-nous sur :<\/p>\n<blockquote class=\"wp-embedded-content\" data-secret=\"umdLGpl6gc\">\n<p><a href=\"https:\/\/www.valeursactuelles.com\/\" rel=\"nofollow noopener\" target=\"_blank\">Accueil<\/a><\/p>\n<\/blockquote>\n<p>\u2013 Facebook :<\/p>\n<p>https:\/\/www.facebook.com\/valeursactuelles.page<br \/>\u00ab\u00a0&gt;<\/p>\n<p>\u00a0<\/p>\n<p class=\"p1\">\u00ab\u202fCe que nous cherchons \u00e0 faire, c\u2019est casser les ghettos, mais surtout les ghettos de riches\u202f\u00bb, a-t-il d\u00e9clar\u00e9, estimant que \u00ab\u202fle probl\u00e8me de Grenoble n\u2019est pas la diversit\u00e9 extraordinaire qu\u2019il y a ici\u202f\u00bb, mais plut\u00f4t \u00ab\u202fdes espaces o\u00f9 il n\u2019y a pas de logements sociaux\u202f\u00bb.<\/p>\n<p>L\u2019opposition d\u00e9nonce des propos \u00ab\u202find\u00e9cents\u202f\u00bb<b\/><\/p>\n<p class=\"p1\">L\u2019ancien maire de la ville et candidat aux \u00e9lections municipales de 2026, Alain Carignon, a vivement r\u00e9agi. Dans les colonnes du Dauphin\u00e9, il d\u00e9nonce des propos \u00ab\u202find\u00e9cents\u202f\u00bb, soulignant que le quartier de La Villeneuve, que Piolle \u00e9rige en exemple, est aujourd\u2019hui marqu\u00e9 par \u00ab\u202f<a href=\"https:\/\/www.valeursactuelles.com\/regions\/auvergne-rhone-alpes\/isere\/grenoble\/societe\/grenoble-la-police-transmet-des-prospectus-avec-un-qr-code-afin-de-denoncer-les-dealers-de-facon-anonyme\" target=\"_blank\" rel=\"noopener nofollow\">un climat anxiog\u00e8ne<\/a>\u202f\u00bb, fait \u00ab\u202fd\u2019affrontements quotidiens entre jeunes d\u00e9s\u0153uvr\u00e9s et forces de l\u2019ordre\u202f\u00bb.<\/p>\n<p class=\"p1\">Sur les r\u00e9seaux sociaux, les critiques ont rapidement afflu\u00e9. L\u2019eurod\u00e9put\u00e9 RN Aleksandar Nikolic s\u2019est indign\u00e9\u202f: \u00ab\u202fLa gauche ne veut pas \u00e9lever les quartiers difficiles\u2026 mais que tout le monde profite des trafics, des fusillades et des m\u00eames probl\u00e8mes\u202f\u00bb.<\/p>\n","protected":false},"excerpt":{"rendered":"Dans un entretien accord\u00e9 au Dauphin\u00e9 Lib\u00e9r\u00e9 le jeudi 31 juillet, le maire de Grenoble, \u00c9ric Piolle, a&hellip;\n","protected":false},"author":2,"featured_media":291533,"comment_status":"","ping_status":"","sticky":false,"template":"","format":"standard","meta":{"footnotes":""},"categories":[9566],"tags":[1111,11,2430,9607,1777,674,1011,27,2731,31649,1908,12,25,23347],"class_list":{"0":"post-291532","1":"post","2":"type-post","3":"status-publish","4":"format-standard","5":"has-post-thumbnail","7":"category-grenoble","8":"tag-actu","9":"tag-actualites","10":"tag-auvergne-rhone-alpes","11":"tag-eric-piolle","12":"tag-eu","13":"tag-europe","14":"tag-fr","15":"tag-france","16":"tag-grenoble","17":"tag-hlm","18":"tag-logement","19":"tag-news","20":"tag-republique-francaise","21":"tag-vivre-ensemble"},"share_on_mastodon":{"url":"https:\/\/pubeurope.com\/@fr\/114959654846661970","error":""},"_links":{"self":[{"href":"https:\/\/www.europesays.com\/fr\/wp-json\/wp\/v2\/posts\/291532","targetHints":{"allow":["GET"]}}],"collection":[{"href":"https:\/\/www.europesays.com\/fr\/wp-json\/wp\/v2\/posts"}],"about":[{"href":"https:\/\/www.europesays.com\/fr\/wp-json\/wp\/v2\/types\/post"}],"author":[{"embeddable":true,"href":"https:\/\/www.europesays.com\/fr\/wp-json\/wp\/v2\/users\/2"}],"replies":[{"embeddable":true,"href":"https:\/\/www.europesays.com\/fr\/wp-json\/wp\/v2\/comments?post=291532"}],"version-history":[{"count":0,"href":"https:\/\/www.europesays.com\/fr\/wp-json\/wp\/v2\/posts\/291532\/revisions"}],"wp:featuredmedia":[{"embeddable":true,"href":"https:\/\/www.europesays.com\/fr\/wp-json\/wp\/v2\/media\/291533"}],"wp:attachment":[{"href":"https:\/\/www.europesays.com\/fr\/wp-json\/wp\/v2\/media?parent=291532"}],"wp:term":[{"taxonomy":"category","embeddable":true,"href":"https:\/\/www.europesays.com\/fr\/wp-json\/wp\/v2\/categories?post=291532"},{"taxonomy":"post_tag","embeddable":true,"href":"https:\/\/www.europesays.com\/fr\/wp-json\/wp\/v2\/tags?post=291532"}],"curies":[{"name":"wp","href":"https:\/\/api.w.org\/{rel}","templated":true}]}}