{"id":291538,"date":"2025-08-02T14:33:12","date_gmt":"2025-08-02T14:33:12","guid":{"rendered":"https:\/\/www.europesays.com\/fr\/291538\/"},"modified":"2025-08-02T14:33:12","modified_gmt":"2025-08-02T14:33:12","slug":"strasbourg-neuf-rendez-vous-pour-redecouvrir-la-cathedrale","status":"publish","type":"post","link":"https:\/\/www.europesays.com\/fr\/291538\/","title":{"rendered":"Strasbourg. Neuf rendez-vous pour (re)d\u00e9couvrir la cath\u00e9drale"},"content":{"rendered":"<p>La Soci\u00e9t\u00e9 des Amis de la <a href=\"https:\/\/www.dna.fr\/p\/cathedrale-de-strasbourg\" target=\"_blank\" rel=\"nofollow noopener\">cath\u00e9drale de Strasbourg<\/a> proposera \u00e0 ses adh\u00e9rents un programme riche par son \u00e9clectisme. <a href=\"https:\/\/www.dna.fr\/culture-loisirs\/2025\/04\/15\/un-temps-fort-en-septembre-pour-celebrer-les-750-ans-de-la-nef-de-la-cathedrale\" target=\"_blank\" rel=\"nofollow noopener\">Le 19\u00a0septembre, elle f\u00eatera avec \u00e9clat les 750 ans d\u2019ach\u00e8vement de la nef<\/a> , par une manifestation qui associera texte, musique, chants et projection d\u2019images. Elle innovera en consacrant plusieurs visites \u00e0 l\u2019iconographie v\u00e9g\u00e9tale de l\u2019\u00e9difice et en ouvrant des lieux habituellement ferm\u00e9s au public\u00a0: la crypte et surtout le ch\u0153ur que ses membres verront de tr\u00e8s pr\u00e8s, en montant m\u00eame dans la galerie pour mieux y admirer les peintures de style byzantin.<\/p>\n<p>  Trois sorties pr\u00e9vues<\/p>\n<p>La Soci\u00e9t\u00e9 s\u2019int\u00e9ressera aussi \u00e0 Strasbourg. Seront visit\u00e9s le Foyer de l\u2019\u00e9tudiant catholique (FEC), la biblioth\u00e8que du grand s\u00e9minaire et trois \u00e9glises protestantes (Saint-Pierre-le-Jeune, Saint-Thomas et Saint-Paul). Une place particuli\u00e8re sera accord\u00e9e \u00e0 la salle de l\u2019Aubette, au jardin botanique (en rapport avec la flore sculpt\u00e9e de la cath\u00e9drale) tout comme \u00e0 l\u2019exposition portant sur <a href=\"https:\/\/www.dna.fr\/magazine-tourisme-et-patrimoine\/2025\/05\/25\/une-exposition-et-le-nouveau-numero-des-saisons-d-alsace-consacres-a-la-guerre-des-paysans\" target=\"_blank\" rel=\"nofollow noopener\">la guerre des paysans aux Archives d\u2019Alsace<\/a>.<\/p>\n<p>\u00c0 cela s\u2019ajoutent trois sorties\u00a0: le sud du pays de Bade, les \u00e9glises romanes du nord de l\u2019Alsace et un voyage culturel dans la r\u00e9gion de Bourges et V\u00e9zelay. Une sortie d\u2019un jour \u00e0 Paris est \u00e0 l\u2019\u00e9tude. Par ailleurs, les Amis de la cath\u00e9drale continuent leur partenariat avec <a href=\"https:\/\/www.dna.fr\/culture-loisirs\/2024\/02\/28\/un-site-internet-depoussiere-pour-la-fondation-de-l-oeuvre-notre-dame\" target=\"_blank\" rel=\"nofollow noopener\">la Fondation de l\u2019\u0152uvre Notre-Dame<\/a> pour leurs neuf conf\u00e9rences, dont l\u2019une en allemand.<\/p>\n<p>  Des sp\u00e9cialistes de renom mobilis\u00e9s<\/p>\n<p>Elles s\u2019int\u00e9resseront tant \u00e0 l\u2019\u00e9difice sous diff\u00e9rents aspects qu\u2019aux hommes qui l\u2019ont desservie, tel l\u2019\u00e9v\u00eaque Saurine qui v\u00e9cut les troubles de la R\u00e9volution. Fondation et Amis ont r\u00e9ussi \u00e0 s\u2019assurer la participation de sp\u00e9cialistes de renom. L\u2019universitaire suisse Laurence Terrier-Aliferis approchera l\u2019\u00c9glise et la Synagogue sous l\u2019angle in\u00e9dit de l\u2019Antiquit\u00e9. Surtout, ils annoncent la venue de Michel Pastoureau, sp\u00e9cialiste fran\u00e7ais \u00e0 la r\u00e9putation solidement \u00e9tablie par ses nombreux livres\u00a0: il parlera des couleurs dans les \u00e9glises et les cath\u00e9drales, des origines \u00e0 la R\u00e9forme. Gageons que ce seront autant de francs succ\u00e8s.<\/p>\n<p>Toutes ces conf\u00e9rences sont gratuites et ouvertes au public. Elles se d\u00e9roulent le mercredi \u00e0 18\u00a0h au premier \u00e9tage du M\u00fcnsterhof, 9 rue des Juifs.<\/p>\n<p><strong> \u25b6 \u2002 17\u00a0septembre\u00a0: <\/strong> Marc Schurr, la tour de la cath\u00e9drale de Strasbourg\u00a0: la 8e merveille\u00a0?<br \/><strong>\u25b6 \u2002 15\u00a0octobre\u00a0:<\/strong> Ad\u00e8le Cormier et Cl\u00e9a Merucci, monuments scientifiques\u00a0: la Cath\u00e9drale de Strasbourg en symbiose avec la recherche<br \/><strong>\u25b6 \u2002 12\u00a0novembre\u00a0:<\/strong> Michel Pastoureau, Les couleurs dans les \u00e9glises, depuis les origines jusqu\u2019\u00e0 la R\u00e9forme<br \/><strong>\u25b6 \u2002 3\u00a0d\u00e9cembre\u00a0: <\/strong> Julien Louis, La sculpture fun\u00e9raire m\u00e9di\u00e9vale dans la cath\u00e9drale<br \/><strong>\u25b6 \u2002 21\u00a0janvier 2026\u00a0: <\/strong> Laurence Terrier-Aliferis, L\u2019\u00c9glise et la Synagogue du portail de Strasbourg\u00a0: au plus pr\u00e8s de l\u2019Antiquit\u00e9<br \/><strong>\u25b6 \u2002 11\u00a0f\u00e9vrier 2026\u00a0:<\/strong> Michael Burger, Die Narratologie der S\u00fcdseitenschifffenster im Stra\u00dfburger M\u00fcnster [La narratologie des vitraux du bas-c\u00f4t\u00e9 sud de la cath\u00e9drale de Strasbourg]<br \/><strong>\u25b6 \u2002 18\u00a0mars 2026\u00a0:<\/strong> conf\u00e9rence tripartite<br \/><strong>\u25b6 \u2002 8\u00a0avril 2026\u00a0:<\/strong> Fran\u00e7ois Muller, Les tympans occidentaux de la cath\u00e9drale, une bible de pierre\u00a0: points de vue chronologiques et religieux<br \/><strong>\u25b6 \u2002 29\u00a0avril 2026\u00a0: <\/strong> assembl\u00e9e g\u00e9n\u00e9rale<br \/><strong>\u25b6 \u2002 20\u00a0mai 2026\u00a0:<\/strong> Claude Muller, l\u2019\u00e9v\u00eaque Saurine.<\/p>\n","protected":false},"excerpt":{"rendered":"La Soci\u00e9t\u00e9 des Amis de la cath\u00e9drale de Strasbourg proposera \u00e0 ses adh\u00e9rents un programme riche par son&hellip;\n","protected":false},"author":2,"featured_media":291539,"comment_status":"","ping_status":"","sticky":false,"template":"","format":"standard","meta":{"footnotes":""},"categories":[2820],"tags":[1111,11,1687,2880,1777,674,107,1011,27,775,12,2661,25,640,2879],"class_list":{"0":"post-291538","1":"post","2":"type-post","3":"status-publish","4":"format-standard","5":"has-post-thumbnail","7":"category-strasbourg","8":"tag-actu","9":"tag-actualites","10":"tag-culture-loisirs","11":"tag-edition-strasbourg","12":"tag-eu","13":"tag-europe","14":"tag-fil-info","15":"tag-fr","16":"tag-france","17":"tag-grand-est","18":"tag-news","19":"tag-patrimoine-culturel","20":"tag-republique-francaise","21":"tag-strasbourg","22":"tag-strasbourg-ville"},"share_on_mastodon":{"url":"https:\/\/pubeurope.com\/@fr\/114959666687572344","error":""},"_links":{"self":[{"href":"https:\/\/www.europesays.com\/fr\/wp-json\/wp\/v2\/posts\/291538","targetHints":{"allow":["GET"]}}],"collection":[{"href":"https:\/\/www.europesays.com\/fr\/wp-json\/wp\/v2\/posts"}],"about":[{"href":"https:\/\/www.europesays.com\/fr\/wp-json\/wp\/v2\/types\/post"}],"author":[{"embeddable":true,"href":"https:\/\/www.europesays.com\/fr\/wp-json\/wp\/v2\/users\/2"}],"replies":[{"embeddable":true,"href":"https:\/\/www.europesays.com\/fr\/wp-json\/wp\/v2\/comments?post=291538"}],"version-history":[{"count":0,"href":"https:\/\/www.europesays.com\/fr\/wp-json\/wp\/v2\/posts\/291538\/revisions"}],"wp:featuredmedia":[{"embeddable":true,"href":"https:\/\/www.europesays.com\/fr\/wp-json\/wp\/v2\/media\/291539"}],"wp:attachment":[{"href":"https:\/\/www.europesays.com\/fr\/wp-json\/wp\/v2\/media?parent=291538"}],"wp:term":[{"taxonomy":"category","embeddable":true,"href":"https:\/\/www.europesays.com\/fr\/wp-json\/wp\/v2\/categories?post=291538"},{"taxonomy":"post_tag","embeddable":true,"href":"https:\/\/www.europesays.com\/fr\/wp-json\/wp\/v2\/tags?post=291538"}],"curies":[{"name":"wp","href":"https:\/\/api.w.org\/{rel}","templated":true}]}}