{"id":291545,"date":"2025-08-02T14:37:18","date_gmt":"2025-08-02T14:37:18","guid":{"rendered":"https:\/\/www.europesays.com\/fr\/291545\/"},"modified":"2025-08-02T14:37:18","modified_gmt":"2025-08-02T14:37:18","slug":"la-turballe-la-residence-grand-voile-inauguree","status":"publish","type":"post","link":"https:\/\/www.europesays.com\/fr\/291545\/","title":{"rendered":"La Turballe. La R\u00e9sidence Grand Voile inaugur\u00e9e"},"content":{"rendered":"<p>Mercredi 23\u00a0juillet, le maire, Didier Cadro, en pr\u00e9sence d\u2019\u00e9lus, des principaux acteurs de la r\u00e9alisation de cet ensemble immobilier et des premiers habitants, inaugurait la r\u00e9sidence Grand Voile, rue du docteur Gouret.<\/p>\n<p>\u00ab\u00a0C\u2019est la premi\u00e8re op\u00e9ration de mixit\u00e9 sociale compl\u00e8te\u00a0\u00bb, d\u00e9clare-t-il avec fiert\u00e9. \u00ab\u00a0Il y a de l\u2019accession libre \u00e0 la propri\u00e9t\u00e9, de l\u2019accession aid\u00e9e avec le bail r\u00e9el solidaire et des logements locatifs sociaux. C\u2019est une belle initiative qui est qui est le fruit de la r\u00e9flexion profonde des \u00e9lus pour permettre l\u2019acc\u00e8s aux logements de nos concitoyens turballais\u00a0\u00bb. Sur cette parcelle o\u00f9 il y avait une maison, il y a maintenant un joli b\u00e2timent de 29\u00a0logements lumineux du T2 au T4.19 en accession libre, trois en bail r\u00e9el solidaire et sept\u00a0logements locatifs sociaux. La proximit\u00e9 des plages et des commerces a s\u00e9duit plusieurs des acqu\u00e9reurs ainsi que son cadre bucolique en lisi\u00e8re du bois. Le groupe CISN a port\u00e9 l\u2019op\u00e9ration pour un co\u00fbt global de 6\u00a0390\u00a0000\u00a0\u20ac et 736\u00a0794\u00a0\u20ac pour les logements locatifs sociaux.<\/p>\n<p>Luc Dupas, son Pr\u00e9sident est fier \u00e0 la fois de la r\u00e9alisation de mixit\u00e9 de l\u2019acc\u00e8s aux logements mais aussi de l\u2019architecture port\u00e9e par Quadra et aussi de la rapidit\u00e9 de l\u2019op\u00e9ration\u00a0: \u00ab\u00a0lancement en juillet\u00a02023, livraison, juillet\u00a02025\u00a0!\u00a0\u00bb.<\/p>\n<p>Il insiste aussi sur l\u2019originalit\u00e9 de l\u2019acquisition avec un bail r\u00e9el solidaire\u00a0: \u00ab\u00a0C\u2019est un dispositif innovant qui permet de baisser les prix du logement gr\u00e2ce \u00e0 la dissociation du foncier et du b\u00e2ti sur une longue dur\u00e9e. Cela permet \u00e0 certains m\u00e9nages de constituer un patrimoine immobilier \u00e0 un prix moindre dans des quartiers o\u00f9 le foncier est co\u00fbteux\u00a0\u00bb. 58\u00a0% des nouveaux r\u00e9sidents sont originaires de La Turballe.<\/p>\n<p>Le groupe CISN, construit d\u2019autres logements proches du centre. Trois\u00a0logements restent \u00e0 vendre \u00e0 la r\u00e9sidence Grand Voile\u00a0: deux\u00a0T2 et un T4.<\/p>\n<p>\u00a0<\/p>\n","protected":false},"excerpt":{"rendered":"Mercredi 23\u00a0juillet, le maire, Didier Cadro, en pr\u00e9sence d\u2019\u00e9lus, des principaux acteurs de la r\u00e9alisation de cet ensemble&hellip;\n","protected":false},"author":2,"featured_media":291546,"comment_status":"","ping_status":"","sticky":false,"template":"","format":"standard","meta":{"footnotes":""},"categories":[2818],"tags":[1111,11,1777,674,1011,27,2515,16478,766,12,2636,25,11293,43085,10887],"class_list":{"0":"post-291545","1":"post","2":"type-post","3":"status-publish","4":"format-standard","5":"has-post-thumbnail","7":"category-nantes","8":"tag-actu","9":"tag-actualites","10":"tag-eu","11":"tag-europe","12":"tag-fr","13":"tag-france","14":"tag-grand","15":"tag-inauguree","16":"tag-nantes","17":"tag-news","18":"tag-pays-de-la-loire","19":"tag-republique-francaise","20":"tag-residence","21":"tag-turballe","22":"tag-voile"},"share_on_mastodon":{"url":"https:\/\/pubeurope.com\/@fr\/114959682374201292","error":""},"_links":{"self":[{"href":"https:\/\/www.europesays.com\/fr\/wp-json\/wp\/v2\/posts\/291545","targetHints":{"allow":["GET"]}}],"collection":[{"href":"https:\/\/www.europesays.com\/fr\/wp-json\/wp\/v2\/posts"}],"about":[{"href":"https:\/\/www.europesays.com\/fr\/wp-json\/wp\/v2\/types\/post"}],"author":[{"embeddable":true,"href":"https:\/\/www.europesays.com\/fr\/wp-json\/wp\/v2\/users\/2"}],"replies":[{"embeddable":true,"href":"https:\/\/www.europesays.com\/fr\/wp-json\/wp\/v2\/comments?post=291545"}],"version-history":[{"count":0,"href":"https:\/\/www.europesays.com\/fr\/wp-json\/wp\/v2\/posts\/291545\/revisions"}],"wp:featuredmedia":[{"embeddable":true,"href":"https:\/\/www.europesays.com\/fr\/wp-json\/wp\/v2\/media\/291546"}],"wp:attachment":[{"href":"https:\/\/www.europesays.com\/fr\/wp-json\/wp\/v2\/media?parent=291545"}],"wp:term":[{"taxonomy":"category","embeddable":true,"href":"https:\/\/www.europesays.com\/fr\/wp-json\/wp\/v2\/categories?post=291545"},{"taxonomy":"post_tag","embeddable":true,"href":"https:\/\/www.europesays.com\/fr\/wp-json\/wp\/v2\/tags?post=291545"}],"curies":[{"name":"wp","href":"https:\/\/api.w.org\/{rel}","templated":true}]}}