{"id":29156,"date":"2025-04-16T11:52:36","date_gmt":"2025-04-16T11:52:36","guid":{"rendered":"https:\/\/www.europesays.com\/fr\/29156\/"},"modified":"2025-04-16T11:52:36","modified_gmt":"2025-04-16T11:52:36","slug":"il-devait-livrer-des-cigarettes-pres-de-rennes-le-conducteur-agresse-sa-cargaison-cambriolee-2","status":"publish","type":"post","link":"https:\/\/www.europesays.com\/fr\/29156\/","title":{"rendered":"Il devait livrer des cigarettes pr\u00e8s de Rennes\u00a0: le conducteur agress\u00e9, sa cargaison cambriol\u00e9e"},"content":{"rendered":"<tr wp_automatic_readability=\"6.8695652173913\">\n<td valign=\"middle\" align=\"center\" class=\"col-logo\" wp_automatic_readability=\"5\">\n    <img decoding=\"async\" src=\"https:\/\/www.europesays.com\/fr\/wp-content\/uploads\/2025\/04\/logo-of-monetise.svg\" alt=\"logo Ouest-France\" height=\"66\"\/><\/p>\n<p>Contenu r\u00e9serv\u00e9 aux abonn\u00e9s<\/p>\n<\/td>\n<td class=\"col-titre\">\n\t\t\tSamedi 12 avril 2025 12:47<br \/>\n\t\t\t<a class=\"icon-bulle sizeL count\" href=\"#ancreAvis\"><br \/>\n\t&#8230;<br \/>\n<\/a><\/td>\n<\/tr>\n<p>\t\t<a class=\"mavillebox2 elmt-photo\" href=\"https:\/\/maville.com\/photosmvi\/2025\/04\/12\/P35166732D6762540G.jpg\" title=\" Une livraison a mal tourn\u00e9 vendredi 11\u00a0avril 2025, t\u00f4t dans la matin\u00e9e, dans la commune du Rheu, \u00e0 l\u2019ouest de Rennes (Ille-et-Vilaine). Des cartouches de cigarettes ont \u00e9t\u00e9 vol\u00e9es.  \u00a9  Vincent MICHEL \/ Ouest-France  &lt;!--TAG-BLC credit--&gt;\" rel=\"galerie_actu noopener\" target=\"_blank\"><br \/>\n\t<img decoding=\"async\" src=\"https:\/\/www.europesays.com\/fr\/wp-content\/uploads\/2025\/04\/P35166732D6762540G_crop_640-330_.jpg\" alt=\"photo  une livraison a mal tourn\u00e9 vendredi 11\u00a0avril 2025, t\u00f4t dans la matin\u00e9e, dans la commune du rheu, \u00e0 l\u2019ouest de rennes (ille-et-vilaine). des cartouches de cigarettes ont \u00e9t\u00e9 vol\u00e9es.  \u00a9  vincent michel \/ ouest-france \"\/><br \/>\n\t1<br \/>\n<\/a><\/p>\n<p class=\"elmt-legende\"> Une livraison a mal tourn\u00e9 vendredi 11\u00a0avril 2025, t\u00f4t dans la matin\u00e9e, dans la commune du Rheu, \u00e0 l\u2019ouest de Rennes (Ille-et-Vilaine). Des cartouches de cigarettes ont \u00e9t\u00e9 vol\u00e9es.  \u00a9  Vincent MICHEL \/ Ouest-France  <\/p>\n<p>\t\tINFO OUEST-FRANCE. Une livraison a mal tourn\u00e9 vendredi 11\u00a0avril 2025 t\u00f4t dans la matin\u00e9e, dans la commune du Rheu, \u00e0 l\u2019ouest de Rennes (Ille-et-Vilaine). Des cartouches de cigarettes ont \u00e9t\u00e9 vol\u00e9es, et \u00e7a ne serait pas une premi\u00e8re. Une enqu\u00eate est en cours.<\/p>\n<p><b>Cet article est r\u00e9serv\u00e9 aux abonn\u00e9s<\/b><\/p>\n<p>Pour un acc\u00e8s imm\u00e9diat, abonnez-vous<\/p>\n<p><b>1\u00e8re semaine offerte<\/b><\/p>\n<p>\t\t Julia TOUSSAINT. \u00a0\u00a0<br \/>\n\t\tOuest-France<\/p>\n<p>Retrouvez d&rsquo;autres actus sur les communes de :<\/p>\n<p>\t\t&#13;<\/p>\n","protected":false},"excerpt":{"rendered":"Contenu r\u00e9serv\u00e9 aux abonn\u00e9s Samedi 12 avril 2025 12:47 &#8230; 1 Une livraison a mal tourn\u00e9 vendredi 11\u00a0avril&hellip;\n","protected":false},"author":2,"featured_media":21561,"comment_status":"","ping_status":"","sticky":false,"template":"","format":"standard","meta":{"footnotes":""},"categories":[2821],"tags":[1111,11,8058,829,8060,8059,8056,8057,1777,674,1011,27,8055,12,3762,584,25,3728],"class_list":{"0":"post-29156","1":"post","2":"type-post","3":"status-publish","4":"format-standard","5":"has-post-thumbnail","7":"category-rennes","8":"tag-actu","9":"tag-actualites","10":"tag-agresse","11":"tag-bretagne","12":"tag-cambriolee","13":"tag-cargaison","14":"tag-cigarettes","15":"tag-conducteur","16":"tag-eu","17":"tag-europe","18":"tag-fr","19":"tag-france","20":"tag-livrer","21":"tag-news","22":"tag-pres","23":"tag-rennes","24":"tag-republique-francaise","25":"tag-saint-malo"},"share_on_mastodon":{"url":"https:\/\/pubeurope.com\/@fr\/114347504057650705","error":""},"_links":{"self":[{"href":"https:\/\/www.europesays.com\/fr\/wp-json\/wp\/v2\/posts\/29156","targetHints":{"allow":["GET"]}}],"collection":[{"href":"https:\/\/www.europesays.com\/fr\/wp-json\/wp\/v2\/posts"}],"about":[{"href":"https:\/\/www.europesays.com\/fr\/wp-json\/wp\/v2\/types\/post"}],"author":[{"embeddable":true,"href":"https:\/\/www.europesays.com\/fr\/wp-json\/wp\/v2\/users\/2"}],"replies":[{"embeddable":true,"href":"https:\/\/www.europesays.com\/fr\/wp-json\/wp\/v2\/comments?post=29156"}],"version-history":[{"count":0,"href":"https:\/\/www.europesays.com\/fr\/wp-json\/wp\/v2\/posts\/29156\/revisions"}],"wp:featuredmedia":[{"embeddable":true,"href":"https:\/\/www.europesays.com\/fr\/wp-json\/wp\/v2\/media\/21561"}],"wp:attachment":[{"href":"https:\/\/www.europesays.com\/fr\/wp-json\/wp\/v2\/media?parent=29156"}],"wp:term":[{"taxonomy":"category","embeddable":true,"href":"https:\/\/www.europesays.com\/fr\/wp-json\/wp\/v2\/categories?post=29156"},{"taxonomy":"post_tag","embeddable":true,"href":"https:\/\/www.europesays.com\/fr\/wp-json\/wp\/v2\/tags?post=29156"}],"curies":[{"name":"wp","href":"https:\/\/api.w.org\/{rel}","templated":true}]}}