{"id":291562,"date":"2025-08-02T14:47:15","date_gmt":"2025-08-02T14:47:15","guid":{"rendered":"https:\/\/www.europesays.com\/fr\/291562\/"},"modified":"2025-08-02T14:47:15","modified_gmt":"2025-08-02T14:47:15","slug":"le-conseil-detat-a-tranche-les-remparts-sont-bien-dissous","status":"publish","type":"post","link":"https:\/\/www.europesays.com\/fr\/291562\/","title":{"rendered":"le Conseil d\u2019Etat a tranch\u00e9, les Remparts sont bien dissous"},"content":{"rendered":"<p>Le 2\u00a0juillet, le Conseil d\u2019\u00c9tat a confirm\u00e9 la dissolution des Remparts, de la Traboule et de Top Sports Rh\u00f4ne. <a href=\"https:\/\/www.conseil-etat.fr\/fr\/arianeweb\/CE\/decision\/2025-07-31\/497252\" target=\"_blank\" rel=\"noopener\">Dans sa d\u00e9cision publi\u00e9e le 31\u00a0juillet<\/a>, il indique qu\u2019il rejette la requ\u00eate en annulation formul\u00e9e par le mouvement lyonnais d\u2019ultra-droite, leur bar associatif situ\u00e9 \u00e0 Saint-Jean \u00e0 Lyon 5e\u00a0 et la salle de sport attenante.<\/p>\n<p>Les 27\u00a0ao\u00fbt 2024 et 23\u00a0juin 2025, les repr\u00e9sentants des Remparts avaient demand\u00e9 au secr\u00e9tariat du contentieux du Conseil d\u2019\u00c9tat, d\u2019annuler pour exc\u00e8s de pouvoir <a href=\"https:\/\/www.leprogres.fr\/societe\/2024\/05\/02\/ultra-droite-la-procedure-de-dissolution-des-remparts-enclenchee\" target=\"_blank\" rel=\"noopener\"> le d\u00e9cret du 26\u00a0juin 2024 portant dissolution de leur groupement<\/a>.<\/p>\n<p>Pour leur d\u00e9fense, ils avaient argu\u00e9 que\u00a0l\u2019association \u00ab\u00a0La Traboule\u00a0\u00bb, cr\u00e9\u00e9e en juillet\u00a02011, \u00ab\u00a0avait pour objet statutaire la d\u00e9fense et la promotion de la culture lyonnaise\u00a0et europ\u00e9enne\u00a0\u00bb que l\u2019association Top Sport Rh\u00f4ne, cr\u00e9\u00e9e en avril\u00a02013, avait pour objet l\u2019organisation de s\u00e9ances de sport et d\u2019exercice physique, g\u00e9rait et animait la salle de boxe\u00a0L\u2019Agog\u00e9\u00a0\u00bb. Enfin, le groupement les Remparts, cr\u00e9\u00e9 le 7\u00a0septembre 2021, \u00e9tait pr\u00e9sent\u00e9 comme un \u00ab\u00a0nouveau complexe communautaire, culturel et sportif\u00a0\u00bb.<\/p>\n<p>  Des \u00ab\u00a0discours d\u2019incitation \u00e0 la haine, \u00e0 la violence ou \u00e0 la discrimination\u00a0\u00bb<\/p>\n<p>Les sages du Conseil d\u2019\u00c9tat ont estim\u00e9 que \u00ab\u00a0les agissements r\u00e9p\u00e9t\u00e9s de ce groupement qui diffuse, par le biais de ses r\u00e9seaux sociaux, des messages radicaux propageant une id\u00e9ologie assimilant les personnes d\u2019origine extra-europ\u00e9enne \u00e0 des \u00ab\u00a0racailles\u00a0\u00bb, des criminels ou des terroristes, [\u2026] tendent \u00e0 justifier ou \u00e0 encourager la discrimination, la haine ou la violence envers les personnes d\u2019origine \u00e9trang\u00e8re.\u00a0\u00bb<\/p>\n<p>Concernant les associations la Traboule et Top Sport Rh\u00f4ne, ils ont jug\u00e9 qu\u2019elles \u00ab forment avec les Remparts, \u00ab un m\u00eame ensemble [\u2026] port\u00e9 par une id\u00e9ologie commune. [\u2026] Il ressort que les membres, militants et sympathisants de ces trois entit\u00e9s sont les m\u00eames et que ces associations contribuent \u00e0 promouvoir les discours d\u2019incitation \u00e0 la haine, \u00e0 la violence ou \u00e0 la discrimination \u00bb.<\/p>\n<p>Les dissolutions avaient \u00e9t\u00e9 annonc\u00e9es en conseil des ministres le 26 juin 2024.<\/p>\n","protected":false},"excerpt":{"rendered":"Le 2\u00a0juillet, le Conseil d\u2019\u00c9tat a confirm\u00e9 la dissolution des Remparts, de la Traboule et de Top Sports&hellip;\n","protected":false},"author":2,"featured_media":291563,"comment_status":"","ping_status":"","sticky":false,"template":"","format":"standard","meta":{"footnotes":""},"categories":[1889],"tags":[1111,11,2430,271,272,2757,1777,674,274,107,1011,27,2428,2756,12,25,2429],"class_list":{"0":"post-291562","1":"post","2":"type-post","3":"status-publish","4":"format-standard","5":"has-post-thumbnail","7":"category-lyon","8":"tag-actu","9":"tag-actualites","10":"tag-auvergne-rhone-alpes","11":"tag-crime","12":"tag-delit-et-contravention","13":"tag-edition-lyon-villeurbanne","14":"tag-eu","15":"tag-europe","16":"tag-faits-divers-justice","17":"tag-fil-info","18":"tag-fr","19":"tag-france","20":"tag-lyon","21":"tag-lyon-bassin","22":"tag-news","23":"tag-republique-francaise","24":"tag-rhone"},"share_on_mastodon":{"url":"https:\/\/pubeurope.com\/@fr\/114959721665828380","error":""},"_links":{"self":[{"href":"https:\/\/www.europesays.com\/fr\/wp-json\/wp\/v2\/posts\/291562","targetHints":{"allow":["GET"]}}],"collection":[{"href":"https:\/\/www.europesays.com\/fr\/wp-json\/wp\/v2\/posts"}],"about":[{"href":"https:\/\/www.europesays.com\/fr\/wp-json\/wp\/v2\/types\/post"}],"author":[{"embeddable":true,"href":"https:\/\/www.europesays.com\/fr\/wp-json\/wp\/v2\/users\/2"}],"replies":[{"embeddable":true,"href":"https:\/\/www.europesays.com\/fr\/wp-json\/wp\/v2\/comments?post=291562"}],"version-history":[{"count":0,"href":"https:\/\/www.europesays.com\/fr\/wp-json\/wp\/v2\/posts\/291562\/revisions"}],"wp:featuredmedia":[{"embeddable":true,"href":"https:\/\/www.europesays.com\/fr\/wp-json\/wp\/v2\/media\/291563"}],"wp:attachment":[{"href":"https:\/\/www.europesays.com\/fr\/wp-json\/wp\/v2\/media?parent=291562"}],"wp:term":[{"taxonomy":"category","embeddable":true,"href":"https:\/\/www.europesays.com\/fr\/wp-json\/wp\/v2\/categories?post=291562"},{"taxonomy":"post_tag","embeddable":true,"href":"https:\/\/www.europesays.com\/fr\/wp-json\/wp\/v2\/tags?post=291562"}],"curies":[{"name":"wp","href":"https:\/\/api.w.org\/{rel}","templated":true}]}}