{"id":291566,"date":"2025-08-02T14:52:15","date_gmt":"2025-08-02T14:52:15","guid":{"rendered":"https:\/\/www.europesays.com\/fr\/291566\/"},"modified":"2025-08-02T14:52:15","modified_gmt":"2025-08-02T14:52:15","slug":"la-francaise-evita-muzic-dans-lechappee-deux-minutes-davance-sur-le-peloton-dans-le-col-de-la-madeleine-suivez-la-8e-etape","status":"publish","type":"post","link":"https:\/\/www.europesays.com\/fr\/291566\/","title":{"rendered":"la Fran\u00e7aise Evita Muzic dans l&rsquo;\u00e9chapp\u00e9e, deux minutes d&rsquo;avance sur le peloton dans le col de la Madeleine&#8230; Suivez la 8e \u00e9tape"},"content":{"rendered":"<p class=\"c-chapo \">\n  L&rsquo;\u00e9tape reine de l&rsquo;\u00e9dition 2025 se d\u00e9roule entre Chamb\u00e9ry et Saint-Fran\u00e7ois Longchamp, samedi.\n<\/p>\n<p>            lire plus tard<\/p>\n<p id=\"dialog__title\" class=\"dialog__title\">Pour sauvegarder cet article, connectez-vous ou cr\u00e9ez un compte franceinfo<\/p>\n<p class=\"dialog__description\">Sans paiement. Sans abonnement.<\/p>\n<p>        Fermer la fen\u00eatre d\u2019activation des notifications France Info<\/p>\n<p>            cr\u00e9er votre compte<\/p>\n<p>            se connecter<\/p>\n<p>        Fermer la fen\u00eatre de pr\u00e9sentation<\/p>\n<p>    <img loading=\"lazy\" decoding=\"async\" class=\"signature__image lazyload\" width=\"100\" height=\"100\" data- alt=\"\" src=\"https:\/\/www.europesays.com\/fr\/wp-content\/uploads\/2025\/05\/logosport1-65fdc209c3726464026706.png\"\/><\/p>\n<p>          France T\u00e9l\u00e9visions &#8211; R\u00e9daction Sport<\/p>\n<p>    Publi\u00e9 le 02\/08\/2025 14:27<\/p>\n<p>      Mis \u00e0 jour le 02\/08\/2025 16:46<\/p>\n<p>        Temps de lecture : 1min<\/p>\n<p>    <img decoding=\"async\"  alt=\"L'\u00e9chapp\u00e9e du jour de la 8e \u00e9tape du Tour de France femmes, avec la maillot \u00e0 pois la Suissesse Elise Chabbey (1re \u00e0 gauche), le 2 ao\u00fbt 2025. (JULIEN DE ROSA \/ AFP)\" width=\"432\" height=\"243\" src=\"https:\/\/www.europesays.com\/fr\/wp-content\/uploads\/2025\/08\/tdf-femmes-photo-live-688e0ff19eadc388834897.png\" fetchpriority=\"high\"\/><\/p>\n<p>      L&rsquo;\u00e9chapp\u00e9e du jour de la 8e \u00e9tape du Tour de France femmes, avec la maillot \u00e0 pois la Suissesse Elise Chabbey (1re \u00e0 gauche), le 2 ao\u00fbt 2025. (JULIEN DE ROSA \/ AFP)<\/p>\n<p>Place \u00e0 l&rsquo;\u00e9tape reine de l&rsquo;\u00e9dition. <a href=\"https:\/\/www.franceinfo.fr\/tour-de-france\/femmes\/la-francaise-maeva-squiban-double-la-mise-en-solitaire-et-remporte-la-7e-etape-du-tour-de-france-femmes-kim-le-court-sauve-son-maillot-jaune_7412041.html\" rel=\"nofollow noopener\" target=\"_blank\">Apr\u00e8s la deuxi\u00e8me victoire de Maeva Squiban lors de la 7e \u00e9tape<\/a>, les coureuses du peloton repartent sur les routes de Savoie pour la 8e \u00e9tape du Tour de France femmes, entre Chamb\u00e9ry et Saint-Fran\u00e7ois Longchamp, samedi 2 ao\u00fbt. Trois difficult\u00e9s sont au programme, dont le c\u00e9l\u00e8bre col de la Madeleine pour conclure une journ\u00e9e qui promet d&rsquo;\u00eatre difficile pour toutes. Au terme de ce trac\u00e9 \u00e9prouvant pour le peloton, c&rsquo;est une grimpeuse qui devrait lever les bras au sommet du premier col hors cat\u00e9gorie gravi cette ann\u00e9e.<\/p>\n<p>Vainqueure de l&rsquo;\u00e9tape reine de la pr\u00e9c\u00e9dente \u00e9dition, Katarzyna Niewiadoma (Canyon-SRAM) a l&rsquo;occasion de marquer un grand coup. Mais elle devra se m\u00e9fier de la Fran\u00e7aise Pauline Ferrand-Pr\u00e9vot (Visma-Lease a bike), actuelle 2e au classement g\u00e9n\u00e9ral<strong>, <\/strong>et s\u00e9rieuse pr\u00e9tendante au podium final. Demi Vollering (FDJ Suez), sa co\u00e9quipi\u00e8re Elise Chabbey (FDJ-Suez) et Pauliena Rooijakkers (Fenix-Deceuninck) voudront aussi jouer les premiers r\u00f4les. La victoire finale dans ce Tour peut se jouer ce samedi.<\/p>\n<p><strong>Suivez la 8e \u00e9tape en direct.<\/strong><\/p>\n<p class=\"related-tags__title\" role=\"heading\" aria-level=\"2\">les mots-cl\u00e9s associ\u00e9s \u00e0 cet article\n    <\/p>\n","protected":false},"excerpt":{"rendered":"L&rsquo;\u00e9tape reine de l&rsquo;\u00e9dition 2025 se d\u00e9roule entre Chamb\u00e9ry et Saint-Fran\u00e7ois Longchamp, samedi. lire plus tard Pour sauvegarder&hellip;\n","protected":false},"author":2,"featured_media":291567,"comment_status":"","ping_status":"","sticky":false,"template":"","format":"standard","meta":{"footnotes":""},"categories":[1888],"tags":[1111,1928,11,1927,1777,674,1011,27,12,1926,626,1925,25],"class_list":{"0":"post-291566","1":"post","2":"type-post","3":"status-publish","4":"format-standard","5":"has-post-thumbnail","7":"category-paris","8":"tag-actu","9":"tag-actu-paris","10":"tag-actualites","11":"tag-actualites-paris","12":"tag-eu","13":"tag-europe","14":"tag-fr","15":"tag-france","16":"tag-news","17":"tag-news-paris","18":"tag-paris","19":"tag-paris-news","20":"tag-republique-francaise"},"share_on_mastodon":{"url":"https:\/\/pubeurope.com\/@fr\/114959741444811683","error":""},"_links":{"self":[{"href":"https:\/\/www.europesays.com\/fr\/wp-json\/wp\/v2\/posts\/291566","targetHints":{"allow":["GET"]}}],"collection":[{"href":"https:\/\/www.europesays.com\/fr\/wp-json\/wp\/v2\/posts"}],"about":[{"href":"https:\/\/www.europesays.com\/fr\/wp-json\/wp\/v2\/types\/post"}],"author":[{"embeddable":true,"href":"https:\/\/www.europesays.com\/fr\/wp-json\/wp\/v2\/users\/2"}],"replies":[{"embeddable":true,"href":"https:\/\/www.europesays.com\/fr\/wp-json\/wp\/v2\/comments?post=291566"}],"version-history":[{"count":0,"href":"https:\/\/www.europesays.com\/fr\/wp-json\/wp\/v2\/posts\/291566\/revisions"}],"wp:featuredmedia":[{"embeddable":true,"href":"https:\/\/www.europesays.com\/fr\/wp-json\/wp\/v2\/media\/291567"}],"wp:attachment":[{"href":"https:\/\/www.europesays.com\/fr\/wp-json\/wp\/v2\/media?parent=291566"}],"wp:term":[{"taxonomy":"category","embeddable":true,"href":"https:\/\/www.europesays.com\/fr\/wp-json\/wp\/v2\/categories?post=291566"},{"taxonomy":"post_tag","embeddable":true,"href":"https:\/\/www.europesays.com\/fr\/wp-json\/wp\/v2\/tags?post=291566"}],"curies":[{"name":"wp","href":"https:\/\/api.w.org\/{rel}","templated":true}]}}