{"id":291568,"date":"2025-08-02T14:53:27","date_gmt":"2025-08-02T14:53:27","guid":{"rendered":"https:\/\/www.europesays.com\/fr\/291568\/"},"modified":"2025-08-02T14:53:27","modified_gmt":"2025-08-02T14:53:27","slug":"paris-recule-apres-la-hausse-des-droits-de-douane-et-du-chomage-aux-etats-unis","status":"publish","type":"post","link":"https:\/\/www.europesays.com\/fr\/291568\/","title":{"rendered":"Paris recule apr\u00e8s la hausse des droits de douane et du ch\u00f4mage aux Etats-Unis"},"content":{"rendered":"<p style=\"margin-top:5px\">Paris (awp\/afp) &#8211; La Bourse de Paris a fortement recul\u00e9 vendredi, sous le poids des hausses de droits de douane officialis\u00e9es par Donald Trump aux Etats-Unis et de signes de d\u00e9gradation du march\u00e9 de l&#8217;emploi dans la premi\u00e8re \u00e9conomie mondiale.<\/p>\n<p>Le CAC 40 a perdu 2,91% \u00e0 7.546,16 points, en recul de 225,81 points. Sur l&rsquo;ensemble de la semaine l&rsquo;indice vedette Parisien a recul\u00e9 de 3,68%.<\/p>\n<p>\u00ab\u00a0Les droits de douane et les chiffres moroses de l&#8217;emploi aux Etats-Unis p\u00e8sent sur le moral des investisseurs\u00a0\u00bb, a r\u00e9sum\u00e9 Kathleen Brooks, analyste pour XTB.<\/p>\n<p>Le pr\u00e9sident am\u00e9ricain Donald Trump a sign\u00e9 jeudi le d\u00e9cret fixant le montant des nouveaux droits de douane qui toucheront plusieurs dizaines de pays, allant de 10% \u00e0 41%, bousculant l&rsquo;ordre \u00e9conomique mondial.<\/p>\n<p>Les produits de l&rsquo;Union europ\u00e9enne (UE), du Japon et de Cor\u00e9e du Sud seront tax\u00e9s \u00e0 hauteur de 15%, ceux du Royaume-Uni \u00e0 10%. L&rsquo;Indon\u00e9sie est \u00e0 19%, le Vietnam et Ta\u00efwan subissent des surtaxes de 20%.<\/p>\n<p>Le Canada voit les droits de douane appliqu\u00e9s \u00e0 ses produits passer finalement de 25% \u00e0 35%, sauf s&rsquo;ils sont couverts par l&rsquo;accord de libre-\u00e9change entre les trois pays d&rsquo;Am\u00e9rique du Nord.<\/p>\n<p>Pour d&rsquo;autres pays, la douche est encore plus froide, comme la Suisse qui \u00e9cope d&rsquo;une surtaxe de 39%, encore davantage que ce qui avait \u00e9t\u00e9 mentionn\u00e9 en avril (31%).<\/p>\n<p>Ces annonces provoquent \u00ab\u00a0une inqui\u00e9tude croissante sur les march\u00e9s\u00a0\u00bb, d&rsquo;autant qu&rsquo;\u00e0 \u00ab\u00a0tout moment, Trump peut revenir dessus\u00a0\u00bb, explique \u00e0 l&rsquo;AFP Christopher Dembik, conseiller en investissement pour Pictet AM.<\/p>\n<p>A cela s&rsquo;est ajout\u00e9e, \u00e0 la mi-s\u00e9ance, la publication d&rsquo;un rapport sur l&#8217;emploi aux Etats-Unis, premi\u00e8re \u00e9conomie mondiale, qui a fait \u00e9tat d&rsquo;une d\u00e9gradation du march\u00e9 du travail dans le pays, faisant craindre un ralentissement \u00e9conomique.<\/p>\n<p>Le taux de ch\u00f4mage est en progression \u00e0 4,2% en juillet, contre 4,1% le mois pr\u00e9c\u00e9dent, selon des donn\u00e9es officielles publi\u00e9es vendredi. La premi\u00e8re \u00e9conomie mondiale a cr\u00e9\u00e9 73.000 emplois en juillet, moins qu&rsquo;attendu.<\/p>\n<p>Surtout, les cr\u00e9ations d&#8217;emplois pendant les mois de mai et de juin ont \u00e9t\u00e9 fortement r\u00e9vis\u00e9es \u00e0 la baisse. Les chiffres corrig\u00e9s (19.000 en mai et 14.000 en juin) s&rsquo;affichent ainsi au plus bas depuis la pand\u00e9mie de Covid-19.<\/p>\n<p>Cette publication \u00ab\u00a0contredit le discours sur la r\u00e9silience de l&rsquo;\u00e9conomie am\u00e9ricaine\u00a0\u00bb face \u00e0 la politique protectionniste de Donald Trump, rel\u00e8ve Kathleen Brooks.<\/p>\n<p>Enfin, les investisseurs Parisiens ont d\u00fb dig\u00e9rer plusieurs r\u00e9sultats d\u00e9cevants.<\/p>\n<p><b>Teleperformance d\u00e9gringole<\/b><\/p>\n<p>Le g\u00e9ant mondial des centres d&rsquo;appels Teleperformance a plong\u00e9 de 20,65% \u00e0 68,02 euros, au lendemain de la publication de ses r\u00e9sultats du premier semestre faisant \u00e9tat d&rsquo;une nette baisse de son b\u00e9n\u00e9fice.<\/p>\n<p><b>Axa \u00e0 la peine<\/b><\/p>\n<p>L&rsquo;assureur Axa a chut\u00e9 de 7,85% \u00e0 39,33 euros, apr\u00e8s la publication d&rsquo;un b\u00e9n\u00e9fice net en repli de 2% sur le premier semestre.<\/p>\n<p><b>Profits en baisse pour Saint-Gobain<\/b><\/p>\n<p>Le g\u00e9ant fran\u00e7ais des mat\u00e9riaux de construction Saint-Gobain (-9,29% \u00e0 90,98 euros) a annonc\u00e9 jeudi une baisse de 1,9% de son b\u00e9n\u00e9fice net au premier semestre, li\u00e9e \u00e0 une hausse des imp\u00f4ts sur les r\u00e9sultats.<\/p>\n<p><b>Engie sans \u00e9nergie<\/b><\/p>\n<p>L&rsquo;action du groupe d&rsquo;\u00e9nergie Engie a c\u00e9d\u00e9 2,45% \u00e0 19,15 euros. Sur le premier semestre 2025, l&rsquo;entreprise a d\u00e9gag\u00e9 un b\u00e9n\u00e9fice net r\u00e9current en repli de 19% \u00e0 3,1 milliards d&rsquo;euros.<\/p>\n<p><b>fcz\/jul\/as<\/b><\/p>\n","protected":false},"excerpt":{"rendered":"Paris (awp\/afp) &#8211; La Bourse de Paris a fortement recul\u00e9 vendredi, sous le poids des hausses de droits&hellip;\n","protected":false},"author":2,"featured_media":291569,"comment_status":"","ping_status":"","sticky":false,"template":"","format":"standard","meta":{"footnotes":""},"categories":[1888],"tags":[1111,1928,11,1927,340,1777,674,1011,27,12,1926,626,1925,25],"class_list":{"0":"post-291568","1":"post","2":"type-post","3":"status-publish","4":"format-standard","5":"has-post-thumbnail","7":"category-paris","8":"tag-actu","9":"tag-actu-paris","10":"tag-actualites","11":"tag-actualites-paris","12":"tag-bourse","13":"tag-eu","14":"tag-europe","15":"tag-fr","16":"tag-france","17":"tag-news","18":"tag-news-paris","19":"tag-paris","20":"tag-paris-news","21":"tag-republique-francaise"},"share_on_mastodon":{"url":"https:\/\/pubeurope.com\/@fr\/114959745258519216","error":""},"_links":{"self":[{"href":"https:\/\/www.europesays.com\/fr\/wp-json\/wp\/v2\/posts\/291568","targetHints":{"allow":["GET"]}}],"collection":[{"href":"https:\/\/www.europesays.com\/fr\/wp-json\/wp\/v2\/posts"}],"about":[{"href":"https:\/\/www.europesays.com\/fr\/wp-json\/wp\/v2\/types\/post"}],"author":[{"embeddable":true,"href":"https:\/\/www.europesays.com\/fr\/wp-json\/wp\/v2\/users\/2"}],"replies":[{"embeddable":true,"href":"https:\/\/www.europesays.com\/fr\/wp-json\/wp\/v2\/comments?post=291568"}],"version-history":[{"count":0,"href":"https:\/\/www.europesays.com\/fr\/wp-json\/wp\/v2\/posts\/291568\/revisions"}],"wp:featuredmedia":[{"embeddable":true,"href":"https:\/\/www.europesays.com\/fr\/wp-json\/wp\/v2\/media\/291569"}],"wp:attachment":[{"href":"https:\/\/www.europesays.com\/fr\/wp-json\/wp\/v2\/media?parent=291568"}],"wp:term":[{"taxonomy":"category","embeddable":true,"href":"https:\/\/www.europesays.com\/fr\/wp-json\/wp\/v2\/categories?post=291568"},{"taxonomy":"post_tag","embeddable":true,"href":"https:\/\/www.europesays.com\/fr\/wp-json\/wp\/v2\/tags?post=291568"}],"curies":[{"name":"wp","href":"https:\/\/api.w.org\/{rel}","templated":true}]}}