{"id":291570,"date":"2025-08-02T14:54:12","date_gmt":"2025-08-02T14:54:12","guid":{"rendered":"https:\/\/www.europesays.com\/fr\/291570\/"},"modified":"2025-08-02T14:54:12","modified_gmt":"2025-08-02T14:54:12","slug":"degradations-volontaires-ou-manque-dentretien-a-saint-ouen-loeuvre-dart-dherve-di-rosa-finit-en-poubelle","status":"publish","type":"post","link":"https:\/\/www.europesays.com\/fr\/291570\/","title":{"rendered":"D\u00e9gradations volontaires ou manque d\u2019entretien\u00a0? \u00c0 Saint-Ouen, l\u2019\u0153uvre d\u2019art d\u2019Herv\u00e9 Di\u00a0Rosa finit en poubelle"},"content":{"rendered":"<p class=\"paragraph text_align_left lp-f-body-02\">Nich\u00e9s dans la rue Rosa-Parks,\u00e0 <a href=\"https:\/\/www.leparisien.fr\/seine-saint-denis-93\/saint-ouen-93400\/\" target=\"_self\" rel=\"nofollow noopener\">Saint-Ouen<\/a>, les \u00ab Gardiens du Noun \u00bb d\u2019<a href=\"https:\/\/www.leparisien.fr\/culture-loisirs\/exposition-au-centre-pompidou-herve-di-rosa-la-dolce-vita-28-02-2024-ODOP24UE6FFRTHSZO4N7WWVKGY.php\" target=\"_self\" rel=\"nofollow noopener\">Herv\u00e9 Di Rosa<\/a> font partie du quotidien des habitants de Saint-Ouen depuis 2009. \u0152uvre inaugurale du dispositif \u00ab L\u2019Art dans la ville \u00bb, ces totems de bronze et de laiton c\u00e9l\u00e8brent l\u2019art traditionnel des forgerons camerounais auxquels l\u2019artiste contemporain fran\u00e7ais a confi\u00e9 leur r\u00e9alisation. Cet ensemble fait aujourd\u2019hui peine \u00e0 voir. Une des statues est bris\u00e9e. Certains y d\u00e9posent m\u00eame des d\u00e9chets.<\/p>\n<p class=\"paragraph text_align_left lp-f-body-02\">\u00ab C\u2019est dommage, \u00e7a ramenait un peu d\u2019art dans la rue \u00bb, confie une habitante du quartier. En arrivant dans le quartier il y a trois ans de cela, les \u00ab Gardiens du Noun \u00bb ont \u00e9t\u00e9 \u00ab son point de rep\u00e8re \u00bb.<\/p>\n","protected":false},"excerpt":{"rendered":"Nich\u00e9s dans la rue Rosa-Parks,\u00e0 Saint-Ouen, les \u00ab Gardiens du Noun \u00bb d\u2019Herv\u00e9 Di Rosa font partie du&hellip;\n","protected":false},"author":2,"featured_media":291571,"comment_status":"","ping_status":"","sticky":false,"template":"","format":"standard","meta":{"footnotes":""},"categories":[1888],"tags":[11,872,1777,674,1011,27,1944,12,626,25,43086,1945],"class_list":{"0":"post-291570","1":"post","2":"type-post","3":"status-publish","4":"format-standard","5":"has-post-thumbnail","7":"category-paris","8":"tag-actualites","9":"tag-culture-et-loisirs","10":"tag-eu","11":"tag-europe","12":"tag-fr","13":"tag-france","14":"tag-ma-ville","15":"tag-news","16":"tag-paris","17":"tag-republique-francaise","18":"tag-saint-ouen-93400","19":"tag-seine-saint-denis"},"share_on_mastodon":{"url":"https:\/\/pubeurope.com\/@fr\/114959749356126569","error":""},"_links":{"self":[{"href":"https:\/\/www.europesays.com\/fr\/wp-json\/wp\/v2\/posts\/291570","targetHints":{"allow":["GET"]}}],"collection":[{"href":"https:\/\/www.europesays.com\/fr\/wp-json\/wp\/v2\/posts"}],"about":[{"href":"https:\/\/www.europesays.com\/fr\/wp-json\/wp\/v2\/types\/post"}],"author":[{"embeddable":true,"href":"https:\/\/www.europesays.com\/fr\/wp-json\/wp\/v2\/users\/2"}],"replies":[{"embeddable":true,"href":"https:\/\/www.europesays.com\/fr\/wp-json\/wp\/v2\/comments?post=291570"}],"version-history":[{"count":0,"href":"https:\/\/www.europesays.com\/fr\/wp-json\/wp\/v2\/posts\/291570\/revisions"}],"wp:featuredmedia":[{"embeddable":true,"href":"https:\/\/www.europesays.com\/fr\/wp-json\/wp\/v2\/media\/291571"}],"wp:attachment":[{"href":"https:\/\/www.europesays.com\/fr\/wp-json\/wp\/v2\/media?parent=291570"}],"wp:term":[{"taxonomy":"category","embeddable":true,"href":"https:\/\/www.europesays.com\/fr\/wp-json\/wp\/v2\/categories?post=291570"},{"taxonomy":"post_tag","embeddable":true,"href":"https:\/\/www.europesays.com\/fr\/wp-json\/wp\/v2\/tags?post=291570"}],"curies":[{"name":"wp","href":"https:\/\/api.w.org\/{rel}","templated":true}]}}