{"id":291574,"date":"2025-08-02T14:56:10","date_gmt":"2025-08-02T14:56:10","guid":{"rendered":"https:\/\/www.europesays.com\/fr\/291574\/"},"modified":"2025-08-02T14:56:10","modified_gmt":"2025-08-02T14:56:10","slug":"ladministration-russe-affirme-avoir-maitrise-un-incendie-qui-setait-declenche-pres-de-la-centrale-de-zaporijia-apres-un-bombardement","status":"publish","type":"post","link":"https:\/\/www.europesays.com\/fr\/291574\/","title":{"rendered":"l\u2019administration russe affirme avoir ma\u00eetris\u00e9 un incendie qui s\u2019\u00e9tait d\u00e9clench\u00e9 pr\u00e8s de la centrale de Zaporijia apr\u00e8s un bombardement"},"content":{"rendered":"<p>   L\u2019arm\u00e9e russe a acc\u00e9l\u00e9r\u00e9 sa progression en Ukraine pour le quatri\u00e8me mois cons\u00e9cutif, d\u2019apr\u00e8s l\u2019ISW             <\/p>\n<p class=\"post__live-container--answer-text post__space-node\">L\u2019arm\u00e9e russe a acc\u00e9l\u00e9r\u00e9 sa progression en Ukraine pour le quatri\u00e8me mois d\u2019affil\u00e9e, r\u00e9alisant en juillet ses plus larges avanc\u00e9es depuis novembre, selon l\u2019analyse par l\u2019Agence France-Presse <a href=\"https:\/\/www.understandingwar.org\/backgrounder\/russian-offensive-campaign-assessment-july-31-2025\" target=\"_blank\" rel=\"noopener nofollow\" title=\"Nouvelle fen\u00eatre\">des donn\u00e9es fournies par l\u2019Institute for the Study of War<\/a> (ISW).<\/p>\n<p class=\"post__live-container--answer-text post__space-node\">En un mois, les forces de Moscou ont pris 713\u00a0km2 de territoire ukrainien, contre 79\u00a0km2 r\u00e9cup\u00e9r\u00e9s par Kiev, soit une progression nette de 634\u00a0km2. Ce dernier chiffre d\u00e9passe les 588\u00a0km2 gagn\u00e9s en juin, 507\u00a0km2 en mai, 379\u00a0km2 en avril et 240\u00a0km2 en mars, apr\u00e8s un ralentissement durant l\u2019hiver. Ces avanc\u00e9es incluent les territoires totalement ou partiellement contr\u00f4l\u00e9s par la Russie, ainsi que ceux qu\u2019elle revendique.<\/p>\n<p class=\"post__live-container--answer-text post__space-node\">En dehors des premiers mois de la guerre en\u00a02022, quand la ligne de front \u00e9tait bien plus mobile qu\u2019actuellement, seul le mois de novembre\u00a02024 (725\u00a0km2) avait connu des avanc\u00e9es russes plus vastes que celles du mois \u00e9coul\u00e9.<\/p>\n<p class=\"post__live-container--answer-text post__space-node\">Pr\u00e8s des trois quarts de la progression russe de juillet se concentrent dans la r\u00e9gion de Donetsk (Est), principal th\u00e9\u00e2tre des affrontements entre Russes et Ukrainiens depuis deux ans.<\/p>\n<p class=\"post__live-container--answer-text post__space-node\">C\u2019est l\u00e0 que se trouve Tchassiv Yar, <a href=\"https:\/\/www.lemonde.fr\/international\/live\/2025\/08\/01\/en-direct-guerre-en-ukraine-les-attaques-de-drones-russes-ont-atteint-un-nombre-record-en-juillet_6624528_3210.html?#id-2502838\" rel=\"nofollow noopener\" target=\"_blank\">dont Moscou a revendiqu\u00e9 la prise jeudi \u2013 une affirmation aussit\u00f4t d\u00e9mentie par Kiev<\/a>. Voisine de Bakhmout, tomb\u00e9e en mai\u00a02023, cette ville constitue un surplomb strat\u00e9gique sur Kramatorsk et Sloviansk, qui abritent d\u2019importantes bases logistiques de l\u2019arm\u00e9e ukrainienne.<\/p>\n<p class=\"post__live-container--answer-text post__space-node\">L\u2019arm\u00e9e russe contr\u00f4le au moins partiellement, ou revendique, 78\u00a0% de la r\u00e9gion de Donestk \u00e0 fin juillet, contre 62\u00a0% un an plus t\u00f4t. Quelque 31\u00a0% de cette r\u00e9gion \u00e9taient d\u00e9j\u00e0 sous le contr\u00f4le de s\u00e9paratistes prorusses avant le d\u00e9but de l\u2019invasion \u00e0 grande \u00e9chelle en f\u00e9vrier\u00a02022.<\/p>\n<p class=\"post__live-container--answer-text post__space-node\">Mais l\u2019arm\u00e9e russe a \u00e9galement enregistr\u00e9 en juillet des avanc\u00e9es dans d\u2019autres r\u00e9gions ukrainiennes, avec un gain net d\u2019environ 170\u00a0km2.<\/p>\n<p class=\"post__live-container--answer-text post__space-node\">Dans la r\u00e9gion de Kharkiv (Nord-Est), les forces de Moscou ont pris pr\u00e8s de 120\u00a0km2, franchissant pour la premi\u00e8re fois le seuil de 5\u00a0% de territoire contr\u00f4l\u00e9, ou revendiqu\u00e9, dans cette zone. La r\u00e9gion de Zaporijia (Est) a aussi \u00e9t\u00e9 vis\u00e9e, avec 42\u00a0km2 d\u2019avanc\u00e9es.<\/p>\n<p class=\"post__live-container--answer-text post__space-node\">Les troupes russes ont par ailleurs affirm\u00e9 avoir progress\u00e9 dans la r\u00e9gion de Dnipropetrovsk (Centre-Est). Elles y ont r\u00e9cemment annonc\u00e9 la prise de deux villages, expliquant les gains territoriaux \u00e0 22\u00a0km2 depuis le lancement de cette offensive le 8\u00a0juin, selon l\u2019analyse par l\u2019AFP, qui comptabilise les territoires revendiqu\u00e9s. Kiev nie la pr\u00e9sence russe dans cette zone.<\/p>\n<p class=\"post__live-container--answer-text post__space-node\">La seule r\u00e9gion o\u00f9 l\u2019arm\u00e9e russe a recul\u00e9 est celle de Soumy (Nord). Moscou y a conc\u00e9d\u00e9 quelque 11\u00a0km2 en juillet, apr\u00e8s avoir pris plus de 130\u00a0km2 en juin.<\/p>\n","protected":false},"excerpt":{"rendered":"L\u2019arm\u00e9e russe a acc\u00e9l\u00e9r\u00e9 sa progression en Ukraine pour le quatri\u00e8me mois cons\u00e9cutif, d\u2019apr\u00e8s l\u2019ISW L\u2019arm\u00e9e russe a&hellip;\n","protected":false},"author":2,"featured_media":291575,"comment_status":"","ping_status":"","sticky":false,"template":"","format":"standard","meta":{"footnotes":""},"categories":[1591],"tags":[11,1887,12,1885,1886,132],"class_list":{"0":"post-291574","1":"post","2":"type-post","3":"status-publish","4":"format-standard","5":"has-post-thumbnail","7":"category-russie","8":"tag-actualites","9":"tag-federation-de-russie","10":"tag-news","11":"tag-russia","12":"tag-russian-federation","13":"tag-russie"},"share_on_mastodon":{"url":"https:\/\/pubeurope.com\/@fr\/114959757006136495","error":""},"_links":{"self":[{"href":"https:\/\/www.europesays.com\/fr\/wp-json\/wp\/v2\/posts\/291574","targetHints":{"allow":["GET"]}}],"collection":[{"href":"https:\/\/www.europesays.com\/fr\/wp-json\/wp\/v2\/posts"}],"about":[{"href":"https:\/\/www.europesays.com\/fr\/wp-json\/wp\/v2\/types\/post"}],"author":[{"embeddable":true,"href":"https:\/\/www.europesays.com\/fr\/wp-json\/wp\/v2\/users\/2"}],"replies":[{"embeddable":true,"href":"https:\/\/www.europesays.com\/fr\/wp-json\/wp\/v2\/comments?post=291574"}],"version-history":[{"count":0,"href":"https:\/\/www.europesays.com\/fr\/wp-json\/wp\/v2\/posts\/291574\/revisions"}],"wp:featuredmedia":[{"embeddable":true,"href":"https:\/\/www.europesays.com\/fr\/wp-json\/wp\/v2\/media\/291575"}],"wp:attachment":[{"href":"https:\/\/www.europesays.com\/fr\/wp-json\/wp\/v2\/media?parent=291574"}],"wp:term":[{"taxonomy":"category","embeddable":true,"href":"https:\/\/www.europesays.com\/fr\/wp-json\/wp\/v2\/categories?post=291574"},{"taxonomy":"post_tag","embeddable":true,"href":"https:\/\/www.europesays.com\/fr\/wp-json\/wp\/v2\/tags?post=291574"}],"curies":[{"name":"wp","href":"https:\/\/api.w.org\/{rel}","templated":true}]}}