{"id":291578,"date":"2025-08-02T14:58:11","date_gmt":"2025-08-02T14:58:11","guid":{"rendered":"https:\/\/www.europesays.com\/fr\/291578\/"},"modified":"2025-08-02T14:58:11","modified_gmt":"2025-08-02T14:58:11","slug":"athletisme-championnat-des-usa-2025-le-direct-melissa-jefferson-wooden-signe-un-chrono-fabuleux-sur-100m-sports-infos-ski","status":"publish","type":"post","link":"https:\/\/www.europesays.com\/fr\/291578\/","title":{"rendered":"Athl\u00e9tisme &#8211; Championnat des USA 2025 &#8211; Le direct : Melissa Jefferson Wooden signe un chrono fabuleux sur 100m &#8211; Sports Infos &#8211; Ski"},"content":{"rendered":"<p>Du 31 juillet au 3 ao\u00fbt 2025, les Championnats des USA d\u2019Athl\u00e9tisme (USATF Outdoor &amp; Para National Championships) se tiendront \u00e0 Hayward Field, Eugene, Oregon, surnomm\u00e9 \u00ab TrackTown USA \u00bb.<\/p>\n<p>Cet \u00e9v\u00e9nement, s\u00e9lectif pour les Mondiaux de Tokyo (13-21 septembre), r\u00e9unira les meilleurs athl\u00e8tes am\u00e9ricains, dont Noah Lyles, Sha\u2019Carri Richardson, Sydney McLaughlin-Levrone (qui courra le 400 m plat au lieu des haies) et Gabby Thomas.<\/p>\n<p>Les trois premiers de chaque \u00e9preuve (sous r\u00e9serve de minima ou de ranking) d\u00e9crocheront leur billet pour Tokyo.<\/p>\n<p>\u00a0<\/p>\n<p><strong>1ere journ\u00e9e (31\/07) : le r\u00e9sum\u00e9<\/strong><\/p>\n<p>Les \u00e9preuves combin\u00e9es ont marqu\u00e9 le coup d\u2019envoi, avec Anna Hall en t\u00eate de l\u2019heptathlon (4097 points) gr\u00e2ce \u00e0 un record personnel au lancer du poids (15,02 m), suivie de Taliyah Brooks (3898 points).<\/p>\n<p>C\u00f4t\u00e9 d\u00e9cathlon, Kyle Garland domine avec 4714 points, boost\u00e9 par des records personnels au 100 m et au lancer du poids.<\/p>\n<p>En longue distance, Nico Young (29:02.12), Grant Fisher et Graham Blanks se qualifient pour les Mondiaux dans le 10 000 m hommes, tandis qu\u2019Emily Infeld (31:43.56) m\u00e8ne le 10 000 m femmes.<\/p>\n<p>Tara Davis-Woodhall s\u2019impose au saut en longueur (7,12 m, meilleure marque mondiale 2025) et Rudy Winkler au marteau (81,47 m)<\/p>\n<p>\u00a0<\/p>\n<p><strong>2e\u00a0journ\u00e9e (01\/08) : le r\u00e9sum\u00e9<\/strong><\/p>\n<p>Melissa Jefferson-Wooden a remport\u00e9 le 100 m femmes en 10\u2019\u201965, devant Kayla White (10\u2019\u201984) et Aleia Hobbs (10\u2019\u201992), d\u00e9crochant une place pour les Mondiaux de Tokyo.<\/p>\n<p>Chez les hommes, Kenny Bednarek a domin\u00e9 le 100 m en 9\u2019\u201979 (record personnel), suivi de Courtney Lindsey (9\u2019\u201982) et T\u2019Mars McCallum (9\u2019\u201983), tous qualifi\u00e9s pour Tokyo.<\/p>\n<p>Tara Davis-Woodhall a brill\u00e9 au saut en longueur femmes avec un bond \u00e0 7,12 m, meilleure marque mondiale de l\u2019ann\u00e9e, devant Claire Bryant (6,97 m) et Quanesha Burks (6,90 m).<\/p>\n<p>Au lancer de marteau hommes, Rudy Winkler s\u2019est impos\u00e9 avec un jet \u00e0 81,47 m. Anna Hall a domin\u00e9 l\u2019heptathlon, remportant plusieurs \u00e9preuves, tandis qu\u2019Emily Infeld a surpris en s\u2019adjugeant le 10 000 m femmes (31\u201943\u2019\u201956).<\/p>\n<p>Dans le 400 m, Sydney McLaughlin-Levrone a impressionn\u00e9 en demi-finale avec un chrono de 49\u2019\u201959, meilleure performance mondiale.\u00a0<\/p>\n<blockquote class=\"twitter-tweet\"><p>&#13;<\/p>\n<p dir=\"ltr\" lang=\"en\">ON ANOTHER LEVEL! \ud83d\udd25<\/p>\n<p>Melissa Jefferson-Wooden&rsquo;s 10.65 to win the 100m national title ties her for fifth-fastest in WORLD HISTORY! \ud83d\ude24<a href=\"https:\/\/t.co\/ZsiCC2XE3v\">pic.twitter.com\/ZsiCC2XE3v<\/a><\/p>\n<p>&#13;<br \/>\n\u2014 Travis Miller (@travismillerx13) <a href=\"https:\/\/twitter.com\/travismillerx13\/status\/1951474306623443226?ref_src=twsrc%5Etfw\" target=\"_blank\" rel=\"noopener\">August 2, 2025<\/a><\/p><\/blockquote>\n<p>\u00a0<\/p>\n<p><b>\u00e0 suivre<\/b><\/p>\n<p><img decoding=\"async\" alt=\"mc laughlin.jpg\" responsive=\"\" src=\"https:\/\/www.europesays.com\/fr\/wp-content\/uploads\/2025\/08\/mc+laughlin.jpg\" style=\"max-width: 100%; height: auto;\"\/><\/p>\n<p><strong>Le saviez-vous ?<\/strong><br \/>&#13;<br \/>\nLes athl\u00e8tes champions du monde en titre poss\u00e8dent un billet assur\u00e9s pour les \u00e9preuves de Tokyo<\/p>\n<p><script async src=\"https:\/\/platform.twitter.com\/widgets.js\" charset=\"utf-8\"><\/script><\/p>\n","protected":false},"excerpt":{"rendered":"Du 31 juillet au 3 ao\u00fbt 2025, les Championnats des USA d\u2019Athl\u00e9tisme (USATF Outdoor &amp; Para National Championships)&hellip;\n","protected":false},"author":2,"featured_media":291579,"comment_status":"","ping_status":"","sticky":false,"template":"","format":"standard","meta":{"footnotes":""},"categories":[1589],"tags":[11,2863,3477,3985,73,1866,43091,43090,43087,820,12,8975,1980,8974,9620,3387,43088,1864,1865,1863,308,43089,2955],"class_list":{"0":"post-291578","1":"post","2":"type-post","3":"status-publish","4":"format-standard","5":"has-post-thumbnail","7":"category-etats-unis","8":"tag-actualites","9":"tag-aout","10":"tag-cette","11":"tag-depart","12":"tag-etats-unis","13":"tag-etats-unis-damerique","14":"tag-eugene","15":"tag-juilletau","16":"tag-listes","17":"tag-live","18":"tag-news","19":"tag-page","20":"tag-resultats","21":"tag-retrouvez","22":"tag-suivi","23":"tag-tous","24":"tag-trials","25":"tag-united-states","26":"tag-united-states-of-america","27":"tag-us","28":"tag-usa","29":"tag-usprevus","30":"tag-videos"},"share_on_mastodon":{"url":"https:\/\/pubeurope.com\/@fr\/114959764947711381","error":""},"_links":{"self":[{"href":"https:\/\/www.europesays.com\/fr\/wp-json\/wp\/v2\/posts\/291578","targetHints":{"allow":["GET"]}}],"collection":[{"href":"https:\/\/www.europesays.com\/fr\/wp-json\/wp\/v2\/posts"}],"about":[{"href":"https:\/\/www.europesays.com\/fr\/wp-json\/wp\/v2\/types\/post"}],"author":[{"embeddable":true,"href":"https:\/\/www.europesays.com\/fr\/wp-json\/wp\/v2\/users\/2"}],"replies":[{"embeddable":true,"href":"https:\/\/www.europesays.com\/fr\/wp-json\/wp\/v2\/comments?post=291578"}],"version-history":[{"count":0,"href":"https:\/\/www.europesays.com\/fr\/wp-json\/wp\/v2\/posts\/291578\/revisions"}],"wp:featuredmedia":[{"embeddable":true,"href":"https:\/\/www.europesays.com\/fr\/wp-json\/wp\/v2\/media\/291579"}],"wp:attachment":[{"href":"https:\/\/www.europesays.com\/fr\/wp-json\/wp\/v2\/media?parent=291578"}],"wp:term":[{"taxonomy":"category","embeddable":true,"href":"https:\/\/www.europesays.com\/fr\/wp-json\/wp\/v2\/categories?post=291578"},{"taxonomy":"post_tag","embeddable":true,"href":"https:\/\/www.europesays.com\/fr\/wp-json\/wp\/v2\/tags?post=291578"}],"curies":[{"name":"wp","href":"https:\/\/api.w.org\/{rel}","templated":true}]}}