{"id":291582,"date":"2025-08-02T15:00:39","date_gmt":"2025-08-02T15:00:39","guid":{"rendered":"https:\/\/www.europesays.com\/fr\/291582\/"},"modified":"2025-08-02T15:00:39","modified_gmt":"2025-08-02T15:00:39","slug":"les-diables-noirs-dominent-lallemagne-prennent-la-3eme-place-de-leur-groupe-et-affronteront-la-suisse","status":"publish","type":"post","link":"https:\/\/www.europesays.com\/fr\/291582\/","title":{"rendered":"Les Diables noirs dominent l&rsquo;Allemagne, prennent la 3\u00e8me place de leur groupe et affronteront la Suisse"},"content":{"rendered":"<p>Les Diables Noirs ont\u00a0domin\u00e9 l&rsquo;Allemagne dimanche \u00e0 Kassel pour prendre la 3e place de son groupe B du Rugby Europe Championship (REC), le deuxi\u00e8me niveau europ\u00e9en qualificatif pour la Coupe du monde 2027.<\/p>\n<p>Gr\u00e2ce \u00e0 cinq essais , les Diables Noirs de Laurent Dossat ont domin\u00e9 les Allemands 19 \u00e0 39 apr\u00e8s avoir \u00e9t\u00e9 battus 14-31 par la Roumanie et 40-30 au Portugal. Les Belges peuvent ainsi disputer les demi-finales des matches de classement pour les places 5 \u00e0 8 face au 4e du groupe A, la Suisse.<\/p>\n<p>La 5e place sera synonyme aussi d&rsquo;un ticket pour un tournoi de rep\u00eachage pour la Coupe du monde. La Belgique affrontera la Suisse \u00e0 domicile \u00e0 Waterloo dans deux semaines.\u00a0Les huit \u00e9quipes participantes au Rugby Europe Championship\u00a0ont en effet \u00e9t\u00e9 r\u00e9parties en deux groupes de quatre.\u00a0Les deux premiers de chaque groupe passent en demi-finales (le Portugal et la Roumanie dans le groupe des Belges)\u00a0et d\u00e9crochent en prime leur ticket pour la Coupe du monde.\u00a0 Les deux derniers s&rsquo;affronteront pour les places 5 \u00e0 8, \u00e9galement sous la forme de demi-finales (les 1er et 2 mars) et finale (14, 15 ou 16 mars).\u00a0 Le cinqui\u00e8me class\u00e9 jouera un tournoi qualificatif pour la Coupe du monde en novembre 2025.<\/p>\n","protected":false},"excerpt":{"rendered":"Les Diables Noirs ont\u00a0domin\u00e9 l&rsquo;Allemagne dimanche \u00e0 Kassel pour prendre la 3e place de son groupe B du&hellip;\n","protected":false},"author":2,"featured_media":291583,"comment_status":"","ping_status":"","sticky":false,"template":"","format":"standard","meta":{"footnotes":""},"categories":[1587],"tags":[11,672,1804,1805,1803,1777,674,1801,12,1802],"class_list":{"0":"post-291582","1":"post","2":"type-post","3":"status-publish","4":"format-standard","5":"has-post-thumbnail","7":"category-allemagne","8":"tag-actualites","9":"tag-allemagne","10":"tag-bundesrepublik-deutschland","11":"tag-de","12":"tag-deutschland","13":"tag-eu","14":"tag-europe","15":"tag-germany","16":"tag-news","17":"tag-republique-federale-dallemagne"},"share_on_mastodon":{"url":"https:\/\/pubeurope.com\/@fr\/114959772764867734","error":""},"_links":{"self":[{"href":"https:\/\/www.europesays.com\/fr\/wp-json\/wp\/v2\/posts\/291582","targetHints":{"allow":["GET"]}}],"collection":[{"href":"https:\/\/www.europesays.com\/fr\/wp-json\/wp\/v2\/posts"}],"about":[{"href":"https:\/\/www.europesays.com\/fr\/wp-json\/wp\/v2\/types\/post"}],"author":[{"embeddable":true,"href":"https:\/\/www.europesays.com\/fr\/wp-json\/wp\/v2\/users\/2"}],"replies":[{"embeddable":true,"href":"https:\/\/www.europesays.com\/fr\/wp-json\/wp\/v2\/comments?post=291582"}],"version-history":[{"count":0,"href":"https:\/\/www.europesays.com\/fr\/wp-json\/wp\/v2\/posts\/291582\/revisions"}],"wp:featuredmedia":[{"embeddable":true,"href":"https:\/\/www.europesays.com\/fr\/wp-json\/wp\/v2\/media\/291583"}],"wp:attachment":[{"href":"https:\/\/www.europesays.com\/fr\/wp-json\/wp\/v2\/media?parent=291582"}],"wp:term":[{"taxonomy":"category","embeddable":true,"href":"https:\/\/www.europesays.com\/fr\/wp-json\/wp\/v2\/categories?post=291582"},{"taxonomy":"post_tag","embeddable":true,"href":"https:\/\/www.europesays.com\/fr\/wp-json\/wp\/v2\/tags?post=291582"}],"curies":[{"name":"wp","href":"https:\/\/api.w.org\/{rel}","templated":true}]}}