{"id":291585,"date":"2025-08-02T15:02:10","date_gmt":"2025-08-02T15:02:10","guid":{"rendered":"https:\/\/www.europesays.com\/fr\/291585\/"},"modified":"2025-08-02T15:02:10","modified_gmt":"2025-08-02T15:02:10","slug":"on-veut-comprendre-pourquoi-on-na-pas-eu-de-pompiers-les-sinistres-de-lincendie-de-lestaque-portent-plainte-contre-x","status":"publish","type":"post","link":"https:\/\/www.europesays.com\/fr\/291585\/","title":{"rendered":"\u00ab\u00a0On veut comprendre pourquoi on n&rsquo;a pas eu de pompiers\u00a0\u00bb, les sinistr\u00e9s de l&rsquo;incendie de l&rsquo;Estaque portent plainte contre X"},"content":{"rendered":"<p class=\"article__intro\">Plus de trois semaines apr\u00e8s l&rsquo;incendie qui a ravag\u00e9 plus de 700 hectares entre les Pennes-Mirabeau et Marseille, les habitants sinistr\u00e9s sont toujours en attente de r\u00e9ponses. Ils ont d\u00e9cid\u00e9 de porter plainte contre X.<\/p>\n<p>\n      L\u2019actu des r\u00e9gions\n    <\/p>\n<p>\n      Chaque jour, un tour d\u2019horizon des principales infos de toutes les r\u00e9gions.\n    <\/p>\n<p>    France T\u00e9l\u00e9visions utilise votre adresse e-mail afin de vous envoyer la newsletter \u00ab\u00a0L\u2019actu des r\u00e9gions\u00a0\u00bb. Vous pouvez vous d\u00e9sinscrire \u00e0 tout moment via le lien en bas de cette newsletter. <a target=\"_blank\" href=\"https:\/\/www.francetelevisions.fr\/groupe\/confidentialite\/politique-de-confidentialite\/politique-de-confidentialite-de-france-televisions-6503\" rel=\"nofollow noopener\">Notre politique de confidentialit\u00e9<\/a><\/p>\n<p>Le paysage calcin\u00e9 entoure la maison de Maryse Sinitzki. Sa propri\u00e9t\u00e9 a \u00e9t\u00e9 partiellement touch\u00e9e par les flammes lors de<a href=\"https:\/\/france3-regions.franceinfo.fr\/provence-alpes-cote-d-azur\/bouches-du-rhone\/marseille\/le-risque-d-incendie-au-plus-haut-voici-les-precautions-a-prendre-pour-eviter-les-feux-de-foret-3186999.html\" target=\"_blank\" rel=\"noopener nofollow\"> l&rsquo;incendie du 8 juillet, <\/a>qui a ravag\u00e9 plus de 700 hectares \u00e0<a href=\"https:\/\/france3-regions.franceinfo.fr\/provence-alpes-cote-d-azur\/bouches-du-rhone\/marseille\/temoignages-maman-veut-que-j-arrose-mais-il-n-y-a-plus-rien-apres-l-incendie-de-marseille-la-realisatrice-princia-car-revient-dans-sa-maison-d-enfance-3187404.html\" target=\"_blank\" rel=\"noopener nofollow\"> l&rsquo;Estaque, dans le 16<\/a>e<a href=\"https:\/\/france3-regions.franceinfo.fr\/provence-alpes-cote-d-azur\/bouches-du-rhone\/marseille\/temoignages-maman-veut-que-j-arrose-mais-il-n-y-a-plus-rien-apres-l-incendie-de-marseille-la-realisatrice-princia-car-revient-dans-sa-maison-d-enfance-3187404.html\" target=\"_blank\" rel=\"noopener nofollow\"> arrondissement de Marseille<\/a>.\u00a0<\/p>\n<p>Son mari est rest\u00e9 combattre le feu et a prot\u00e9g\u00e9 leur maison. \u00ab\u00a0Les pompiers sont arriv\u00e9s un peu tard, le feu avait d\u00e9j\u00e0 tout d\u00e9truit, si des personnes n&rsquo;\u00e9taient pas rest\u00e9es comme mon mari pour arroser la maison et \u00e9viter que \u00e7a br\u00fble, je pense qu&rsquo;on aurait tout perdu\u00a0\u00bb.\u00a0\u00ab\u00a0Qui est responsable l\u00e0-dedans, on ne sait pas&#8230;\u00a0\u00bb, ajoute-t-elle encore tr\u00e8s \u00e9mue.<\/p>\n<p>Au total, 91 logements ont \u00e9t\u00e9 touch\u00e9s, dont 50 totalement d\u00e9truites. Les habitants sinistr\u00e9s vont porter plainte contre X pour savoir ce qu&rsquo;il s&rsquo;est pass\u00e9 ce jour-l\u00e0 et d\u00e9terminer les responsabilit\u00e9s.\u00a0<\/p>\n<p>Les <a href=\"https:\/\/france3-regions.franceinfo.fr\/provence-alpes-cote-d-azur\/bouches-du-rhone\/marseille\/avec-des-bassines-des-seaux-des-tuyaux-les-habitants-de-la-castellane-se-sont-mobilises-pour-sauver-leur-cite-face-au-feu-3185436.html\" target=\"_blank\" rel=\"noopener nofollow\">habitants sinistr\u00e9s <\/a>de l&rsquo;Estaque se sont regroup\u00e9s au sein d&rsquo;un collectif, qui a demand\u00e9 les rapports d&rsquo;intervention des secours. \u00ab\u00a0C&rsquo;est pour savoir quels ordres ont \u00e9t\u00e9 donn\u00e9s ? \u00e0 quelle heure ? pourquoi ? quand sont partis les Canadair ? quand sont parties telles colonnes \u00e0 tel endroit ? Quand sont arriv\u00e9s les renforts des d\u00e9partements ext\u00e9rieurs ? o\u00f9 est-ce qu&rsquo;ils sont all\u00e9s ?\u00a0\u00bb, liste Emmanuel Franc, lui aussi sinistr\u00e9 et membre du collectif de l&rsquo;incendie du 8 juillet.<\/p>\n<p>Le feu a br\u00fbl\u00e9 son garage et le van qui s&rsquo;y trouvait, la v\u00e9randa et jusqu&rsquo;\u00e0 la toiture au-dessus, il a circul\u00e9 tout le long de la goutti\u00e8re, et br\u00fbl\u00e9 tous les chevrons ext\u00e9rieurs le long de la maison. Par chance, la partie habitable n&rsquo;a pas \u00e9t\u00e9 impact\u00e9e par les flammes, mais les r\u00e9seaux d&rsquo;eau, gaz et \u00e9lectricit\u00e9 sont d\u00e9truits. La maison n&rsquo;est plus habitable pour huit ou dix mois, selon lui. Les secours ne sont pas intervenus chez lui. \u00ab\u00a0Le feu s&rsquo;est \u00e9teint de lui-m\u00eame, c&rsquo;est un miracle, dit-il, on veut comprendre pourquoi on n&rsquo;a pas eu de pompiers\u00a0\u00bb.\u00a0<\/p>\n<p>\u00ab\u00a0On a tous conscience qu&rsquo;il y a eu un probl\u00e8me, une centaine de maisons touch\u00e9es c&rsquo;est du jamais vu en France, ou il y en a peut-\u00eatre eu un, on est en train de faire des revues de presse pour savoir s&rsquo;il y a d\u00e9j\u00e0 eu des incendies aussi importants d\u00e9truisant autant de maisons, pour l&rsquo;instant, on n&rsquo;en a pas trouv\u00e9. C&rsquo;est ph\u00e9nom\u00e9nal.\u00a0\u00bb\u00a0\u00a0<\/p>\n<blockquote class=\"ftvi_content_quote\">\n<p class=\"ftvi_citation_quote\">Il y a eu un \u00e9norme manquement, on ne sait pas \u00e0 quel niveau, avec le collectif, c&rsquo;est ce qu&rsquo;on va, essayer de chercher.<\/p>\n<p> Emmanuel Franc, sinistr\u00e9 membre du collectif de l&rsquo;incendie du 8 juillet<\/p>\n<p class=\"ftvi_citation_source\">France 3 Provence-Alpes<\/p>\n<\/blockquote>\n<p>Ce n&rsquo;est pas la premi\u00e8re fois que le feu menace ces maisons. \u00ab\u00a0Sur les feux pr\u00e9c\u00e9dents, en 2001, 2003, 2015&#8230; il y a toujours eu les pompiers qui sont venus en pr\u00e9vention, pour savoir o\u00f9 \u00e9tait le feu, on savait qu&rsquo;on \u00e9tait entour\u00e9s, l\u00e0, on a vu personne\u00a0\u00bb, note-t-il.<\/p>\n<p>Le 8 juillet, le feu est parti de l&#8217;embrasement d&rsquo;une voiture sur l&rsquo;autoroute. Attis\u00e9 par le vent, les flammes ont rapidement ce quartier du nord de la ville. Les habitants avaient fui dans la pr\u00e9cipitation. Dominique Russo vient \u00e0 peine de regagner son logement. \u00ab\u00a0Ce jour-l\u00e0, c&rsquo;\u00e9tait vraiment l&rsquo;apocalypse, se souvient-il, \u00e7a prenait de tous les c\u00f4t\u00e9s, on ne peut pas en vouloir aux pompiers, avec les moyens qu&rsquo;ils ont, je pense que ce jour-l\u00e0, ils ont d\u00fb faire tout ce qu&rsquo;ils ont pu, en plus il y avait des rafales de vent, c&rsquo;\u00e9tait vraiment tr\u00e8s compliqu\u00e9\u00a0\u00bb.\u00a0<\/p>\n<p>Article r\u00e9dig\u00e9 avec la collaboration d&rsquo;Elodie P\u00e9pin, journaliste \u00e0 France 3 Provence-Alpes<\/p>\n","protected":false},"excerpt":{"rendered":"Plus de trois semaines apr\u00e8s l&rsquo;incendie qui a ravag\u00e9 plus de 700 hectares entre les Pennes-Mirabeau et Marseille,&hellip;\n","protected":false},"author":2,"featured_media":291586,"comment_status":"","ping_status":"","sticky":false,"template":"","format":"standard","meta":{"footnotes":""},"categories":[1586],"tags":[11,1777,674,1779,1011,27,12,25,1778,364],"class_list":{"0":"post-291585","1":"post","2":"type-post","3":"status-publish","4":"format-standard","5":"has-post-thumbnail","7":"category-europe","8":"tag-actualites","9":"tag-eu","10":"tag-europe","11":"tag-european-union","12":"tag-fr","13":"tag-france","14":"tag-news","15":"tag-republique-francaise","16":"tag-ue","17":"tag-union-europeenne"},"share_on_mastodon":{"url":"https:\/\/pubeurope.com\/@fr\/114959780562881092","error":""},"_links":{"self":[{"href":"https:\/\/www.europesays.com\/fr\/wp-json\/wp\/v2\/posts\/291585","targetHints":{"allow":["GET"]}}],"collection":[{"href":"https:\/\/www.europesays.com\/fr\/wp-json\/wp\/v2\/posts"}],"about":[{"href":"https:\/\/www.europesays.com\/fr\/wp-json\/wp\/v2\/types\/post"}],"author":[{"embeddable":true,"href":"https:\/\/www.europesays.com\/fr\/wp-json\/wp\/v2\/users\/2"}],"replies":[{"embeddable":true,"href":"https:\/\/www.europesays.com\/fr\/wp-json\/wp\/v2\/comments?post=291585"}],"version-history":[{"count":0,"href":"https:\/\/www.europesays.com\/fr\/wp-json\/wp\/v2\/posts\/291585\/revisions"}],"wp:featuredmedia":[{"embeddable":true,"href":"https:\/\/www.europesays.com\/fr\/wp-json\/wp\/v2\/media\/291586"}],"wp:attachment":[{"href":"https:\/\/www.europesays.com\/fr\/wp-json\/wp\/v2\/media?parent=291585"}],"wp:term":[{"taxonomy":"category","embeddable":true,"href":"https:\/\/www.europesays.com\/fr\/wp-json\/wp\/v2\/categories?post=291585"},{"taxonomy":"post_tag","embeddable":true,"href":"https:\/\/www.europesays.com\/fr\/wp-json\/wp\/v2\/tags?post=291585"}],"curies":[{"name":"wp","href":"https:\/\/api.w.org\/{rel}","templated":true}]}}